{"id":24972,"date":"2026-03-07T22:42:34","date_gmt":"2026-03-07T21:42:34","guid":{"rendered":"https:\/\/monde25.info\/index.php\/2026\/03\/07\/biennale-de-venise-le-retour-de-la-russie-fait-polemique-chez-certain\/"},"modified":"2026-03-07T22:42:34","modified_gmt":"2026-03-07T21:42:34","slug":"biennale-de-venise-le-retour-de-la-russie-fait-polemique-chez-certain","status":"publish","type":"post","link":"https:\/\/monde25.info\/index.php\/2026\/03\/07\/biennale-de-venise-le-retour-de-la-russie-fait-polemique-chez-certain\/","title":{"rendered":"Biennale de Venise, le retour de la Russie fait pol\u00e9mique chez certain"},"content":{"rendered":"<p> <br \/>\n<\/p>\n<div>\n<p>La pol\u00e9mique prend de l&rsquo;ampleur vendredi apr\u00e8s la d\u00e9cision de la Biennale de Venise d&rsquo;autoriser la Russie \u00e0 participer \u00e0 sa prestigieuse exposition internationale d&rsquo;art contemporain pour la premi\u00e8re fois depuis le d\u00e9but de la guerre en Ukraine, en f\u00e9vrier 2022.<\/p>\n<p>Le minist\u00e8re italien de la Culture a pr\u00e9cis\u00e9 jeudi que \u00ab\u00a0la participation de la F\u00e9d\u00e9ration de Russie \u00e0 la 61<sup>e<\/sup> Exposition internationale d&rsquo;art de Venise a \u00e9t\u00e9 d\u00e9cid\u00e9e en toute ind\u00e9pendance par la Fondation de la Biennale, malgr\u00e9 l&rsquo;opposition du gouvernement italien.\u00a0\u00bb<\/p>\n<p>Le m\u00eame jour, le ministre lituanien des Affaires \u00e9trang\u00e8res Kestutis Budrys a qualifi\u00e9 d'\u00a0\u00bbabjecte\u00a0\u00bb la d\u00e9cision de la Biennale \u00ab\u00a0d&rsquo;accueillir en grande pompe la sombre diplomatie culturelle russe.\u00a0\u00bb<\/p>\n<p>Dans une lettre vendredi, un groupe de d\u00e9put\u00e9s europ\u00e9ens de tous bords a dit condamner \u00ab\u00a0avec la plus grande fermet\u00e9\u00a0\u00bb une d\u00e9cision qui \u00ab\u00a0risque de l\u00e9gitimer un r\u00e9gime responsable de violences persistantes et nuira in\u00e9vitablement \u00e0 la r\u00e9putation et \u00e0 l&rsquo;int\u00e9grit\u00e9 morale de la Biennale elle-m\u00eame\u00a0\u00bb.<\/p>\n<p>Cette derni\u00e8re avait interdit la participation de toute personne li\u00e9e au gouvernement russe en 2022, en signe de protestation contre l&rsquo;invasion de l&rsquo;Ukraine par Moscou. La Russie \u00e9tait \u00e9galement absente de l&rsquo;\u00e9dition suivante en 2024.<\/p>\n<p>\u00ab\u00a0La Biennale de Venise est une institution ouverte (&#8230;). Chaque pays reconnu par la R\u00e9publique italienne peut demander sa participation de mani\u00e8re ind\u00e9pendante\u00a0\u00bb, pr\u00e9cise sur son site l&rsquo;institution, en introduction \u00e0 la liste des 99 pays prenant part \u00e0 l&rsquo;\u00e9dition 2026, qui se tiendra du 9 mai au 22 novembre.<\/p>\n<p>Elle affirme par ailleurs s&rsquo;opposer \u00e0 \u00ab\u00a0toute forme d&rsquo;exclusion ou de censure de la culture et de l&rsquo;art\u00a0\u00bb.<\/p>\n<p>Pr\u00e8s de 40 artistes russes doivent participer \u00e0 l&rsquo;exposition \u00ab\u00a0The tree is rooted in the sky\u00a0\u00bb (\u00ab\u00a0L&rsquo;arbre est enracin\u00e9 dans le ciel\u00a0\u00bb, NDLR) qui sera accueillie au sein du pavillon russe, situ\u00e9 dans les jardins de la Biennale.<\/p>\n<p>Des artistes ukrainiens et bi\u00e9lorusses \u2013 un proche alli\u00e9 de Moscou qui a autoris\u00e9 l&rsquo;utilisation de son territoire lors de l&rsquo;invasion de l&rsquo;Ukraine \u2013 seront \u00e9galement pr\u00e9sents \u00e0 Venise, de m\u00eame que des artistes iraniens, isra\u00e9liens et am\u00e9ricains.<\/p>\n<p>\u00ab\u00a0La Biennale est un espace de coexistence pour la plan\u00e8te enti\u00e8re, avec ses g\u00e9ographies anciennes et nouvelles\u00a0\u00bb, s&rsquo;est d\u00e9fendu dans une interview au journal La Reppublica son pr\u00e9sident, Pietrangelo Buttafuoco.<\/p>\n<p>Ce dernier, consid\u00e9r\u00e9 comme proche de la Premi\u00e8re ministre italienne Giorgia Meloni, a pris ses fonctions en mars 2024.<\/p>\n<p>M. Buttafuoco a ajout\u00e9 avoir demand\u00e9 \u00e0 ses collaborateurs, pour cette premi\u00e8re \u00e9dition sous son \u00e9gide, d&rsquo;envoyer des invitations \u00ab\u00a0\u00e0 des personnalit\u00e9s issues de toutes les zones de guerre\u00a0\u00bb.<\/p>\n<\/div>\n<p><script>(function(d, s, id) {  var js, fjs = d.getElementsByTagName(s)[0];  if (d.getElementById(id)) return;  js = d.createElement(s); js.id = id;  js.src = \"\/\/connect.facebook.net\/fr_FR\/sdk.js#xfbml=1&version=v2.3\";  fjs.parentNode.insertBefore(js, fjs);}(document, \"script\", \"facebook-jssdk\"));<\/script><br \/>\n<br \/><br \/>\n<br \/><a href=\"https:\/\/www.francesoir.fr\/culture-art-expo\/biennale-de-venise-le-retour-de-la-russie-fait-polemique-chez-certain\" target=\"_blank\"\">Source link <\/a><\/p>\n","protected":false},"excerpt":{"rendered":"<p>La pol\u00e9mique prend de l&rsquo;ampleur vendredi apr\u00e8s la d\u00e9cision de la Biennale de Venise d&rsquo;autoriser la Russie \u00e0 participer \u00e0 sa prestigieuse exposition internationale d&rsquo;art contemporain pour la premi\u00e8re fois&hellip; <\/p>\n","protected":false},"author":1,"featured_media":24973,"comment_status":"open","ping_status":"open","sticky":false,"template":"","format":"standard","meta":{"footnotes":""},"categories":[1],"tags":[],"class_list":["post-24972","post","type-post","status-publish","format-standard","has-post-thumbnail","hentry","category-non-classe"],"_links":{"self":[{"href":"https:\/\/monde25.info\/index.php\/wp-json\/wp\/v2\/posts\/24972","targetHints":{"allow":["GET"]}}],"collection":[{"href":"https:\/\/monde25.info\/index.php\/wp-json\/wp\/v2\/posts"}],"about":[{"href":"https:\/\/monde25.info\/index.php\/wp-json\/wp\/v2\/types\/post"}],"author":[{"embeddable":true,"href":"https:\/\/monde25.info\/index.php\/wp-json\/wp\/v2\/users\/1"}],"replies":[{"embeddable":true,"href":"https:\/\/monde25.info\/index.php\/wp-json\/wp\/v2\/comments?post=24972"}],"version-history":[{"count":0,"href":"https:\/\/monde25.info\/index.php\/wp-json\/wp\/v2\/posts\/24972\/revisions"}],"wp:featuredmedia":[{"embeddable":true,"href":"https:\/\/monde25.info\/index.php\/wp-json\/wp\/v2\/media\/24973"}],"wp:attachment":[{"href":"https:\/\/monde25.info\/index.php\/wp-json\/wp\/v2\/media?parent=24972"}],"wp:term":[{"taxonomy":"category","embeddable":true,"href":"https:\/\/monde25.info\/index.php\/wp-json\/wp\/v2\/categories?post=24972"},{"taxonomy":"post_tag","embeddable":true,"href":"https:\/\/monde25.info\/index.php\/wp-json\/wp\/v2\/tags?post=24972"}],"curies":[{"name":"wp","href":"https:\/\/api.w.org\/{rel}","templated":true}]}}