{"id":2498,"date":"2025-02-13T02:23:40","date_gmt":"2025-02-13T01:23:40","guid":{"rendered":"https:\/\/monde25.info\/index.php\/2025\/02\/13\/la-chaleur-tuera-bientot-plus-que-le-froid\/"},"modified":"2025-02-13T02:23:40","modified_gmt":"2025-02-13T01:23:40","slug":"la-chaleur-tuera-bientot-plus-que-le-froid","status":"publish","type":"post","link":"https:\/\/monde25.info\/index.php\/2025\/02\/13\/la-chaleur-tuera-bientot-plus-que-le-froid\/","title":{"rendered":"la chaleur tuera bient\u00f4t plus que le froid"},"content":{"rendered":"<p> <br \/>\n<\/p>\n<div>\n<h4><b>D\u2019ici la fin du si\u00e8cle, la chaleur devrait tuer bien plus que le froid en Europe, selon <a target=\"_blank\" href=\"https:\/\/www.nature.com\/articles\/s41591-024-03452-2\">une nouvelle \u00e9tude britannique publi\u00e9e le lundi 27 janvier dans la revue <\/a><\/b><b><i>Nature Medicine<\/i><\/b><b>. En l\u2019absence de mesures d\u2019adaptation s\u00e9rieuses, l\u2019\u00e9l\u00e9vation des temp\u00e9ratures accentuera la vuln\u00e9rabilit\u00e9 des villes m\u00e9diterran\u00e9ennes et d\u2019Europe de l\u2019Est en particulier. Les scientifiques pr\u00e9voient des taux de mortalit\u00e9 saisissants, loin d\u2019\u00eatre compens\u00e9s par la diminution des d\u00e9c\u00e8s li\u00e9s aux vagues de froid hivernales \u00e0 travers le Vieux Continent.<\/b><\/h4>\n<p><span style=\"font-weight: 400;\"><strong>L\u2019\u00e9l\u00e9vation des temp\u00e9ratures pourrait entra\u00eener plus de 2,3 millions de morts suppl\u00e9mentaires dans 854 villes europ\u00e9ennes d\u2019ici 2099<\/strong>. Cependant, 70% de ces d\u00e9c\u00e8s pourraient \u00eatre \u00e9vit\u00e9s par la mise en \u0153uvre rapide de mesures d\u2019adaptation. <strong>La <\/strong><\/span><strong><a target=\"_blank\" href=\"https:\/\/www.nature.com\/articles\/s41591-024-03452-2\">nouvelle \u00e9tude<\/a> publi\u00e9e dans <\/strong><b><i><strong>Nature Medicine<\/strong> <\/i><\/b><span style=\"font-weight: 400;\">fournit pour la premi\u00e8re fois <strong>une \u00e9valuation compl\u00e8te de l\u2019effet net du changement climatique sur la mortalit\u00e9 li\u00e9e \u00e0 la temp\u00e9rature<\/strong>, dans plusieurs sc\u00e9narios de r\u00e9chauffement au-dessus des niveaux pr\u00e9industriels.<\/span><\/p>\n<h2><b>Effets de (d\u00e9s)\u00e9quilibres<\/b><\/h2>\n<p><span style=\"font-weight: 400;\">Si la chaleur et le froid sont des facteurs de risque sanitaire reconnus ayant un impact notable sur les taux de mortalit\u00e9 europ\u00e9ens, la balance a toutefois tendance \u00e0 pencher d\u2019un c\u00f4t\u00e9 : <strong>on d\u00e9compte environ dix d\u00e9c\u00e8s li\u00e9s au froid pour chaque d\u00e9c\u00e8s d\u00fb \u00e0 la chaleur<\/strong>.\u00a0<\/span><\/p>\n<figure id=\"attachment_712415\" aria-describedby=\"caption-attachment-712415\" style=\"width: 1024px\" class=\"wp-caption alignnone\"><img fetchpriority=\"high\" decoding=\"async\" class=\"wp-image-712415 size-medium\" src=\"https:\/\/mrmondialisation.org\/wp-content\/uploads\/2025\/01\/man-8060589-1280-1024x682.jpg\" alt=\"\" width=\"1024\" height=\"682\" srcset=\"https:\/\/mrmondialisation.org\/wp-content\/uploads\/2025\/01\/man-8060589-1280-1024x682.jpg 1024w, https:\/\/mrmondialisation.org\/wp-content\/uploads\/2025\/01\/man-8060589-1280-768x511.jpg 768w, https:\/\/mrmondialisation.org\/wp-content\/uploads\/2025\/01\/man-8060589-1280-696x463.jpg 696w, https:\/\/mrmondialisation.org\/wp-content\/uploads\/2025\/01\/man-8060589-1280-1068x711.jpg 1068w, https:\/\/mrmondialisation.org\/wp-content\/uploads\/2025\/01\/man-8060589-1280-631x420.jpg 631w, https:\/\/mrmondialisation.org\/wp-content\/uploads\/2025\/01\/man-8060589-1280.jpg 1280w\" sizes=\"(max-width: 1024px) 100vw, 1024px\"\/><figcaption id=\"caption-attachment-712415\" class=\"wp-caption-text\">Le stress d\u00fb \u00e0 la chaleur et au froid est un facteur de risque majeur pour la sant\u00e9, en particulier chez les personnes \u00e2g\u00e9es ou souffrant de probl\u00e8mes de sant\u00e9 pr\u00e9existants comme les maladies cardiovasculaires, le diab\u00e8te et l\u2019ob\u00e9sit\u00e9. \u2013 Cr\u00e9dits photo : Pixabay<\/figcaption><\/figure>\n<p><span style=\"font-weight: 400;\">En se basant sur ces chiffres, certaines \u00e9tudes ont sugg\u00e9r\u00e9 que la mortalit\u00e9 li\u00e9e \u00e0 la temp\u00e9rature en Europe pourrait globalement diminuer avec le changement climatique, et le r\u00e9chauffement du thermom\u00e8tre qui en d\u00e9coule. <a target=\"_blank\" href=\"https:\/\/mrmondialisation.org\/top-9-pire-arguments-climatosceptiques\/\"><strong>Un raisonnement repris avec empressement par de nombreux climatosceptiques<\/strong>, toujours en qu\u00eate d\u2019arguments en faveur de l\u2019inaction climatique.<\/a><\/span><\/p>\n<p><span style=\"font-weight: 400;\">C\u2019est en esp\u00e9rant amener des \u00e9l\u00e9ments constructifs et factuels au d\u00e9bat que l\u2019\u00e9quipe de recherche du <\/span><i><span style=\"font-weight: 400;\">London School of Hygiene and Tropical Medicine<\/span><\/i><span style=\"font-weight: 400;\"> s\u2019est mise au travail. <strong>Se basant sur de pr\u00e9c\u00e9dents travaux sur le lien entre la temp\u00e9rature et le taux de mortalit\u00e9 de diff\u00e9rentes tranches d\u2019\u00e2ge de la population de 854 villes d\u2019<\/strong><\/span><strong>Europe<\/strong><span style=\"font-weight: 400;\">, les chercheurs ont combin\u00e9 ces donn\u00e9es \u00e0 trois sc\u00e9narios climatiques.\u00a0<\/span><\/p>\n<h2><b>Quel futur pour l\u2019Europe ?\u00a0<\/b><\/h2>\n<p><span style=\"font-weight: 400;\"><strong>Class\u00e9s selon l\u2019importance des mesures d\u2019att\u00e9nuation et d\u2019adaptation mises en \u0153uvre dans les prochaines d\u00e9cennies<\/strong>, comme <a target=\"_blank\" href=\"https:\/\/mrmondialisation.org\/5-raisons-vegetaliser-cour-ecole\/\">la v\u00e9g\u00e9talisation des villes<\/a> ou la r\u00e9duction de la pollution, ces r\u00e9alit\u00e9s parall\u00e8les dessinent le futur probable de l\u2019Europe :\u00a0<\/span><\/p>\n<ul>\n<li style=\"font-weight: 400;\"><span style=\"font-weight: 400;\">Le premier sc\u00e9nario entrevoit <strong>une Europe plus \u00e9quitable engag\u00e9e dans la durabilit\u00e9 et <a target=\"_blank\" href=\"https:\/\/mrmondialisation.org\/villes-europe-interdiction-bateaux-croisiere-tourisme\/\">les modes de vie \u00e0 faible consommation<\/a><\/strong>, entra\u00eenant une action substantielle en faveur de l\u2019att\u00e9nuation et de l\u2019adaptation ;<\/span><\/li>\n<li style=\"font-weight: 400;\"><span style=\"font-weight: 400;\">Le deuxi\u00e8me sc\u00e9nario pr\u00e9sente <strong>une Europe dans laquelle <a target=\"_blank\" href=\"https:\/\/mrmondialisation.org\/rapport-la-pandemie-fait-exploser-des-inegalites-de-plus-en-plus-intolerables\/\">les in\u00e9galit\u00e9s actuelles se maintiennent<\/a><\/strong>, avec une privatisation accrue des ressources et des progr\u00e8s lents vers l\u2019att\u00e9nuation et l\u2019adaptation face au d\u00e9r\u00e8glement climatique ;\u00a0<\/span><\/li>\n<li style=\"font-weight: 400;\"><span style=\"font-weight: 400;\">Le <strong>pire sc\u00e9nario<\/strong> est celui d\u2019une Europe aux prises avec <em>\u00ab <\/em><\/span><i><span style=\"font-weight: 400;\">une instabilit\u00e9 croissante, des conflits r\u00e9gionaux et des in\u00e9galit\u00e9s entra\u00eenant peu ou pas d\u2019efforts vers l\u2019att\u00e9nuation et l\u2019adaptation <em>\u00bb<\/em><\/span><\/i><span style=\"font-weight: 400;\">.<\/span><\/li>\n<\/ul>\n<p><span style=\"font-weight: 400;\"><em>\u00ab <\/em><\/span><i><span style=\"font-weight: 400;\">Dans le sc\u00e9nario d\u2019att\u00e9nuation et d\u2019adaptation le plu<\/span><\/i><span style=\"font-weight: 400;\">s bas [le troisi\u00e8me, ndlr.], <\/span><i><span style=\"font-weight: 400;\"><strong>nous estimons que la charge nette de mortalit\u00e9 due au changement climatique augmenterait de 49,9 % <em>\u00bb<\/em><\/strong>, <\/span><\/i><span style=\"font-weight: 400;\">annonce Pierre Masselot, professeur assistant en \u00e9pid\u00e9miologie environnementale et statistique et premier auteur de l\u2019\u00e9tude, <strong>cumulant jusqu\u2019\u00e0 2 345 410 d\u00e9c\u00e8s li\u00e9s au changement climatique entre 2015 et 2099<\/strong>.\u00a0<\/span><\/p>\n<p><img loading=\"lazy\" decoding=\"async\" class=\"alignnone size-medium wp-image-712448\" src=\"https:\/\/mrmondialisation.org\/wp-content\/uploads\/2025\/01\/thermometer-4294021-1280-1024x596.jpg\" alt=\"\" width=\"1024\" height=\"596\" srcset=\"https:\/\/mrmondialisation.org\/wp-content\/uploads\/2025\/01\/thermometer-4294021-1280-1024x596.jpg 1024w, https:\/\/mrmondialisation.org\/wp-content\/uploads\/2025\/01\/thermometer-4294021-1280-768x447.jpg 768w, https:\/\/mrmondialisation.org\/wp-content\/uploads\/2025\/01\/thermometer-4294021-1280-696x405.jpg 696w, https:\/\/mrmondialisation.org\/wp-content\/uploads\/2025\/01\/thermometer-4294021-1280-1068x622.jpg 1068w, https:\/\/mrmondialisation.org\/wp-content\/uploads\/2025\/01\/thermometer-4294021-1280-722x420.jpg 722w, https:\/\/mrmondialisation.org\/wp-content\/uploads\/2025\/01\/thermometer-4294021-1280.jpg 1280w\" sizes=\"auto, (max-width: 1024px) 100vw, 1024px\"\/><\/p>\n<h2><b>Des diff\u00e9rences r\u00e9gionales marqu\u00e9es<\/b><\/h2>\n<p><span style=\"font-weight: 400;\">Malheureusement, <em>\u00ab <\/em><\/span><i><span style=\"font-weight: 400;\">cet effet net demeurerait positif m\u00eame dans le cadre de sc\u00e9narios d\u2019adaptation \u00e9lev\u00e9s, o\u00f9 une att\u00e9nuation du risque de 50 % est encore insuffisante pour inverser la tendance <em>\u00bb<\/em><\/span><\/i><span style=\"font-weight: 400;\">. <strong>Il faudrait atteindre une att\u00e9nuation de 90% du risque de mortalit\u00e9 li\u00e9e \u00e0 la chaleur pour obtenir une inversion compl\u00e8te de l\u2019effet net du changement climatique<\/strong>. Un sc\u00e9nario peu probable au vu des tendances actuelles.<\/span><\/p>\n<figure id=\"attachment_714886\" aria-describedby=\"caption-attachment-714886\" style=\"width: 754px\" class=\"wp-caption alignnone\"><img loading=\"lazy\" decoding=\"async\" class=\"size-medium wp-image-714886\" src=\"https:\/\/mrmondialisation.org\/wp-content\/uploads\/2025\/02\/capture-decran-2025-01-29-a-153106-754x1024.jpg\" alt=\"\" width=\"754\" height=\"1024\" srcset=\"https:\/\/mrmondialisation.org\/wp-content\/uploads\/2025\/02\/capture-decran-2025-01-29-a-153106-754x1024.jpg 754w, https:\/\/mrmondialisation.org\/wp-content\/uploads\/2025\/02\/capture-decran-2025-01-29-a-153106-1122x1524.jpg 1122w, https:\/\/mrmondialisation.org\/wp-content\/uploads\/2025\/02\/capture-decran-2025-01-29-a-153106-768x1043.jpg 768w, https:\/\/mrmondialisation.org\/wp-content\/uploads\/2025\/02\/capture-decran-2025-01-29-a-153106-1131x1536.jpg 1131w, https:\/\/mrmondialisation.org\/wp-content\/uploads\/2025\/02\/capture-decran-2025-01-29-a-153106-696x945.jpg 696w, https:\/\/mrmondialisation.org\/wp-content\/uploads\/2025\/02\/capture-decran-2025-01-29-a-153106-1068x1451.jpg 1068w, https:\/\/mrmondialisation.org\/wp-content\/uploads\/2025\/02\/capture-decran-2025-01-29-a-153106-309x420.jpg 309w, https:\/\/mrmondialisation.org\/wp-content\/uploads\/2025\/02\/capture-decran-2025-01-29-a-153106.jpg 1200w\" sizes=\"auto, (max-width: 754px) 100vw, 754px\"\/><figcaption id=\"caption-attachment-714886\" class=\"wp-caption-text\">Graphique issu de l\u2019\u00e9tude : Masselot, P., Mistry, M.N., Rao, S. et al. Estimating future heat-related and cold-related mortality under climate change, demographic and adaptation scenarios in 854 European cities. Nat Med (2025).<\/figcaption><\/figure>\n<p><span style=\"font-weight: 400;\">Outre ce constat global, les disparit\u00e9s g\u00e9ographiques s\u2019accentuent \u00e9galement \u00e0 mesure du r\u00e9chauffement climatique. <strong><a target=\"_blank\" href=\"https:\/\/mrmondialisation.org\/en-mediterranee-le-pire-naufrage-depuis-2016-interroge\/\">Les villes du pourtour m\u00e9diterran\u00e9en,<\/a> comme Marseille, Rome, Naples ou Barcelone, enregistrent des taux de mortalit\u00e9 particuli\u00e8rement importants<\/strong>, allant jusqu\u2019\u00e0 124 d\u00e9c\u00e8s annuels pour 100 000 habitants. <em>\u00ab <\/em><\/span><i><span style=\"font-weight: 400;\">Le pays le plus touch\u00e9 a \u00e9t\u00e9 la petite \u00eele de Malte, avec un effet net de <strong>268,6 d\u00e9c\u00e8s pour 100 000 personnes-ann\u00e9es en 2095 <em>\u00bb<\/em><\/strong><\/span><\/i><span style=\"font-weight: 400;\">, souligne l\u2019\u00e9tude.<\/span><\/p>\n<div class=\"td-a-rec td-a-rec-id-content_inline  tdi_1 td_block_template_1\">\n<span class=\"td-adspot-title\">&#8211; Pour une information libre ! &#8211;<\/span><a target=\"_blank\" href=\"https:\/\/fr.tipeee.com\/mr-mondialisation\" class=\"tipeee-project-small\">Soutenir Mr Japanization sur Tipeee<\/a>\n<\/div>\n<p><span style=\"font-weight: 400;\">En plus de la r\u00e9gion m\u00e9diterran\u00e9enne, <em>\u00ab <\/em><\/span><i><span style=\"font-weight: 400;\">nous avons observ\u00e9 <strong>des points chauds d\u2019augmentation nette des d\u00e9c\u00e8s li\u00e9s \u00e0 la temp\u00e9rature dans les pays d\u2019Europe de l\u2019Est comme la Roumanie et la Bulgarie<\/strong>, et en Europe centrale, notamment en Autriche et dans le sud de l\u2019Allemagne <em>\u00bb<\/em><\/span><\/i><span style=\"font-weight: 400;\">, d\u00e9taillent les auteurs du rapport.\u00a0<\/span><\/p>\n<p><span style=\"font-weight: 400;\"><strong>Seuls les pays situ\u00e9s plus au nord du continent, en particulier les pays baltes et l\u2019Irlande, voient th\u00e9oriquement la hausse des morts li\u00e9es \u00e0 la chaleur \u00eatre compens\u00e9e par la r\u00e9duction des morts li\u00e9es au froid<\/strong>. Des chiffres toutefois largement contrebalanc\u00e9s par les fortes augmentations de la mortalit\u00e9 observ\u00e9es dans le reste de l\u2019Europe. En outre, <em>\u00ab <\/em><\/span><i><span style=\"font-weight: 400;\">cette l\u00e9g\u00e8re r\u00e9duction de la mortalit\u00e9 li\u00e9e \u00e0 la temp\u00e9rature a n\u00e9anmoins montr\u00e9 un renversement vers la fin du si\u00e8cle dans des sc\u00e9narios de r\u00e9chauffement plus extr\u00eames <em>\u00bb<\/em><\/span><\/i><span style=\"font-weight: 400;\">, pr\u00e9viennent les chercheurs.\u00a0<\/span><\/p>\n<p><span style=\"font-weight: 400;\">Finalement, l\u2019\u00e9tude souligne qu\u2019\u00e0 moins que de fortes mesures d\u2019att\u00e9nuation et d\u2019adaptation ne soient mises en \u0153uvre, <strong>la plupart des villes europ\u00e9ennes devraient conna\u00eetre une augmentation de leur charge de mortalit\u00e9 li\u00e9e au changement climatique<\/strong>.\u00a0<\/span><\/p>\n<p><span style=\"font-weight: 400;\">Bien que strat\u00e9gique dans l\u2019exploration des futurs possibles en fonction des efforts d\u2019adaptation \u00e0 la chaleur, cette \u00e9tude <\/span><b><i><span style=\"font-weight: 400;\"><em>\u00ab <\/em><\/span><\/i><\/b><i><span style=\"font-weight: 400;\">s\u2019int\u00e9resse \u00e0 une petite partie seulement de l\u2019effet du changement climatique sur la sant\u00e9 <\/span><\/i><b><i><span style=\"font-weight: 400;\"><em>\u00bb<\/em><\/span><\/i><\/b><i\/><span style=\"font-weight: 400;\">, <a target=\"_blank\" href=\"https:\/\/vert.eco\/articles\/la-mortalite-liee-a-la-chaleur-devrait-bondir-en-europe-dici-a-la-fin-du-siecle-le-changement-climatique-est-une-crise-de-sante-publique?mc_cid=382bea7253&amp;mc_eid=5fa5b70ef5\">confie Pierre Masselot \u00e0 Vert<\/a>. <\/span><b><i><span style=\"font-weight: 400;\"><em>\u00ab <\/em><\/span><\/i><\/b><i><span style=\"font-weight: 400;\"><strong>On ne prend pas en compte les d\u00e9c\u00e8s li\u00e9s aux s\u00e9cheresses, inondations ou feux de for\u00eat <\/strong><\/span><\/i><b><i><span style=\"font-weight: 400;\"><em>\u00bb<\/em><\/span><\/i><\/b><i><span style=\"font-weight: 400;\">. <\/span><\/i><span style=\"font-weight: 400;\">Plus largement, il est \u00e9vident que<\/span><i><span style=\"font-weight: 400;\"> <b><em>\u00ab <\/em><\/b><strong>le changement climatique est clairement une crise de sant\u00e9 publique <b><em>\u00bb<\/em><\/b><\/strong><\/span><\/i><span style=\"font-weight: 400;\">, pr\u00e9vient le chercheur.<\/span><\/p>\n<p style=\"text-align: right;\"><strong><em>\u2013 L. A.<\/em><\/strong><\/p>\n<hr\/>\n<p>Photo de couverture de <a target=\"_blank\" href=\"https:\/\/www.pexels.com\/fr-fr\/photo\/couple-femme-sourire-porter-7544795\/\">SHVETS production<\/a><\/p>\n<div class=\"td-a-rec td-a-rec-id-content_bottom  tdi_2 td_block_template_1\">\n<span class=\"td-adspot-title\">&#8211; Cet article gratuit et ind\u00e9pendant existe gr\u00e2ce \u00e0 vous &#8211;<\/span><\/p>\n<div class=\"td-all-devices\">\n    <a target=\"_blank\" href=\"https:\/\/mrmondialisation.org\/donation\/\" title=\"Faire_un_don\"><img decoding=\"async\" class=\"donationArticle\" src=\"https:\/\/mrmondialisation.org\/wp-content\/uploads\/2022\/12\/220405-flikalicious-final.jpg\" alt=\"Donation\"\/><\/a>\n<\/div>\n<\/div><\/div>\n<p><br \/>\n<br \/><a href=\"https:\/\/mrmondialisation.org\/europe-chaleur-froid\/\" target=\"_blank\"\">Source link <\/a><\/p>\n","protected":false},"excerpt":{"rendered":"<p>D\u2019ici la fin du si\u00e8cle, la chaleur devrait tuer bien plus que le froid en Europe, selon une nouvelle \u00e9tude britannique publi\u00e9e le lundi 27 janvier dans la revue Nature&hellip; <\/p>\n","protected":false},"author":1,"featured_media":2499,"comment_status":"open","ping_status":"open","sticky":false,"template":"","format":"standard","meta":{"footnotes":""},"categories":[1],"tags":[],"class_list":["post-2498","post","type-post","status-publish","format-standard","has-post-thumbnail","hentry","category-non-classe"],"_links":{"self":[{"href":"https:\/\/monde25.info\/index.php\/wp-json\/wp\/v2\/posts\/2498","targetHints":{"allow":["GET"]}}],"collection":[{"href":"https:\/\/monde25.info\/index.php\/wp-json\/wp\/v2\/posts"}],"about":[{"href":"https:\/\/monde25.info\/index.php\/wp-json\/wp\/v2\/types\/post"}],"author":[{"embeddable":true,"href":"https:\/\/monde25.info\/index.php\/wp-json\/wp\/v2\/users\/1"}],"replies":[{"embeddable":true,"href":"https:\/\/monde25.info\/index.php\/wp-json\/wp\/v2\/comments?post=2498"}],"version-history":[{"count":0,"href":"https:\/\/monde25.info\/index.php\/wp-json\/wp\/v2\/posts\/2498\/revisions"}],"wp:featuredmedia":[{"embeddable":true,"href":"https:\/\/monde25.info\/index.php\/wp-json\/wp\/v2\/media\/2499"}],"wp:attachment":[{"href":"https:\/\/monde25.info\/index.php\/wp-json\/wp\/v2\/media?parent=2498"}],"wp:term":[{"taxonomy":"category","embeddable":true,"href":"https:\/\/monde25.info\/index.php\/wp-json\/wp\/v2\/categories?post=2498"},{"taxonomy":"post_tag","embeddable":true,"href":"https:\/\/monde25.info\/index.php\/wp-json\/wp\/v2\/tags?post=2498"}],"curies":[{"name":"wp","href":"https:\/\/api.w.org\/{rel}","templated":true}]}}