{"id":24984,"date":"2026-03-08T05:18:48","date_gmt":"2026-03-08T04:18:48","guid":{"rendered":"https:\/\/monde25.info\/index.php\/2026\/03\/08\/jeux-paralympiques-dhiver-la-russie-ouvre-son-compteur-avec-deux-medailles-de-bronze-des-la-premiere-journee\/"},"modified":"2026-03-08T05:18:48","modified_gmt":"2026-03-08T04:18:48","slug":"jeux-paralympiques-dhiver-la-russie-ouvre-son-compteur-avec-deux-medailles-de-bronze-des-la-premiere-journee","status":"publish","type":"post","link":"https:\/\/monde25.info\/index.php\/2026\/03\/08\/jeux-paralympiques-dhiver-la-russie-ouvre-son-compteur-avec-deux-medailles-de-bronze-des-la-premiere-journee\/","title":{"rendered":"Jeux paralympiques d\u2019hiver : la Russie ouvre son compteur avec deux m\u00e9dailles de bronze d\u00e8s la premi\u00e8re journ\u00e9e"},"content":{"rendered":"<p> <br \/>\n<br \/><img decoding=\"async\" src=\"https:\/\/mf.b37mrtl.ru\/french\/images\/2026.03\/thumbnail\/69ac474b87f3ec4a463c6e16.jpg\" \/><\/p>\n<p>La Russie a r&eacute;ussi son entr&eacute;e aux Jeux paralympiques d&rsquo;hiver en Italie avec deux m&eacute;dailles d&egrave;s la premi&egrave;re journ&eacute;e des &eacute;preuves de ski alpin. Varvara Vorontchikhina a pris la troisi&egrave;me place de la descente dans sa cat&eacute;gorie en 1 min 24 s 47. Il s&rsquo;agissait de la premi&egrave;re m&eacute;daille de la d&eacute;l&eacute;gation russe lors de ces Jeux organis&eacute;s &agrave; Milan et Cortina d&rsquo;Ampezzo. La sportive de 23 ans &eacute;voluait dans la cat&eacute;gorie LW6, r&eacute;serv&eacute;e aux athl&egrave;tes pr&eacute;sentant une atteinte d&rsquo;un membre sup&eacute;rieur, et elle comptait d&eacute;j&agrave; deux titres mondiaux.<\/p>\n<h2><strong>Vorontchikhina, une r&eacute;compense au bout de l&rsquo;attente<\/strong><\/h2>\n<p>Cette m&eacute;daille donne encore plus de poids au parcours de la skieuse russe. Varvara Vorontchikhina est n&eacute;e sans une partie de son bras gauche, a d&eacute;couvert le ski tr&egrave;s jeune &agrave; Ba&iuml;kalsk et s&rsquo;est peu &agrave; peu impos&eacute;e au plus haut niveau, jusqu&rsquo;&agrave; remporter des titres mondiaux et le classement g&eacute;n&eacute;ral de la Coupe du monde. Ce podium intervient apr&egrave;s plusieurs ann&eacute;es d&rsquo;attente, notamment apr&egrave;s l&rsquo;absence de la Russie aux Jeux de P&eacute;kin en 2022.<\/p>\n<p>Les r&eacute;actions de l&rsquo;athl&egrave;te montrent d&rsquo;ailleurs l&rsquo;importance du moment. Elle n&rsquo;avait pas encore pleinement r&eacute;alis&eacute; la port&eacute;e de cette premi&egrave;re m&eacute;daille paralympique. Vorontchikhina a dit &ecirc;tre &laquo; tr&egrave;s heureuse &raquo;, a rappel&eacute; qu&rsquo;il s&rsquo;agissait de sa premi&egrave;re m&eacute;daille et a expliqu&eacute; qu&rsquo;apr&egrave;s des entra&icirc;nements compliqu&eacute;s, elle avait r&eacute;ussi &agrave; montrer &laquo; ce dont elle &eacute;tait r&eacute;ellement capable &raquo;. Des mots simples, qui traduisent bien la valeur d&rsquo;un r&eacute;sultat construit dans l&rsquo;effort et obtenu au terme d&rsquo;un retour tr&egrave;s attendu sur la sc&egrave;ne paralympique.<\/p>\n<h2><strong>Bougaev prolonge la dynamique russe<\/strong><\/h2>\n<p>Quelques heures plus tard, Alexe&iuml; Bougaev est venu confirmer ce bon d&eacute;but de comp&eacute;tition. Le skieur russe a lui aussi d&eacute;croch&eacute; le bronze en descente. Il a termin&eacute; troisi&egrave;me dans la cat&eacute;gorie &laquo; debout &raquo;.&nbsp;Il&nbsp;a aussi affirm&eacute; que cette m&eacute;daille &eacute;tait &laquo; l&rsquo;une des plus difficiles de sa carri&egrave;re &raquo; et qu&rsquo;il &eacute;tait heureux de pouvoir &agrave; nouveau repr&eacute;senter la Russie aux Jeux paralympiques.<\/p>\n<p>Alexe&iuml; Bougaev figure parmi les grandes r&eacute;f&eacute;rences du handisport russe, avec des titres remport&eacute;s &agrave; Sotchi en 2014 et &agrave; Pyeongchang en 2018. Son palmar&egrave;s paralympique est particuli&egrave;rement riche. Avec ces deux bronzes remport&eacute;s d&egrave;s l&rsquo;ouverture, la d&eacute;l&eacute;gation russe signe un retour solide et montre qu&rsquo;elle peut imm&eacute;diatement peser dans le classement. Six sportifs russes participent &agrave; ces Jeux et concourent cette fois avec les symboles nationaux, une premi&egrave;re depuis 2014.<\/p>\n<p><br \/>\n<br \/><a href=\"https:\/\/francais.rt.com\/russie\/131397-jeux-paralympiques-hiver-2026-russie-ouvre-son-compteur-avec-deux-bronzes-des-premiere-journee\" target=\"_blank\"\">Source link <\/a><\/p>\n","protected":false},"excerpt":{"rendered":"<p>La Russie a r&eacute;ussi son entr&eacute;e aux Jeux paralympiques d&rsquo;hiver en Italie avec deux m&eacute;dailles d&egrave;s la premi&egrave;re journ&eacute;e des &eacute;preuves de ski alpin. Varvara Vorontchikhina a pris la troisi&egrave;me&hellip; <\/p>\n","protected":false},"author":1,"featured_media":24985,"comment_status":"open","ping_status":"open","sticky":false,"template":"","format":"standard","meta":{"footnotes":""},"categories":[1],"tags":[],"class_list":["post-24984","post","type-post","status-publish","format-standard","has-post-thumbnail","hentry","category-non-classe"],"_links":{"self":[{"href":"https:\/\/monde25.info\/index.php\/wp-json\/wp\/v2\/posts\/24984","targetHints":{"allow":["GET"]}}],"collection":[{"href":"https:\/\/monde25.info\/index.php\/wp-json\/wp\/v2\/posts"}],"about":[{"href":"https:\/\/monde25.info\/index.php\/wp-json\/wp\/v2\/types\/post"}],"author":[{"embeddable":true,"href":"https:\/\/monde25.info\/index.php\/wp-json\/wp\/v2\/users\/1"}],"replies":[{"embeddable":true,"href":"https:\/\/monde25.info\/index.php\/wp-json\/wp\/v2\/comments?post=24984"}],"version-history":[{"count":0,"href":"https:\/\/monde25.info\/index.php\/wp-json\/wp\/v2\/posts\/24984\/revisions"}],"wp:featuredmedia":[{"embeddable":true,"href":"https:\/\/monde25.info\/index.php\/wp-json\/wp\/v2\/media\/24985"}],"wp:attachment":[{"href":"https:\/\/monde25.info\/index.php\/wp-json\/wp\/v2\/media?parent=24984"}],"wp:term":[{"taxonomy":"category","embeddable":true,"href":"https:\/\/monde25.info\/index.php\/wp-json\/wp\/v2\/categories?post=24984"},{"taxonomy":"post_tag","embeddable":true,"href":"https:\/\/monde25.info\/index.php\/wp-json\/wp\/v2\/tags?post=24984"}],"curies":[{"name":"wp","href":"https:\/\/api.w.org\/{rel}","templated":true}]}}