{"id":24991,"date":"2026-03-08T10:15:37","date_gmt":"2026-03-08T09:15:37","guid":{"rendered":"https:\/\/monde25.info\/index.php\/2026\/03\/08\/medecins-et-citoyens-protestent-a-teheran-contre-les-attaques-israelo-americaines-des-ecoles-et-des-hopitaux-rt-en-francais\/"},"modified":"2026-03-08T10:15:37","modified_gmt":"2026-03-08T09:15:37","slug":"medecins-et-citoyens-protestent-a-teheran-contre-les-attaques-israelo-americaines-des-ecoles-et-des-hopitaux-rt-en-francais","status":"publish","type":"post","link":"https:\/\/monde25.info\/index.php\/2026\/03\/08\/medecins-et-citoyens-protestent-a-teheran-contre-les-attaques-israelo-americaines-des-ecoles-et-des-hopitaux-rt-en-francais\/","title":{"rendered":"M\u00e9decins et citoyens protestent \u00e0 T\u00e9h\u00e9ran contre les attaques isra\u00e9lo-am\u00e9ricaines des \u00e9coles et des h\u00f4pitaux \u2014 RT en fran\u00e7ais"},"content":{"rendered":"<p> <br \/>\n<br \/><img decoding=\"async\" src=\"https:\/\/mf.b37mrtl.ru\/french\/images\/2026.03\/thumbnail\/69ad32ef87f3ec77a96265ae.jpg\" \/><\/p>\n<div>\n<p class=\"text__summary\">\n                                        Des milliers de manifestants ont d\u00e9fil\u00e9 dans les rues de T\u00e9h\u00e9ran les 6 et 7 mars pour condamner les attaques contre les h\u00f4pitaux et les \u00e9coles et r\u00e9clamer une riposte militaire ferme. Lors d\u2019un rassemblement, des m\u00e9decins iraniens ont aussi d\u00e9nonc\u00e9 ces attaques comme exemple de \u00abterrorisme d&rsquo;\u00c9tat\u00bb et de \u00abviolation flagrante\u00bb du droit international.\n                                    <\/p>\n<div class=\"rtcode\">\n<blockquote class=\"twitter-tweet\" data-media-max-width=\"560\">\n<p lang=\"en\" dir=\"ltr\">Iranian doctors and medical staff gathered in front of Gandhi Hospital in Tehran to protest against the U.S.-Israeli war.<\/p>\n<p>U.S.-Israeli strikes hit the hospital where pregnant women are received. <a target=\"_blank\" href=\"https:\/\/twitter.com\/hashtag\/Iran?src=hash&amp;ref_src=twsrc%5Etfw\">#Iran<\/a><a target=\"_blank\" href=\"https:\/\/t.co\/gAnK0czw4w\">pic.twitter.com\/gAnK0czw4w<\/a><\/p>\n<p>\u2014 IranPress (@IranPress_eng) <a target=\"_blank\" href=\"https:\/\/twitter.com\/IranPress_eng\/status\/2030289260268364230?ref_src=twsrc%5Etfw\">March 7, 2026<\/a><\/p><\/blockquote>\n<\/div>\n<\/div>\n<p><script async src=\"\/\/platform.twitter.com\/widgets.js\" charset=\"utf-8\"><\/script><br \/>\n<br \/><br \/>\n<br \/><a href=\"https:\/\/francais.rt.com\/news\/131407-medecins-citoyens-protestent-teheran-contre-attaques-israelo-americaines-ecoles-et-hopitaux\" target=\"_blank\"\">Source link <\/a><\/p>\n","protected":false},"excerpt":{"rendered":"<p>Des milliers de manifestants ont d\u00e9fil\u00e9 dans les rues de T\u00e9h\u00e9ran les 6 et 7 mars pour condamner les attaques contre les h\u00f4pitaux et les \u00e9coles et r\u00e9clamer une riposte&hellip; <\/p>\n","protected":false},"author":1,"featured_media":24992,"comment_status":"open","ping_status":"open","sticky":false,"template":"","format":"standard","meta":{"footnotes":""},"categories":[1],"tags":[],"class_list":["post-24991","post","type-post","status-publish","format-standard","has-post-thumbnail","hentry","category-non-classe"],"_links":{"self":[{"href":"https:\/\/monde25.info\/index.php\/wp-json\/wp\/v2\/posts\/24991","targetHints":{"allow":["GET"]}}],"collection":[{"href":"https:\/\/monde25.info\/index.php\/wp-json\/wp\/v2\/posts"}],"about":[{"href":"https:\/\/monde25.info\/index.php\/wp-json\/wp\/v2\/types\/post"}],"author":[{"embeddable":true,"href":"https:\/\/monde25.info\/index.php\/wp-json\/wp\/v2\/users\/1"}],"replies":[{"embeddable":true,"href":"https:\/\/monde25.info\/index.php\/wp-json\/wp\/v2\/comments?post=24991"}],"version-history":[{"count":0,"href":"https:\/\/monde25.info\/index.php\/wp-json\/wp\/v2\/posts\/24991\/revisions"}],"wp:featuredmedia":[{"embeddable":true,"href":"https:\/\/monde25.info\/index.php\/wp-json\/wp\/v2\/media\/24992"}],"wp:attachment":[{"href":"https:\/\/monde25.info\/index.php\/wp-json\/wp\/v2\/media?parent=24991"}],"wp:term":[{"taxonomy":"category","embeddable":true,"href":"https:\/\/monde25.info\/index.php\/wp-json\/wp\/v2\/categories?post=24991"},{"taxonomy":"post_tag","embeddable":true,"href":"https:\/\/monde25.info\/index.php\/wp-json\/wp\/v2\/tags?post=24991"}],"curies":[{"name":"wp","href":"https:\/\/api.w.org\/{rel}","templated":true}]}}