{"id":24993,"date":"2026-03-08T13:01:08","date_gmt":"2026-03-08T12:01:08","guid":{"rendered":"https:\/\/monde25.info\/index.php\/2026\/03\/08\/sexisme-dans-les-medias-environ-75-des-personnes-mentionnees-dans-les-articles-sont-des-hommes\/"},"modified":"2026-03-08T13:01:08","modified_gmt":"2026-03-08T12:01:08","slug":"sexisme-dans-les-medias-environ-75-des-personnes-mentionnees-dans-les-articles-sont-des-hommes","status":"publish","type":"post","link":"https:\/\/monde25.info\/index.php\/2026\/03\/08\/sexisme-dans-les-medias-environ-75-des-personnes-mentionnees-dans-les-articles-sont-des-hommes\/","title":{"rendered":"Sexisme dans les m\u00e9dias\u00a0: environ 75\u00a0% des personnes mentionn\u00e9es dans les articles sont des hommes"},"content":{"rendered":"<p> <br \/>\n<br \/><img loading=\"lazy\" decoding=\"async\" src=\"https:\/\/reporterre.net\/local\/cache-vignettes\/L700xH467\/invisiblewomen-27e92.jpg?1772784434\" class=\"spip_logo\" width=\"700\" height=\"467\" alt=\"\" \/><\/p>\n<p>Une \u00e9quipe de recherche a analys\u00e9 les pr\u00e9noms mentionn\u00e9s dans les journaux pour calculer leur taux de masculinit\u00e9. Bilan\u00a0: les femmes demeurent minoritaires, y compris \u00e0 Reporterre, pourtant plus paritaire que la moyenne. <br class=\"autobr\" \/> \u00ab<small class=\"fine d-inline\">\u00a0<\/small>Si la mission des m\u00e9dias est d&rsquo;\u00eatre repr\u00e9sentatifs de la soci\u00e9t\u00e9, on n&rsquo;y est pas du tout.<small class=\"fine d-inline\">\u00a0<\/small>\u00bb Ange Richard est doctorante \u00e0 l&rsquo;universit\u00e9 Grenoble Alpes. Il y a quatre ans, le 8\u00a0mars 2022, trois coll\u00e8gues et elle ont mis en ligne un projet baptis\u00e9 \u00ab<small class=\"fine d-inline\">\u00a0<\/small>GenderedNews<small class=\"fine d-inline\">\u00a0<\/small>\u00bb,\u00a0(\u2026)<\/p>\n<p>                    <a target=\"_blank\" href=\"https:\/\/reporterre.net\/Sexisme-dans-les-medias-environ-75-des-personnes-mentionnees-dans-les-articles-sont-des-hommes?utm_source=RSS&amp;utm_medium=RSS\">Lire la suite<\/a><\/p>\n<p>                    &#8211;<br \/>\n                        <a target=\"_blank\" href=\"https:\/\/reporterre.net\/Autres-infos\" rel=\"directory\">Info<\/a><\/p>\n<p>                    \/<br \/>\n                        <a target=\"_blank\" href=\"https:\/\/reporterre.net\/Feminisme\" rel=\"tag\">F\u00e9minisme<\/a><br \/>\n                    ,<br \/>\n                        <a target=\"_blank\" href=\"https:\/\/reporterre.net\/Medias\" rel=\"tag\">M\u00e9dias<\/a><br \/>\n<br \/><br \/>\n<br \/><a href=\"https:\/\/reporterre.net\/Sexisme-dans-les-medias-environ-75-des-personnes-mentionnees-dans-les-articles-sont-des-hommes\" target=\"_blank\"\">Source link <\/a><\/p>\n","protected":false},"excerpt":{"rendered":"<p>Une \u00e9quipe de recherche a analys\u00e9 les pr\u00e9noms mentionn\u00e9s dans les journaux pour calculer leur taux de masculinit\u00e9. Bilan\u00a0: les femmes demeurent minoritaires, y compris \u00e0 Reporterre, pourtant plus paritaire&hellip; <\/p>\n","protected":false},"author":1,"featured_media":0,"comment_status":"open","ping_status":"open","sticky":false,"template":"","format":"standard","meta":{"footnotes":""},"categories":[1],"tags":[],"class_list":["post-24993","post","type-post","status-publish","format-standard","hentry","category-non-classe"],"_links":{"self":[{"href":"https:\/\/monde25.info\/index.php\/wp-json\/wp\/v2\/posts\/24993","targetHints":{"allow":["GET"]}}],"collection":[{"href":"https:\/\/monde25.info\/index.php\/wp-json\/wp\/v2\/posts"}],"about":[{"href":"https:\/\/monde25.info\/index.php\/wp-json\/wp\/v2\/types\/post"}],"author":[{"embeddable":true,"href":"https:\/\/monde25.info\/index.php\/wp-json\/wp\/v2\/users\/1"}],"replies":[{"embeddable":true,"href":"https:\/\/monde25.info\/index.php\/wp-json\/wp\/v2\/comments?post=24993"}],"version-history":[{"count":0,"href":"https:\/\/monde25.info\/index.php\/wp-json\/wp\/v2\/posts\/24993\/revisions"}],"wp:attachment":[{"href":"https:\/\/monde25.info\/index.php\/wp-json\/wp\/v2\/media?parent=24993"}],"wp:term":[{"taxonomy":"category","embeddable":true,"href":"https:\/\/monde25.info\/index.php\/wp-json\/wp\/v2\/categories?post=24993"},{"taxonomy":"post_tag","embeddable":true,"href":"https:\/\/monde25.info\/index.php\/wp-json\/wp\/v2\/tags?post=24993"}],"curies":[{"name":"wp","href":"https:\/\/api.w.org\/{rel}","templated":true}]}}