{"id":24998,"date":"2026-03-08T17:24:11","date_gmt":"2026-03-08T16:24:11","guid":{"rendered":"https:\/\/monde25.info\/index.php\/2026\/03\/08\/la-force-fondamentale-du-capitalisme-le-pousse-vers-le-neofascisme\/"},"modified":"2026-03-08T17:24:11","modified_gmt":"2026-03-08T16:24:11","slug":"la-force-fondamentale-du-capitalisme-le-pousse-vers-le-neofascisme","status":"publish","type":"post","link":"https:\/\/monde25.info\/index.php\/2026\/03\/08\/la-force-fondamentale-du-capitalisme-le-pousse-vers-le-neofascisme\/","title":{"rendered":"\u00ab\u00a0La force fondamentale du capitalisme le pousse vers le n\u00e9ofascisme\u00a0\u00bb"},"content":{"rendered":"<p> <br \/>\n<br \/><img loading=\"lazy\" decoding=\"async\" src=\"https:\/\/reporterre.net\/local\/cache-vignettes\/L700xH467\/romaric_godin_credit_carole__lozano_4_resized-0e63c.jpg?1772697207\" class=\"spip_logo\" width=\"700\" height=\"467\" alt=\"\" \/><\/p>\n<p>Dans son dernier livre, Romaric Godin revient sur les crises provoqu\u00e9es par la domination du capital sur nos soci\u00e9t\u00e9s. Il estime, dans un entretien \u00e0 \u00ab<small class=\"fine d-inline\">\u00a0<\/small>Reporterre<small class=\"fine d-inline\">\u00a0<\/small>\u00bb, que le basculement n\u00e9ofasciste en cours en est la cons\u00e9quence. <br class=\"autobr\" \/> Dans Le probl\u00e8me \u00e0 trois corps du capitalisme (\u00e9d. La D\u00e9couverte, 2026), Romaric Godin, journaliste \u00e9conomique \u00e0 Mediapart, analyse pourquoi la domination du capital dans nos soci\u00e9t\u00e9s ne peut qu&rsquo;aboutir aux d\u00e9sastres que nous observons. <br class=\"autobr\" \/><br \/>\nLe besoin d&rsquo;accumulation\u00a0(\u2026)<\/p>\n<p>                    <a target=\"_blank\" href=\"https:\/\/reporterre.net\/La-force-fondamentale-du-capitalisme-le-pousse-vers-le-neofascisme?utm_source=RSS&amp;utm_medium=RSS\">Lire la suite<\/a><\/p>\n<p>                    &#8211;<br \/>\n                        <a target=\"_blank\" href=\"https:\/\/reporterre.net\/Entretien-19\" rel=\"directory\">Entretien<\/a><\/p>\n<p>                    \/<br \/>\n                        <a target=\"_blank\" href=\"https:\/\/reporterre.net\/Politique\" rel=\"tag\">Politique<\/a><br \/>\n<br \/><br \/>\n<br \/><a href=\"https:\/\/reporterre.net\/La-force-fondamentale-du-capitalisme-le-pousse-vers-le-neofascisme\" target=\"_blank\"\">Source link <\/a><\/p>\n","protected":false},"excerpt":{"rendered":"<p>Dans son dernier livre, Romaric Godin revient sur les crises provoqu\u00e9es par la domination du capital sur nos soci\u00e9t\u00e9s. Il estime, dans un entretien \u00e0 \u00ab\u00a0Reporterre\u00a0\u00bb, que le basculement n\u00e9ofasciste&hellip; <\/p>\n","protected":false},"author":1,"featured_media":0,"comment_status":"open","ping_status":"open","sticky":false,"template":"","format":"standard","meta":{"footnotes":""},"categories":[1],"tags":[],"class_list":["post-24998","post","type-post","status-publish","format-standard","hentry","category-non-classe"],"_links":{"self":[{"href":"https:\/\/monde25.info\/index.php\/wp-json\/wp\/v2\/posts\/24998","targetHints":{"allow":["GET"]}}],"collection":[{"href":"https:\/\/monde25.info\/index.php\/wp-json\/wp\/v2\/posts"}],"about":[{"href":"https:\/\/monde25.info\/index.php\/wp-json\/wp\/v2\/types\/post"}],"author":[{"embeddable":true,"href":"https:\/\/monde25.info\/index.php\/wp-json\/wp\/v2\/users\/1"}],"replies":[{"embeddable":true,"href":"https:\/\/monde25.info\/index.php\/wp-json\/wp\/v2\/comments?post=24998"}],"version-history":[{"count":0,"href":"https:\/\/monde25.info\/index.php\/wp-json\/wp\/v2\/posts\/24998\/revisions"}],"wp:attachment":[{"href":"https:\/\/monde25.info\/index.php\/wp-json\/wp\/v2\/media?parent=24998"}],"wp:term":[{"taxonomy":"category","embeddable":true,"href":"https:\/\/monde25.info\/index.php\/wp-json\/wp\/v2\/categories?post=24998"},{"taxonomy":"post_tag","embeddable":true,"href":"https:\/\/monde25.info\/index.php\/wp-json\/wp\/v2\/tags?post=24998"}],"curies":[{"name":"wp","href":"https:\/\/api.w.org\/{rel}","templated":true}]}}