{"id":24999,"date":"2026-03-08T18:30:42","date_gmt":"2026-03-08T17:30:42","guid":{"rendered":"https:\/\/monde25.info\/index.php\/2026\/03\/08\/un-nouveau-bilan-fait-etat-de-pres-de-400-morts-rt-en-francais\/"},"modified":"2026-03-08T18:30:42","modified_gmt":"2026-03-08T17:30:42","slug":"un-nouveau-bilan-fait-etat-de-pres-de-400-morts-rt-en-francais","status":"publish","type":"post","link":"https:\/\/monde25.info\/index.php\/2026\/03\/08\/un-nouveau-bilan-fait-etat-de-pres-de-400-morts-rt-en-francais\/","title":{"rendered":"un nouveau bilan fait \u00e9tat de pr\u00e8s de 400 morts \u2014 RT en fran\u00e7ais"},"content":{"rendered":"<p> <br \/>\n<br \/><img decoding=\"async\" src=\"https:\/\/mf.b37mrtl.ru\/french\/images\/2026.03\/thumbnail\/69ad89cb6f7ccc2f9f21f3b4.jpg\" \/><\/p>\n<div>\n<p class=\"text__summary\">\n                                        Un bilan annonc\u00e9 ce 8 mars par le minist\u00e8re libanais de la Sant\u00e9 fait \u00e9tat de 394 morts, soit 100 de plus que dans celui communiqu\u00e9 la veille. Dans la nuit du 6 au 7 mars, 41 personnes ont \u00e9t\u00e9 tu\u00e9es dans le village de Nabi Chit, o\u00f9 Tsahal a men\u00e9 une op\u00e9ration h\u00e9liport\u00e9e afin de r\u00e9cup\u00e9rer les restes d\u2019un soldat disparu il y a 40 ans.\n                                    <\/p>\n<p>Alors que Tsahal poursuit ce 8 mars ses bombardements dans le sud de Beyrouth, bastion du Hezbollah, le ministre libanais de la Sant\u00e9 a annonc\u00e9 un nouveau bilan de cette campagne militaire lanc\u00e9e le 2 mars par Isra\u00ebl.<\/p>\n<p>\u00ab\u00a0Il y a jusqu\u2019\u00e0 pr\u00e9sent 394 martyrs, dont, malheureusement, 83 enfants et 42 femmes\u00a0\u00bb, a annonc\u00e9 ce 8 mars Rakan Rakan Nassereddine lors d\u2019une conf\u00e9rence de presse. Celui-ci avait, la veille, fait \u00e9tat de 294 tu\u00e9s. Le responsable libanais a notamment d\u00e9nonc\u00e9 les attaques contre \u00ab\u00a0les \u00e9quipes m\u00e9dicales et les ambulances\u00a0\u00bb, affirmant qu\u2019au cours\u00a0de la semaine neuf secouristes avaient \u00e9t\u00e9 tu\u00e9s.<\/p>\n<p>Selon la m\u00eame source, au moins quatre personnes ont \u00e9t\u00e9 tu\u00e9es et dix autres bless\u00e9es, \u00e0 l\u2019aube, lors d\u2019une frappe isra\u00e9lienne contre un h\u00f4tel en plein centre de Beyrouth. De son c\u00f4t\u00e9, l\u2019arm\u00e9e isra\u00e9lienne a d\u00e9clar\u00e9 <a target=\"_blank\" href=\"https:\/\/t.me\/idfofficial\/16817\">avoir vis\u00e9<\/a> des chefs des Gardiens de la R\u00e9volution iraniens dans la capitale libanaise.<\/p>\n<p>\u00ab\u00a0Le r\u00e9gime terroriste iranien op\u00e8re de mani\u00e8re syst\u00e9matique au c\u0153ur m\u00eame de la population civile en Iran et au Liban, exploitant cyniquement cette derni\u00e8re comme bouclier humain pour perp\u00e9trer des attaques terroristes\u00a0\u00bb, peut-on lire dans ce communiqu\u00e9 qui reprend des \u00e9l\u00e9ments de langage\u00a0utilis\u00e9s par l\u2019arm\u00e9e isra\u00e9lienne depuis plus de deux ans tant pour le Hamas que le Hezbollah.<\/p>\n<h3>Tsahal subit ses premi\u00e8res pertes au Sud-Liban<\/h3>\n<p>L&rsquo;arm\u00e9e isra\u00e9lienne a \u00e9galement annonc\u00e9 en milieu de journ\u00e9e la mort de <a target=\"_blank\" href=\"https:\/\/t.me\/idfofficial\/16833\">deux soldats<\/a> dans le sud du Liban. Il s\u2019agit de ses premi\u00e8res pertes depuis le d\u00e9but de son offensive. De son c\u00f4t\u00e9, le mouvement chiite a annonc\u00e9 avoir vis\u00e9 \u00e0 plusieurs reprises le nord de l\u2019\u00c9tat h\u00e9breu, notamment une base navale de Ha\u00effa et la ville de Nahariya.<\/p>\n<p>Bien plus \u00e0 l\u2019est, pr\u00e8s de la fronti\u00e8re syrienne, un commando isra\u00e9lien a tent\u00e9 dans la nuit du 6 au 7 mars de retrouver les restes de Ron Arad, un pilote de Tsahal disparu en 1986. Selon le minist\u00e8re libanais de la Sant\u00e9, cette op\u00e9ration dans le village de Nabi Chit a\u00a0fait 41\u00a0morts\u00a0et 40 bless\u00e9s.<\/p>\n<p>\u00ab\u00a0Le soutien international dont b\u00e9n\u00e9ficie Isra\u00ebl lui permet de commettre des massacres comme celui-ci. Est-il normal de tuer autant de gens, d\u2019enfants, pour extraire les restes d\u2019un corps ?\u00a0\u00bb, a d\u00e9clar\u00e9 aupr\u00e8s d\u2019un correspondant du quotidien <em>Le Monde<\/em> un villageois endeuill\u00e9. \u00ab\u00a0Ils sont capables de faire un massacre pour arriver \u00e0 leurs fins dans une op\u00e9ration qui n\u2019a aucun objectif militaire\u00a0\u00bb, avait interpell\u00e9 un autre habitant de ce hameau de la vall\u00e9e de la Bekaa frapp\u00e9 par l\u2019aviation isra\u00e9lienne \u00e0 l\u2019occasion de cette op\u00e9ration.<\/p>\n<p>\u00ab\u00a0Aucun \u00e9l\u00e9ment le [Ron Arad] concernant n&rsquo;a \u00e9t\u00e9 retrouv\u00e9\u00a0\u00bb, a d\u00e9clar\u00e9 l&rsquo;arm\u00e9e isra\u00e9lienne, \u00e9voquant des \u00abrecherches nocturnes\u00a0\u00bb et assurant qu\u2019elle \u00ab\u00a0continuerait \u00e0 mener ses op\u00e9rations <a target=\"_blank\" href=\"https:\/\/t.me\/idfofficial\/16790\">sans rel\u00e2che<\/a>\u00a0\u00bb afin de \u00ab\u00a0ramener tous les fils d\u2019Isra\u00ebl, les tomb\u00e9s au combat et les port\u00e9s disparus, dans leur patrie\u00a0\u00bb.<\/p>\n<\/div>\n<p><br \/>\n<br \/><a href=\"https:\/\/francais.rt.com\/international\/131429-offensive-israelienne-liban-nouveau-bilan\" target=\"_blank\"\">Source link <\/a><\/p>\n","protected":false},"excerpt":{"rendered":"<p>Un bilan annonc\u00e9 ce 8 mars par le minist\u00e8re libanais de la Sant\u00e9 fait \u00e9tat de 394 morts, soit 100 de plus que dans celui communiqu\u00e9 la veille. Dans la&hellip; <\/p>\n","protected":false},"author":1,"featured_media":25000,"comment_status":"open","ping_status":"open","sticky":false,"template":"","format":"standard","meta":{"footnotes":""},"categories":[1],"tags":[],"class_list":["post-24999","post","type-post","status-publish","format-standard","has-post-thumbnail","hentry","category-non-classe"],"_links":{"self":[{"href":"https:\/\/monde25.info\/index.php\/wp-json\/wp\/v2\/posts\/24999","targetHints":{"allow":["GET"]}}],"collection":[{"href":"https:\/\/monde25.info\/index.php\/wp-json\/wp\/v2\/posts"}],"about":[{"href":"https:\/\/monde25.info\/index.php\/wp-json\/wp\/v2\/types\/post"}],"author":[{"embeddable":true,"href":"https:\/\/monde25.info\/index.php\/wp-json\/wp\/v2\/users\/1"}],"replies":[{"embeddable":true,"href":"https:\/\/monde25.info\/index.php\/wp-json\/wp\/v2\/comments?post=24999"}],"version-history":[{"count":0,"href":"https:\/\/monde25.info\/index.php\/wp-json\/wp\/v2\/posts\/24999\/revisions"}],"wp:featuredmedia":[{"embeddable":true,"href":"https:\/\/monde25.info\/index.php\/wp-json\/wp\/v2\/media\/25000"}],"wp:attachment":[{"href":"https:\/\/monde25.info\/index.php\/wp-json\/wp\/v2\/media?parent=24999"}],"wp:term":[{"taxonomy":"category","embeddable":true,"href":"https:\/\/monde25.info\/index.php\/wp-json\/wp\/v2\/categories?post=24999"},{"taxonomy":"post_tag","embeddable":true,"href":"https:\/\/monde25.info\/index.php\/wp-json\/wp\/v2\/tags?post=24999"}],"curies":[{"name":"wp","href":"https:\/\/api.w.org\/{rel}","templated":true}]}}