{"id":25001,"date":"2026-03-08T21:15:56","date_gmt":"2026-03-08T20:15:56","guid":{"rendered":"https:\/\/monde25.info\/index.php\/2026\/03\/08\/pesticides-le-gouvernement-affirme-avoir-transmis-le-calendrier-exige-par-la-justice\/"},"modified":"2026-03-08T21:15:56","modified_gmt":"2026-03-08T20:15:56","slug":"pesticides-le-gouvernement-affirme-avoir-transmis-le-calendrier-exige-par-la-justice","status":"publish","type":"post","link":"https:\/\/monde25.info\/index.php\/2026\/03\/08\/pesticides-le-gouvernement-affirme-avoir-transmis-le-calendrier-exige-par-la-justice\/","title":{"rendered":"Pesticides\u00a0: le gouvernement affirme avoir transmis le calendrier exig\u00e9 par la justice"},"content":{"rendered":"<p> <br \/>\n<br \/><img loading=\"lazy\" decoding=\"async\" src=\"https:\/\/reporterre.net\/local\/cache-vignettes\/L700xH467\/pesticides_application_02-e6646.jpg?1772640595\" class=\"spip_logo\" width=\"700\" height=\"467\" alt=\"\" \/><\/p>\n<p>Le 3\u00a0septembre 2025, la cour administrative d&rsquo;appel avait confirm\u00e9 la responsabilit\u00e9 de l&rsquo;\u00c9tat dans le pr\u00e9judice \u00e9cologique caus\u00e9 par les pesticides et lui avait enjoint de transmettre, dans un d\u00e9lai de six\u00a0mois, un calendrier de r\u00e9examen des autorisations de mise sur le march\u00e9 (<span class=\"caps\">AMM<\/span>) qui ne tiennent pas compte des connaissances scientifiques actuelles. <br class=\"autobr\" \/><br \/>\nL&rsquo;\u00e9ch\u00e9ance avait \u00e9t\u00e9 fix\u00e9e au 3\u00a0mars 2026. Le calendrier \u00ab<small class=\"fine d-inline\">\u00a0<\/small>a bien \u00e9t\u00e9 transmis dans les d\u00e9lais pr\u00e9vus<small class=\"fine d-inline\">\u00a0<\/small>\u00bb, a indiqu\u00e9 le cabinet de la\u00a0(\u2026)<\/p>\n<p>                    <a target=\"_blank\" href=\"https:\/\/reporterre.net\/Pesticides-le-gouvernement-affirme-avoir-transmis-le-calendrier-exige-par-la-justice?utm_source=RSS&amp;utm_medium=RSS\">Lire la suite<\/a><\/p>\n<p>                    &#8211;<br \/>\n                        <a target=\"_blank\" href=\"https:\/\/reporterre.net\/Breves-20\" rel=\"directory\">En bref<\/a><\/p>\n<p>                    \/<br \/>\n                        <a target=\"_blank\" href=\"https:\/\/reporterre.net\/Agriculture\" rel=\"tag\">Agriculture<\/a><br \/>\n<br \/><br \/>\n<br \/><a href=\"https:\/\/reporterre.net\/Pesticides-le-gouvernement-affirme-avoir-transmis-le-calendrier-exige-par-la-justice\" target=\"_blank\"\">Source link <\/a><\/p>\n","protected":false},"excerpt":{"rendered":"<p>Le 3\u00a0septembre 2025, la cour administrative d&rsquo;appel avait confirm\u00e9 la responsabilit\u00e9 de l&rsquo;\u00c9tat dans le pr\u00e9judice \u00e9cologique caus\u00e9 par les pesticides et lui avait enjoint de transmettre, dans un d\u00e9lai&hellip; <\/p>\n","protected":false},"author":1,"featured_media":0,"comment_status":"open","ping_status":"open","sticky":false,"template":"","format":"standard","meta":{"footnotes":""},"categories":[1],"tags":[],"class_list":["post-25001","post","type-post","status-publish","format-standard","hentry","category-non-classe"],"_links":{"self":[{"href":"https:\/\/monde25.info\/index.php\/wp-json\/wp\/v2\/posts\/25001","targetHints":{"allow":["GET"]}}],"collection":[{"href":"https:\/\/monde25.info\/index.php\/wp-json\/wp\/v2\/posts"}],"about":[{"href":"https:\/\/monde25.info\/index.php\/wp-json\/wp\/v2\/types\/post"}],"author":[{"embeddable":true,"href":"https:\/\/monde25.info\/index.php\/wp-json\/wp\/v2\/users\/1"}],"replies":[{"embeddable":true,"href":"https:\/\/monde25.info\/index.php\/wp-json\/wp\/v2\/comments?post=25001"}],"version-history":[{"count":0,"href":"https:\/\/monde25.info\/index.php\/wp-json\/wp\/v2\/posts\/25001\/revisions"}],"wp:attachment":[{"href":"https:\/\/monde25.info\/index.php\/wp-json\/wp\/v2\/media?parent=25001"}],"wp:term":[{"taxonomy":"category","embeddable":true,"href":"https:\/\/monde25.info\/index.php\/wp-json\/wp\/v2\/categories?post=25001"},{"taxonomy":"post_tag","embeddable":true,"href":"https:\/\/monde25.info\/index.php\/wp-json\/wp\/v2\/tags?post=25001"}],"curies":[{"name":"wp","href":"https:\/\/api.w.org\/{rel}","templated":true}]}}