{"id":25004,"date":"2026-03-08T22:54:39","date_gmt":"2026-03-08T21:54:39","guid":{"rendered":"https:\/\/monde25.info\/index.php\/2026\/03\/08\/une-relique-de-saint-vincent-de-paul-derobee-dans-une-eglise-a-paris-rt-en-francais\/"},"modified":"2026-03-08T22:54:39","modified_gmt":"2026-03-08T21:54:39","slug":"une-relique-de-saint-vincent-de-paul-derobee-dans-une-eglise-a-paris-rt-en-francais","status":"publish","type":"post","link":"https:\/\/monde25.info\/index.php\/2026\/03\/08\/une-relique-de-saint-vincent-de-paul-derobee-dans-une-eglise-a-paris-rt-en-francais\/","title":{"rendered":"une relique de Saint-Vincent-de-Paul d\u00e9rob\u00e9e dans une \u00e9glise \u00e0 Paris \u2014 RT en fran\u00e7ais"},"content":{"rendered":"<p> <br \/>\n<br \/><img decoding=\"async\" src=\"https:\/\/mf.b37mrtl.ru\/french\/images\/2026.03\/thumbnail\/69addcfb6f7ccc2f08392465.jpg\" \/><\/p>\n<div>\n<p class=\"text__summary\">\n                                        Un \u00e9crin contenant un fragment de la tunique de Saint-Vincent-de-Paul, expos\u00e9e \u00e0 la v\u00e9n\u00e9ration du public dans l\u2019\u00e9glise parisienne \u00e9ponyme, a \u00e9t\u00e9 vol\u00e9 dans la journ\u00e9e du 7 mars. Cette relique, issue d\u2019une figure de la charit\u00e9 chr\u00e9tienne, est consid\u00e9r\u00e9e comme inestimable.\n                                    <\/p>\n<p>\u00ab Peut-\u00eatre avez-vous remarqu\u00e9 que le reliquaire au-dessus du tabernacle n\u2019est plus l\u00e0\u00a0\u00bb\u00a0, a d\u00e9clar\u00e9 lors de la messe de ce 8 mars le pr\u00eatre Christophe Alizard, cit\u00e9 par le quotidien<em> Le Parisien<\/em>. \u00ab Dedans, il y avait une relique de saint Vincent de Paul, un morceau de tissu d\u2019un ornement ou d\u2019une soutane lui ayant appartenu. Elle n\u2019a pas disparu par magie, <a target=\"_blank\" href=\"https:\/\/www.leparisien.fr\/faits-divers\/un-precieux-tissu-derobe-dans-leglise-saint-vincent-de-paul-a-paris-08-03-2026-3RZFBPIKV5CYTLZB3QM6ANOD24.php\" target=\"_blank\" rel=\"noopener noreferrer\">il s\u2019agit d\u2019un vol<\/a>\u00a0\u00bb\u00a0a poursuivi l\u2019eccl\u00e9siastique.<\/p>\n<p>La relique est \u00ab\u00a0d\u2019une <a target=\"_blank\" href=\"https:\/\/france3-regions.franceinfo.fr\/paris-ile-de-france\/paris\/une-relique-d-une-valeur-inestimable-volee-dans-l-eglise-saint-vincent-de-paul-de-paris-3311586.html\">valeur inestimable<\/a>\u00a0\u00bb, a d\u00e9clar\u00e9 une source polici\u00e8re \u00e0 la chaine France 3, pr\u00e9cisant que le vol a \u00e9t\u00e9 constat\u00e9 le 7 mars vers 19h par le responsable de l&rsquo;\u00e9glise. Celui-ci a d\u00e9pos\u00e9 plainte. L\u2019enqu\u00eate a \u00e9t\u00e9 confi\u00e9e \u00e0 la Brigade de r\u00e9pression du banditisme (BRB) de la police judiciaire de Paris, a rapport\u00e9 l\u2019AFP concernant cet acte relay\u00e9 \u00e0 la rubrique des faits divers par une partie de la presse fran\u00e7aise.<\/p>\n<p>Certains y \u00e9voquent <a target=\"_blank\" href=\"https:\/\/www.20minutes.fr\/faits_divers\/faits-divers-paris\/4205070-20260308-paris-pique-inestimable-relique-saint-vincent-paul\">un \u00ab\u00a0larcin\u00a0\u00bb<\/a>, un \u00ab\u00a0<a target=\"_blank\" href=\"https:\/\/www.radiofrance.fr\/franceinter\/podcasts\/l-info-de-france-inter\/une-relique-d-une-valeur-inestimable-volee-dans-une-eglise-a-paris-8093064\">vol d&rsquo;objet d&rsquo;art<\/a>\u00a0\u00bb, \u00e0 l\u2019instar de France Inter qui souligne que 95% de ces objets d\u00e9rob\u00e9s en 2024 en France \u00ab\u00a0dans des monuments historiques\u00a0\u00bb l\u2019ont \u00e9t\u00e9 dans des \u00e9glises. Aucun \u00e9l\u00e9ment ne permet, pour l\u2019heure, d\u2019identifier un \u00e9ventuel suspect.<\/p>\n<p>Canonis\u00e9 en 1737 et reconnu en 1885 comme \u00ab\u00a0patron de toutes les \u0153uvres charitables\u00a0\u00bb, Vincent de Paul fut un pr\u00eatre catholique du XVIIe si\u00e8cle consid\u00e9r\u00e9 aujourd\u2019hui comme l\u2019un des pionniers de l\u2019action sociale. Il fut inhum\u00e9 en 1660 dans l\u2019ancien enclos Saint-Lazare, o\u00f9 fut \u00e9rig\u00e9e au XIXe si\u00e8cle l&rsquo;\u00e9glise qui porte son nom.<\/p>\n<p>Selon les <a target=\"_blank\" href=\"https:\/\/www.interieur.gouv.fr\/actualites\/communiques-de-presse\/actes-antireligieux-tendances-2025#:~:text=843%20actes%20antichr%C3%A9tiens%20ont%20%C3%A9t%C3%A9,repr%C3%A9sentent%2087%20%25%20des%20actes%20antichr%C3%A9tiens.\">chiffres du minist\u00e8re<\/a> fran\u00e7ais de l\u2019Int\u00e9rieur, les actes antichr\u00e9tiens recens\u00e9s en 2025 sont en progression de 9% par rapport \u00e0 2024, atteignant les 843. Une large majorit\u00e9 d\u2019entre eux, 87 %, sont des atteintes aux biens. Toujours selon la m\u00eame source, 538 vols d&rsquo;objets religieux ont \u00e9t\u00e9 recens\u00e9s en France en 2025, un chiffre en hausse de 11 % sur un an.<\/p>\n<p>\u00ab\u00a0La France est le pays qui recense le plus d&rsquo;actes antichr\u00e9tiens en Europe\u00bb, affirmait fin 2025 sur Europe 1 Thomas Van Den Bossche, charg\u00e9 du plaidoyer pour la cause des chr\u00e9tiens pers\u00e9cut\u00e9s au Centre europ\u00e9en pour le droit et la justice, ajoutant que ces actes feraient l\u2019objet d\u2019une \u00ab<a target=\"_blank\" href=\"https:\/\/www.europe1.fr\/societe\/actes-anti-chretiens-la-france-est-le-pays-qui-en-recense-le-plus-en-europe-affirme-thibault-van-den-bossche-875375\">sous-estimation<\/a> par les chr\u00e9tiens eux-m\u00eames\u00a0\u00bb.<\/p>\n<\/div>\n<p><br \/>\n<br \/><a href=\"https:\/\/francais.rt.com\/france\/131442-france-relique-saint-vincent-paul\" target=\"_blank\"\">Source link <\/a><\/p>\n","protected":false},"excerpt":{"rendered":"<p>Un \u00e9crin contenant un fragment de la tunique de Saint-Vincent-de-Paul, expos\u00e9e \u00e0 la v\u00e9n\u00e9ration du public dans l\u2019\u00e9glise parisienne \u00e9ponyme, a \u00e9t\u00e9 vol\u00e9 dans la journ\u00e9e du 7 mars. Cette&hellip; <\/p>\n","protected":false},"author":1,"featured_media":25005,"comment_status":"open","ping_status":"open","sticky":false,"template":"","format":"standard","meta":{"footnotes":""},"categories":[1],"tags":[],"class_list":["post-25004","post","type-post","status-publish","format-standard","has-post-thumbnail","hentry","category-non-classe"],"_links":{"self":[{"href":"https:\/\/monde25.info\/index.php\/wp-json\/wp\/v2\/posts\/25004","targetHints":{"allow":["GET"]}}],"collection":[{"href":"https:\/\/monde25.info\/index.php\/wp-json\/wp\/v2\/posts"}],"about":[{"href":"https:\/\/monde25.info\/index.php\/wp-json\/wp\/v2\/types\/post"}],"author":[{"embeddable":true,"href":"https:\/\/monde25.info\/index.php\/wp-json\/wp\/v2\/users\/1"}],"replies":[{"embeddable":true,"href":"https:\/\/monde25.info\/index.php\/wp-json\/wp\/v2\/comments?post=25004"}],"version-history":[{"count":0,"href":"https:\/\/monde25.info\/index.php\/wp-json\/wp\/v2\/posts\/25004\/revisions"}],"wp:featuredmedia":[{"embeddable":true,"href":"https:\/\/monde25.info\/index.php\/wp-json\/wp\/v2\/media\/25005"}],"wp:attachment":[{"href":"https:\/\/monde25.info\/index.php\/wp-json\/wp\/v2\/media?parent=25004"}],"wp:term":[{"taxonomy":"category","embeddable":true,"href":"https:\/\/monde25.info\/index.php\/wp-json\/wp\/v2\/categories?post=25004"},{"taxonomy":"post_tag","embeddable":true,"href":"https:\/\/monde25.info\/index.php\/wp-json\/wp\/v2\/tags?post=25004"}],"curies":[{"name":"wp","href":"https:\/\/api.w.org\/{rel}","templated":true}]}}