{"id":25006,"date":"2026-03-09T01:39:37","date_gmt":"2026-03-09T00:39:37","guid":{"rendered":"https:\/\/monde25.info\/index.php\/2026\/03\/09\/moins-de-voitures-plus-de-velos-et-de-trams-le-pari-reussi-des-ecologistes-a-tours\/"},"modified":"2026-03-09T01:39:37","modified_gmt":"2026-03-09T00:39:37","slug":"moins-de-voitures-plus-de-velos-et-de-trams-le-pari-reussi-des-ecologistes-a-tours","status":"publish","type":"post","link":"https:\/\/monde25.info\/index.php\/2026\/03\/09\/moins-de-voitures-plus-de-velos-et-de-trams-le-pari-reussi-des-ecologistes-a-tours\/","title":{"rendered":"Moins de voitures, plus de v\u00e9los et de trams\u00a0: le pari r\u00e9ussi des \u00c9cologistes \u00e0 Tours"},"content":{"rendered":"<p> <br \/>\n<br \/><img loading=\"lazy\" decoding=\"async\" src=\"https:\/\/reporterre.net\/local\/cache-vignettes\/L700xH467\/afp__20250701__6795651__v1__highres__6795651_1_-d9497.jpg?1772634896\" class=\"spip_logo\" width=\"700\" height=\"467\" alt=\"\" \/><\/p>\n<p>Municipales \u2014 Pistes cyclables, lancement d&rsquo;une deuxi\u00e8me ligne de tramway\u2026 Pass\u00e9e sous pavillon \u00e9cologiste en 2020, la mairie de Tours a acc\u00e9l\u00e9r\u00e9 le d\u00e9veloppement des mobilit\u00e9s douces, avec l&rsquo;ambition de r\u00e9duire la place de la voiture. <br class=\"autobr\" \/><br \/>\nTours (Indre-et-Loire), reportage <br class=\"autobr\" \/><br \/>\n348, 349\u2026 En cette matin\u00e9e de f\u00e9vrier, le compteur du nombre de v\u00e9los franchissant le pont Wilson, \u00e0 Tours, s&rsquo;agite. Des coureurs et pi\u00e9tons accompagnent cette valse de part et d&rsquo;autre de l&rsquo;ouvrage. Certains prennent le\u00a0(\u2026)<\/p>\n<p>                    <a target=\"_blank\" href=\"https:\/\/reporterre.net\/Moins-de-voitures-plus-de-velos-et-de-trams-le-pari-reussi-des-Ecologistes-a-Tours?utm_source=RSS&amp;utm_medium=RSS\">Lire la suite<\/a><\/p>\n<p>                    &#8211;<br \/>\n                        <a target=\"_blank\" href=\"https:\/\/reporterre.net\/Autres-infos\" rel=\"directory\">Info<\/a><\/p>\n<p>                    \/<br \/>\n                        <a target=\"_blank\" href=\"https:\/\/reporterre.net\/Transports\" rel=\"tag\">Transports<\/a><br \/>\n                    ,<br \/>\n                        <a target=\"_blank\" href=\"https:\/\/reporterre.net\/Municipales-2026\" rel=\"tag\">Municipales 2026<\/a><br \/>\n<br \/><br \/>\n<br \/><a href=\"https:\/\/reporterre.net\/Moins-de-voitures-plus-de-velos-et-de-trams-le-pari-reussi-des-Ecologistes-a-Tours\" target=\"_blank\"\">Source link <\/a><\/p>\n","protected":false},"excerpt":{"rendered":"<p>Municipales \u2014 Pistes cyclables, lancement d&rsquo;une deuxi\u00e8me ligne de tramway\u2026 Pass\u00e9e sous pavillon \u00e9cologiste en 2020, la mairie de Tours a acc\u00e9l\u00e9r\u00e9 le d\u00e9veloppement des mobilit\u00e9s douces, avec l&rsquo;ambition de&hellip; <\/p>\n","protected":false},"author":1,"featured_media":0,"comment_status":"open","ping_status":"open","sticky":false,"template":"","format":"standard","meta":{"footnotes":""},"categories":[1],"tags":[],"class_list":["post-25006","post","type-post","status-publish","format-standard","hentry","category-non-classe"],"_links":{"self":[{"href":"https:\/\/monde25.info\/index.php\/wp-json\/wp\/v2\/posts\/25006","targetHints":{"allow":["GET"]}}],"collection":[{"href":"https:\/\/monde25.info\/index.php\/wp-json\/wp\/v2\/posts"}],"about":[{"href":"https:\/\/monde25.info\/index.php\/wp-json\/wp\/v2\/types\/post"}],"author":[{"embeddable":true,"href":"https:\/\/monde25.info\/index.php\/wp-json\/wp\/v2\/users\/1"}],"replies":[{"embeddable":true,"href":"https:\/\/monde25.info\/index.php\/wp-json\/wp\/v2\/comments?post=25006"}],"version-history":[{"count":0,"href":"https:\/\/monde25.info\/index.php\/wp-json\/wp\/v2\/posts\/25006\/revisions"}],"wp:attachment":[{"href":"https:\/\/monde25.info\/index.php\/wp-json\/wp\/v2\/media?parent=25006"}],"wp:term":[{"taxonomy":"category","embeddable":true,"href":"https:\/\/monde25.info\/index.php\/wp-json\/wp\/v2\/categories?post=25006"},{"taxonomy":"post_tag","embeddable":true,"href":"https:\/\/monde25.info\/index.php\/wp-json\/wp\/v2\/tags?post=25006"}],"curies":[{"name":"wp","href":"https:\/\/api.w.org\/{rel}","templated":true}]}}