{"id":25023,"date":"2026-03-09T12:40:58","date_gmt":"2026-03-09T11:40:58","guid":{"rendered":"https:\/\/monde25.info\/index.php\/2026\/03\/09\/non-aux-tyrans-le-collectif-roja-une-voix-feministe-et-populaire-pour-liran\/"},"modified":"2026-03-09T12:40:58","modified_gmt":"2026-03-09T11:40:58","slug":"non-aux-tyrans-le-collectif-roja-une-voix-feministe-et-populaire-pour-liran","status":"publish","type":"post","link":"https:\/\/monde25.info\/index.php\/2026\/03\/09\/non-aux-tyrans-le-collectif-roja-une-voix-feministe-et-populaire-pour-liran\/","title":{"rendered":"\u00ab\u00a0Non aux tyrans\u00a0\u00bb\u00a0: le collectif Roja, une voix f\u00e9ministe et populaire pour l&#039;Iran"},"content":{"rendered":"<p> <br \/>\n<br \/><img loading=\"lazy\" decoding=\"async\" src=\"https:\/\/reporterre.net\/local\/cache-vignettes\/L700xH467\/2026-03-08_reporterre_collectifroja-20-bbd17.jpg?1773044860\" class=\"spip_logo\" width=\"700\" height=\"467\" alt=\"\" \/><\/p>\n<p>Entre la r\u00e9pression du r\u00e9gime iranien et les illusions royalistes, les militantes du collectif Roja font \u00e9merger une autre pens\u00e9e f\u00e9ministe et progressiste oppos\u00e9e \u00e0 la guerre en Iran. Rencontre avec celles qui refusent de \u00ab<small class=\"fine d-inline\">\u00a0<\/small>laisser cette voix dispara\u00eetre<small class=\"fine d-inline\">\u00a0<\/small>\u00bb. <br class=\"autobr\" \/><br \/>\nParis, reportage <br class=\"autobr\" \/><br \/>\nTandis que le brouillard se dissipe lentement, des militantes installent les stands des syndicats et associations, \u00e0 c\u00f4t\u00e9 des joggeurs qui traversent la place pour longer le canal Saint-Martin. \u00ab<small class=\"fine d-inline\">\u00a0<\/small>J&rsquo;arrive dans deux\u00a0(\u2026)<\/p>\n<p>                    <a target=\"_blank\" href=\"https:\/\/reporterre.net\/L-imperialisme-ne-libere-jamais-les-femmes-de-la-guerre-le-collectif-Roja-une-voix-feministe-et-populaire-pour-l-Iran?utm_source=RSS&amp;utm_medium=RSS\">Lire la suite<\/a><\/p>\n<p>                    &#8211;<br \/>\n                        <a target=\"_blank\" href=\"https:\/\/reporterre.net\/Reportage\" rel=\"directory\">Reportage<\/a><\/p>\n<p>                    \/<br \/>\n                        <a target=\"_blank\" href=\"https:\/\/reporterre.net\/International\" rel=\"tag\">Monde<\/a><br \/>\n                    ,<br \/>\n                        <a target=\"_blank\" href=\"https:\/\/reporterre.net\/Feminisme\" rel=\"tag\">F\u00e9minisme<\/a><br \/>\n<br \/><br \/>\n<br \/><a href=\"https:\/\/reporterre.net\/L-imperialisme-ne-libere-jamais-les-femmes-de-la-guerre-le-collectif-Roja-une-voix-feministe-et-populaire-pour-l-Iran\" target=\"_blank\"\">Source link <\/a><\/p>\n","protected":false},"excerpt":{"rendered":"<p>Entre la r\u00e9pression du r\u00e9gime iranien et les illusions royalistes, les militantes du collectif Roja font \u00e9merger une autre pens\u00e9e f\u00e9ministe et progressiste oppos\u00e9e \u00e0 la guerre en Iran. Rencontre&hellip; <\/p>\n","protected":false},"author":1,"featured_media":0,"comment_status":"open","ping_status":"open","sticky":false,"template":"","format":"standard","meta":{"footnotes":""},"categories":[1],"tags":[],"class_list":["post-25023","post","type-post","status-publish","format-standard","hentry","category-non-classe"],"_links":{"self":[{"href":"https:\/\/monde25.info\/index.php\/wp-json\/wp\/v2\/posts\/25023","targetHints":{"allow":["GET"]}}],"collection":[{"href":"https:\/\/monde25.info\/index.php\/wp-json\/wp\/v2\/posts"}],"about":[{"href":"https:\/\/monde25.info\/index.php\/wp-json\/wp\/v2\/types\/post"}],"author":[{"embeddable":true,"href":"https:\/\/monde25.info\/index.php\/wp-json\/wp\/v2\/users\/1"}],"replies":[{"embeddable":true,"href":"https:\/\/monde25.info\/index.php\/wp-json\/wp\/v2\/comments?post=25023"}],"version-history":[{"count":0,"href":"https:\/\/monde25.info\/index.php\/wp-json\/wp\/v2\/posts\/25023\/revisions"}],"wp:attachment":[{"href":"https:\/\/monde25.info\/index.php\/wp-json\/wp\/v2\/media?parent=25023"}],"wp:term":[{"taxonomy":"category","embeddable":true,"href":"https:\/\/monde25.info\/index.php\/wp-json\/wp\/v2\/categories?post=25023"},{"taxonomy":"post_tag","embeddable":true,"href":"https:\/\/monde25.info\/index.php\/wp-json\/wp\/v2\/tags?post=25023"}],"curies":[{"name":"wp","href":"https:\/\/api.w.org\/{rel}","templated":true}]}}