{"id":25024,"date":"2026-03-09T13:13:37","date_gmt":"2026-03-09T12:13:37","guid":{"rendered":"https:\/\/monde25.info\/index.php\/2026\/03\/09\/plainte-du-qatar-face-aux-bombardements-iraniens-par-alya-ahmed-al-thani\/"},"modified":"2026-03-09T13:13:37","modified_gmt":"2026-03-09T12:13:37","slug":"plainte-du-qatar-face-aux-bombardements-iraniens-par-alya-ahmed-al-thani","status":"publish","type":"post","link":"https:\/\/monde25.info\/index.php\/2026\/03\/09\/plainte-du-qatar-face-aux-bombardements-iraniens-par-alya-ahmed-al-thani\/","title":{"rendered":"Plainte du Qatar face aux bombardements iraniens, par Alya Ahmed Al-Thani"},"content":{"rendered":"<p> <br \/>\n<\/p>\n<div id=\"article-text\">\n<div class=\"article-text-images crayon article-texte-223877 \">\n<div class=\"spip_document_252242 spip_document spip_documents spip_document_image spip_documents_center spip_document_center\">\n<figure class=\"spip_doc_inner\">\n<img loading=\"lazy\" decoding=\"async\" src=\"https:\/\/www.voltairenet.org\/local\/cache-vignettes\/L500xH375\/400_-_1_5_-30-b4254.jpg?1773045199\" width=\"500\" height=\"375\" alt=\"\"\/><br \/>\n<\/figure>\n<\/div>\n<p>\tD\u2019ordre de mon Gouvernement et comme suite \u00e0 ma lettre dat\u00e9e du 1er mars 2026 (S\/2026\/110) et aux lettres dat\u00e9es du 25 f\u00e9vrier 2026 (S\/2026\/94) et du 28 f\u00e9vrier 2026 (S\/2026\/108), adress\u00e9es par le Repr\u00e9sentant permanent du Royaume de Bahre\u00efn au nom des \u00c9tats membres du Conseil de coop\u00e9ration des \u00c9tats arabes du Golfe, je vous \u00e9cris afin de vous tenir inform\u00e9s, ainsi que les membres du Conseil de s\u00e9curit\u00e9, des faits nouveaux concernant les frappes men\u00e9es par la R\u00e9publique islamique d\u2019Iran contre le territoire qatarien. Cette violation flagrante de la souverainet\u00e9 nationale de l\u2019\u00c9tat du Qatar et atteinte directe \u00e0 la s\u00e9curit\u00e9 et \u00e0 l\u2019int\u00e9grit\u00e9 territoriale du pays marque une escalade inacceptable qui menace la s\u00e9curit\u00e9 et la stabilit\u00e9 de la r\u00e9gion.<\/p>\n<p>\tLe Minist\u00e8re qatarien de la d\u00e9fense a annonc\u00e9 aujourd\u2019hui, lundi 2 mars 2026, que les forces a\u00e9riennes \u00e9miriennes du Qatar avaient abattu deux a\u00e9ronefs (Su-24) en provenance de la R\u00e9publique islamique d\u2019Iran. Aujourd\u2019hui \u00e9galement, sept missiles balistiques ont \u00e9t\u00e9 intercept\u00e9s par les d\u00e9fenses a\u00e9riennes, et les forces a\u00e9riennes \u00e9miriennes du Qatar et les forces navales \u00e9miriennes du Qatar ont intercept\u00e9 cinq drones qui avaient pour cible plusieurs r\u00e9gions du pays.<\/p>\n<p>\tLe Minist\u00e8re qatarien de la d\u00e9fense a aussi annonc\u00e9 aujourd\u2019hui que l\u2019\u00c9tat du Qatar avait \u00e9t\u00e9 touch\u00e9 par une frappe men\u00e9e depuis la R\u00e9publique islamique d\u2019Iran au moyen de deux drones, dont un a pris pour cible une des citernes d\u2019eau d\u2019une centrale \u00e9lectrique de l\u2019entreprise Mesaieed Power, et l\u2019autre une installation de production d\u2019\u00e9nergie de QatarEnergy dans la ville industrielle de Ras Laffan. Aucune victime n\u2019est \u00e0 d\u00e9plorer.<\/p>\n<p>\tLes autorit\u00e9s comp\u00e9tentes proc\u00e9deront au relev\u00e9 de l\u2019ensemble des dommages et pertes caus\u00e9s par l\u2019attaque. Nous vous tiendrons inform\u00e9s des faits nouveaux.<\/p>\n<p>\tL\u2019\u00c9tat du Qatar condamne \u00e9nergiquement cette attaque et affirme qu\u2019il se r\u00e9serve le droit de riposter, conform\u00e9ment \u00e0 l\u2019Article 51 de la Charte des Nations Unies et de mani\u00e8re proportionn\u00e9e par rapport \u00e0 la nature de l\u2019attaque, afin de d\u00e9fendre sa souverainet\u00e9 et de pr\u00e9server sa s\u00e9curit\u00e9 et ses int\u00e9r\u00eats nationaux.<\/p>\n<p>\tJe vous serais reconnaissante de bien vouloir faire distribuer le texte de la pr\u00e9sente lettre comme document du Conseil de s\u00e9curit\u00e9.<\/p>\n<\/div>\n<aside>\n<\/aside>\n<div class=\"follow\" id=\"social\">\n<h4>Restez en contact<\/h4>\n<div class=\"follow-left\">\n<h5>Suivez-nous sur les r\u00e9seaux sociaux<\/h5>\n<p><a target=\"_blank\" href=\"https:\/\/www.facebook.com\/R%C3%A9seau-Voltaire-en-fran%C3%A7ais-106616878523973\" title=\"\" target=\"_blank\"><img decoding=\"async\" src=\"https:\/\/www.voltairenet.org\/squelettes\/images\/follow-fb.png\" alt=\"\"\/><\/a><br \/>\n<a target=\"_blank\" href=\"https:\/\/t.me\/reseauvoltaire\" title=\"\" target=\"_blank\"><img decoding=\"async\" src=\"https:\/\/www.voltairenet.org\/squelettes\/images\/follow-tg.png\" alt=\"\"\/><\/a><br \/>\n<a target=\"_blank\" href=\"https:\/\/twitter.com\/voltairenetFr\" title=\"\" target=\"_blank\"><img decoding=\"async\" src=\"https:\/\/www.voltairenet.org\/squelettes\/images\/follow-tw.png\" alt=\"\"\/><\/a>\n<\/div>\n<p><h5>Subscribe to weekly newsletter<\/h5>\n<\/p>\n<\/div>\n<p><!--\n\n<div><\/div>\n\n--><\/p>\n<\/div>\n<p><script async src=\"\/\/platform.twitter.com\/widgets.js\" charset=\"utf-8\"><\/script><br \/>\n<br \/><br \/>\n<br \/><a href=\"https:\/\/www.voltairenet.org\/article223877.html\" target=\"_blank\"\">Source link <\/a><\/p>\n","protected":false},"excerpt":{"rendered":"<p>D\u2019ordre de mon Gouvernement et comme suite \u00e0 ma lettre dat\u00e9e du 1er mars 2026 (S\/2026\/110) et aux lettres dat\u00e9es du 25 f\u00e9vrier 2026 (S\/2026\/94) et du 28 f\u00e9vrier 2026&hellip; <\/p>\n","protected":false},"author":1,"featured_media":25025,"comment_status":"open","ping_status":"open","sticky":false,"template":"","format":"standard","meta":{"footnotes":""},"categories":[1],"tags":[],"class_list":["post-25024","post","type-post","status-publish","format-standard","has-post-thumbnail","hentry","category-non-classe"],"_links":{"self":[{"href":"https:\/\/monde25.info\/index.php\/wp-json\/wp\/v2\/posts\/25024","targetHints":{"allow":["GET"]}}],"collection":[{"href":"https:\/\/monde25.info\/index.php\/wp-json\/wp\/v2\/posts"}],"about":[{"href":"https:\/\/monde25.info\/index.php\/wp-json\/wp\/v2\/types\/post"}],"author":[{"embeddable":true,"href":"https:\/\/monde25.info\/index.php\/wp-json\/wp\/v2\/users\/1"}],"replies":[{"embeddable":true,"href":"https:\/\/monde25.info\/index.php\/wp-json\/wp\/v2\/comments?post=25024"}],"version-history":[{"count":0,"href":"https:\/\/monde25.info\/index.php\/wp-json\/wp\/v2\/posts\/25024\/revisions"}],"wp:featuredmedia":[{"embeddable":true,"href":"https:\/\/monde25.info\/index.php\/wp-json\/wp\/v2\/media\/25025"}],"wp:attachment":[{"href":"https:\/\/monde25.info\/index.php\/wp-json\/wp\/v2\/media?parent=25024"}],"wp:term":[{"taxonomy":"category","embeddable":true,"href":"https:\/\/monde25.info\/index.php\/wp-json\/wp\/v2\/categories?post=25024"},{"taxonomy":"post_tag","embeddable":true,"href":"https:\/\/monde25.info\/index.php\/wp-json\/wp\/v2\/tags?post=25024"}],"curies":[{"name":"wp","href":"https:\/\/api.w.org\/{rel}","templated":true}]}}