{"id":25027,"date":"2026-03-09T14:19:36","date_gmt":"2026-03-09T13:19:36","guid":{"rendered":"https:\/\/monde25.info\/index.php\/2026\/03\/09\/plainte-disrael-face-a-une-photographie-erronnee-publiee-par-le-secretariat-general-par-danny-danon\/"},"modified":"2026-03-09T14:19:36","modified_gmt":"2026-03-09T13:19:36","slug":"plainte-disrael-face-a-une-photographie-erronnee-publiee-par-le-secretariat-general-par-danny-danon","status":"publish","type":"post","link":"https:\/\/monde25.info\/index.php\/2026\/03\/09\/plainte-disrael-face-a-une-photographie-erronnee-publiee-par-le-secretariat-general-par-danny-danon\/","title":{"rendered":"Plainte d&rsquo;Isra\u00ebl face \u00e0 une photographie erronn\u00e9e publi\u00e9e par le secr\u00e9tariat g\u00e9n\u00e9ral, par Danny Danon"},"content":{"rendered":"<p> <br \/>\n<\/p>\n<div>\n<div class=\"spip_document_252239 spip_document spip_documents spip_document_image spip_documents_center spip_document_center spip_document_avec_legende\" data-legende-len=\"159\" data-legende-lenx=\"xxx\">\n<figure class=\"spip_doc_inner\">\n<img loading=\"lazy\" decoding=\"async\" src=\"https:\/\/www.voltairenet.org\/local\/cache-vignettes\/L764xH573\/400_-_1_4_-78-801b4.jpg?1773044703\" width=\"764\" height=\"573\" alt=\"\"\/><figcaption class=\"spip_doc_legende\">\n<p><strong>Photo d\u2019opposants iraniens tu\u00e9s lors de la repression, diffus\u00e9e par erreur par le secr\u00e9tariat g\u00e9n\u00e9ral des Nations unes comme celle d\u2019Iraniens tu\u00e9s par Isra\u00ebl<br \/>\n<\/strong><\/p>\n<\/figcaption><\/figure>\n<\/div>\n<p>\tJe vous \u00e9cris pour vous faire part de la profonde inqui\u00e9tude et de la grande d\u00e9ception suscit\u00e9es par un message publi\u00e9 hier, le 1er mars 2026, sur votre compte X officiel, dans lequel vous vous d\u00e9clarez profond\u00e9ment alarm\u00e9e par les informations faisant \u00e9tat d\u2019une attaque ciblant des \u00e9coles iraniennes qui aurait fait un grand nombre de victimes, principalement des enfants. Le message a gagn\u00e9 en port\u00e9e apr\u00e8s avoir \u00e9t\u00e9 relay\u00e9 par le compte officiel de votre Bureau, ce qui a conf\u00e9r\u00e9 toute l\u2019autorit\u00e9 et le soutien de l\u2019Organisation des Nations Unies \u00e0 son contenu (voir pi\u00e8ce jointe).<\/p>\n<p>\tVotre message \u00e9tait accompagn\u00e9 d\u2019une image choquante montrant des civils iraniens cherchant leurs proches parmi des rang\u00e9es de sacs mortuaires. Il est \u00e0 noter que vous n\u2019avez pas cit\u00e9 la source de la photographie, ni indiqu\u00e9 la date ou les circonstances dans lesquelles elle a \u00e9t\u00e9 prise.<\/p>\n<p>\tUn simple examen rapide des informations accessibles au public montre que l\u2019image que vous avez choisie de diffuser n\u2019a aucun rapport avec les all\u00e9gations cit\u00e9es dans votre message. Selon les informations publiques disponibles sur Internet, cette photographie a \u00e9t\u00e9 prise \u00e0 la mi-janvier 2026 dans la ville de Kahrizak (Iran) et montre des familles iraniennes \u00e0 la recherche de proches parmi les victimes de la r\u00e9pression brutale men\u00e9e par le Corps des gardiens de la r\u00e9volution islamique contre des manifestants protestant contre le r\u00e9gime iranien. Les victimes repr\u00e9sent\u00e9es n\u2019avaient pas succomb\u00e9 \u00e0 une pr\u00e9tendue attaque contre des \u00e9coles, et n\u2019\u00e9taient pas non plus des enfants. Il s\u2019agissait plut\u00f4t de civils, des manifestants oppos\u00e9s au Corps des gardiens de la r\u00e9volution islamique, dont les seules revendications \u00e9taient la libert\u00e9 et les droits fondamentaux.<\/p>\n<p>\tCette image a \u00e9t\u00e9 reprise plusieurs fois dans des reportages diffus\u00e9s en janvier 2026, qui l\u2019ont tous pr\u00e9sent\u00e9e comme une preuve du massacre des manifestants perp\u00e9tr\u00e9 \u00e0 Kahrizak par le r\u00e9gime iranien. Le fait que vous et votre Bureau ayez d\u00e9cid\u00e9 de r\u00e9utiliser cette photographie dans un contexte totalement diff\u00e9rent constitue un cas de diffusion d\u2019informations fausses et trompeuses, qui revient \u00e0 faire la promotion d\u2019informations fallacieuses et de la d\u00e9sinformation sous la banni\u00e8re de l\u2019Organisation des Nations Unies et risque d\u2019attiser les tensions, d\u2019alimenter les th\u00e9ories du complot et de polariser davantage des d\u00e9bats d\u00e9j\u00e0 tendus.<\/p>\n<p>\tIl ne s\u2019agit malheureusement pas d\u2019un cas isol\u00e9. L\u2019\u00c9tat d\u2019Isra\u00ebl exprime depuis longtemps les vives inqui\u00e9tudes que suscitent l\u2019objectivit\u00e9, la m\u00e9thodologie et la cr\u00e9dibilit\u00e9 du m\u00e9canisme de l\u2019Organisation des Nations Unies relatif aux enfants en situation de conflit arm\u00e9 et votre Bureau. Depuis des ann\u00e9es, on trouve r\u00e9guli\u00e8rement des chiffres non v\u00e9rifi\u00e9s et exag\u00e9r\u00e9s dans le rapport annuel du Secr\u00e9taire g\u00e9n\u00e9ral sur les enfants et les conflits arm\u00e9s, lequel pr\u00e9sente ainsi un r\u00e9cit d\u00e9form\u00e9 et politis\u00e9 qui nuit \u00e0 son int\u00e9grit\u00e9 et \u00e0 sa cr\u00e9dibilit\u00e9. Le comportement constat\u00e9 hier ne fait que renforcer le profond manque de confiance d\u2019Isra\u00ebl envers le professionnalisme et la neutralit\u00e9 de votre Bureau.<\/p>\n<p>\tLe fait que vous ayez choisi de supprimer le message publi\u00e9 sur X apr\u00e8s la r\u00e9v\u00e9lation publique de cette manipulation et que vous n\u2019ayez pr\u00e9sent\u00e9 aucune mise au point, correction ou excuse en dit long. Face \u00e0 une faute aussi grave, il est inacceptable de garder le silence. L\u2019application du principe de responsabilit\u00e9 n\u2019est pas facultative pour les hauts fonctionnaires de l\u2019Organisation des Nations Unies\u00a0; il s\u2019agit d\u2019une composante essentielle de leur mandat.<\/p>\n<p>\tIl est particuli\u00e8rement troublant que le m\u00eame jour, le 1er mars 2026, le Corps des gardiens de la r\u00e9volution islamique ait lanc\u00e9 des missiles balistiques sur des centres urbains civils en Isra\u00ebl et sur d\u2019autres pays de notre r\u00e9gion. En Isra\u00ebl, des civils innocents, y compris des enfants, ont \u00e9t\u00e9 bless\u00e9s et tu\u00e9s. Vous n\u2019avez pas condamn\u00e9 ces actes, que ce soit \u00e0 titre personnel ou par l\u2019interm\u00e9diaire de votre Bureau, conduite qui d\u00e9tonne fortement avec votre empressement \u00e0 diffuser des all\u00e9gations non v\u00e9rifi\u00e9es accompagn\u00e9es d\u2019images trompeuses. Votre communication s\u00e9lective ne fait qu\u2019\u00e9roder la cr\u00e9dibilit\u00e9 d\u00e9j\u00e0 mise \u00e0 mal de votre Bureau et soul\u00e8ve de graves questions quant \u00e0 son impartialit\u00e9.<\/p>\n<p>\tJe vous demande donc de publier sans d\u00e9lai une mise au point publique et des excuses officielles confirmant que le message en question \u00e9tait fond\u00e9 sur des informations fausses et trompeuses et que l\u2019image diffus\u00e9e par votre Bureau n\u2019avait aucun rapport avec les all\u00e9gations non v\u00e9rifi\u00e9es que vous avez formul\u00e9es.<\/p>\n<p>\tJe vous informe qu\u2019une copie de la pr\u00e9sente lettre a \u00e9t\u00e9 adress\u00e9e au Secr\u00e9taire g\u00e9n\u00e9ral, au Repr\u00e9sentant permanent des \u00c9tats-Unis d\u2019Am\u00e9rique aupr\u00e8s de l\u2019Organisation des Nations Unies et au Pr\u00e9sident du Conseil de s\u00e9curit\u00e9.<\/p>\n<p>\tJ\u2019ai \u00e9galement l\u2019intention de demander au Pr\u00e9sident du Conseil de s\u00e9curit\u00e9 de faire distribuer le texte de la pr\u00e9sente lettre comme document du Conseil de s\u00e9curit\u00e9.<\/p>\n<\/div>\n<p><br \/>\n<br \/><a href=\"https:\/\/www.voltairenet.org\/article223876.html\" target=\"_blank\"\">Source link <\/a><\/p>\n","protected":false},"excerpt":{"rendered":"<p>Photo d\u2019opposants iraniens tu\u00e9s lors de la repression, diffus\u00e9e par erreur par le secr\u00e9tariat g\u00e9n\u00e9ral des Nations unes comme celle d\u2019Iraniens tu\u00e9s par Isra\u00ebl Je vous \u00e9cris pour vous faire&hellip; <\/p>\n","protected":false},"author":1,"featured_media":25028,"comment_status":"open","ping_status":"open","sticky":false,"template":"","format":"standard","meta":{"footnotes":""},"categories":[1],"tags":[],"class_list":["post-25027","post","type-post","status-publish","format-standard","has-post-thumbnail","hentry","category-non-classe"],"_links":{"self":[{"href":"https:\/\/monde25.info\/index.php\/wp-json\/wp\/v2\/posts\/25027","targetHints":{"allow":["GET"]}}],"collection":[{"href":"https:\/\/monde25.info\/index.php\/wp-json\/wp\/v2\/posts"}],"about":[{"href":"https:\/\/monde25.info\/index.php\/wp-json\/wp\/v2\/types\/post"}],"author":[{"embeddable":true,"href":"https:\/\/monde25.info\/index.php\/wp-json\/wp\/v2\/users\/1"}],"replies":[{"embeddable":true,"href":"https:\/\/monde25.info\/index.php\/wp-json\/wp\/v2\/comments?post=25027"}],"version-history":[{"count":0,"href":"https:\/\/monde25.info\/index.php\/wp-json\/wp\/v2\/posts\/25027\/revisions"}],"wp:featuredmedia":[{"embeddable":true,"href":"https:\/\/monde25.info\/index.php\/wp-json\/wp\/v2\/media\/25028"}],"wp:attachment":[{"href":"https:\/\/monde25.info\/index.php\/wp-json\/wp\/v2\/media?parent=25027"}],"wp:term":[{"taxonomy":"category","embeddable":true,"href":"https:\/\/monde25.info\/index.php\/wp-json\/wp\/v2\/categories?post=25027"},{"taxonomy":"post_tag","embeddable":true,"href":"https:\/\/monde25.info\/index.php\/wp-json\/wp\/v2\/tags?post=25027"}],"curies":[{"name":"wp","href":"https:\/\/api.w.org\/{rel}","templated":true}]}}