{"id":25032,"date":"2026-03-09T16:31:36","date_gmt":"2026-03-09T15:31:36","guid":{"rendered":"https:\/\/monde25.info\/index.php\/2026\/03\/09\/nouveau-bras-de-fer-politique-entre-le-president-et-son-premier-ministre-rt-en-francais\/"},"modified":"2026-03-09T16:31:36","modified_gmt":"2026-03-09T15:31:36","slug":"nouveau-bras-de-fer-politique-entre-le-president-et-son-premier-ministre-rt-en-francais","status":"publish","type":"post","link":"https:\/\/monde25.info\/index.php\/2026\/03\/09\/nouveau-bras-de-fer-politique-entre-le-president-et-son-premier-ministre-rt-en-francais\/","title":{"rendered":"nouveau bras de fer politique entre le pr\u00e9sident et son Premier ministre \u2014 RT en fran\u00e7ais"},"content":{"rendered":"<p> <br \/>\n<br \/><img decoding=\"async\" src=\"https:\/\/mf.b37mrtl.ru\/french\/images\/2026.03\/thumbnail\/69aedbdc6f7ccc673137aab3.jpg\" \/><\/p>\n<div>\n<p class=\"text__summary\">\n                                        Bassirou Diomaye Faye a pr\u00e9sid\u00e9 l\u2019assembl\u00e9e g\u00e9n\u00e9rale de la coalition \u00abDiomaye pr\u00e9sident\u00bb dans un contexte de tension politique persistante au sein de la majorit\u00e9 pr\u00e9sidentielle avec son Premier ministre, Ousmane Sonko.\n                                    <\/p>\n<p>La coalition\u00a0\u00ab\u00a0Diomaye pr\u00e9sident\u00a0\u00bb s&rsquo;est r\u00e9unie le 7 mars \u00e0 Dakar pour sa premi\u00e8re assembl\u00e9e g\u00e9n\u00e9rale. Une rencontre qui s\u2019annonce comme un nouvel \u00e9pisode du bras de fer politique entre le pr\u00e9sident du pays Bassirou Diomaye Faye et son Premier ministre et chef du parti les Patriotes africains du S\u00e9n\u00e9gal pour le travail, l&rsquo;\u00e9thique et la fraternit\u00e9 (Pastef), Ousmane Sonko. Selon le correspondant de RT \u00e0 Dakar, qui a suivi de pr\u00e8s cette r\u00e9union, le chef de l\u2019\u00c9tat a pris le contrepied de son chef du gouvernement et a valid\u00e9 la restructuration de la coalition\u00a0\u00ab\u00a0Diomaye pr\u00e9sident\u00a0\u00bb, sous la supervision d\u2019Aminata Tour\u00e9, ancienne Premi\u00e8re ministre, elle-m\u00eame contest\u00e9e par le leader du Pastef.<\/p>\n<p>Bassirou Diomaye Faye a pr\u00e9sid\u00e9 en personne l\u2019assembl\u00e9e g\u00e9n\u00e9rale de la coalition, et manifestement, il entend rester dans cette dynamique malgr\u00e9 les critiques. \u00ab\u00a0Je tiens \u00e0 rassurer les S\u00e9n\u00e9galais, ceux qui me soutiennent ou non, ceux qui ne font pas de la politique ou non, les autorit\u00e9s religieuses ou coutumi\u00e8res. Je peux vous assurer que j\u2019exerce pleinement le mandat que vous m\u2019avez confi\u00e9. Et j\u2019entends continuer \u00e0 gouverner ce pays avec cette humilit\u00e9 et cette lucidit\u00e9\u00a0\u00bb, a-t-il d\u00e9clar\u00e9 dans son discours \u00e0 l\u2019assembl\u00e9e g\u00e9n\u00e9rale.<\/p>\n<h2>Nouvelle orientation de la coalition<\/h2>\n<p>Le pr\u00e9sident s\u00e9n\u00e9galais avait d\u00e9clin\u00e9 les nouvelles orientations de la coalition \u00ab\u00a0Diomaye pr\u00e9sident\u00a0\u00bb, qui a d\u2019ailleurs adopt\u00e9 ses textes fondateurs le 7 mars \u00e0 Dakar. Selon Bassirou Diomaye Faye, la mission de la coalition sera d\u00e9sormais de soutenir et de vulgariser les actions du gouvernement. \u00ab\u00a0Cette coalition sera une coalition ouverte, efficiente, op\u00e9rationnelle et pleinement au service de la vulgarisation de l&rsquo;action du gouvernement\u00a0\u00bb, a-t-il affirm\u00e9. Pour sa part, le Pastef s\u2019oppose \u00e0 la restructuration de cette coalition.<\/p>\n<p>Le chef de l&rsquo;\u00c9tat s\u00e9n\u00e9galais a rappel\u00e9 qu\u2019une coalition qui soutient l\u2019action du pr\u00e9sident ne peut pas \u00eatre atone, une d\u00e9claration qui indique que le temps de la figuration et de la mobilisation de fa\u00e7ade est r\u00e9volu. Pour Bassirou Diomaye Faye, soutenir le pr\u00e9sident implique une pr\u00e9sence active sur le terrain, une capacit\u00e9 \u00e0 relayer les politiques publiques et \u00e0 animer le d\u00e9bat autour du projet de transformation port\u00e9 par le gouvernement.<\/p>\n<h2>Ousmane Sonko \u00e9voque des possibilit\u00e9s de cohabitation douce ou de rupture<\/h2>\n<p>Face \u00e0 une scission pleinement act\u00e9e entre le pr\u00e9sident s\u00e9n\u00e9galais et le Pastef de son Premier ministre, Ousmane Sonko a d\u00e9clar\u00e9 qu\u2019en cas d\u2019alignement du pr\u00e9sident au Pastef, \u00ab\u00a0le d\u00e9bat ne se pose pas\u00a0\u00bb, mais que si le pr\u00e9sident n\u2019est pas align\u00e9\u00a0sur son parti alors qu\u2019il continue de gouverner, une cohabitation\u00a0\u00ab\u00a0douce\u00a0\u00bb devrait alors s\u2019installer. Le parti, qui a la majorit\u00e9 \u00e0 l\u2019Assembl\u00e9e nationale, soutient le Premier ministre. \u00ab\u00a0Dans ce cas, on peut g\u00e9rer ou essayer de g\u00e9rer nos contradictions ou divergences. S\u2019il y a rupture avec le pr\u00e9sident, nous serons soit dans une cohabitation cors\u00e9e ou frontale, soit le Pastef redeviendra un parti d\u2019opposition\u00a0\u00bb, a d\u00e9clar\u00e9 le chef du gouvernement.<\/p>\n<\/div>\n<p><br \/>\n<br \/><a href=\"https:\/\/francais.rt.com\/afrique\/131475-senegal-nouveau-bras-fer-politique-president-premier-ministre\" target=\"_blank\"\">Source link <\/a><\/p>\n","protected":false},"excerpt":{"rendered":"<p>Bassirou Diomaye Faye a pr\u00e9sid\u00e9 l\u2019assembl\u00e9e g\u00e9n\u00e9rale de la coalition \u00abDiomaye pr\u00e9sident\u00bb dans un contexte de tension politique persistante au sein de la majorit\u00e9 pr\u00e9sidentielle avec son Premier ministre, Ousmane&hellip; <\/p>\n","protected":false},"author":1,"featured_media":25033,"comment_status":"open","ping_status":"open","sticky":false,"template":"","format":"standard","meta":{"footnotes":""},"categories":[1],"tags":[],"class_list":["post-25032","post","type-post","status-publish","format-standard","has-post-thumbnail","hentry","category-non-classe"],"_links":{"self":[{"href":"https:\/\/monde25.info\/index.php\/wp-json\/wp\/v2\/posts\/25032","targetHints":{"allow":["GET"]}}],"collection":[{"href":"https:\/\/monde25.info\/index.php\/wp-json\/wp\/v2\/posts"}],"about":[{"href":"https:\/\/monde25.info\/index.php\/wp-json\/wp\/v2\/types\/post"}],"author":[{"embeddable":true,"href":"https:\/\/monde25.info\/index.php\/wp-json\/wp\/v2\/users\/1"}],"replies":[{"embeddable":true,"href":"https:\/\/monde25.info\/index.php\/wp-json\/wp\/v2\/comments?post=25032"}],"version-history":[{"count":0,"href":"https:\/\/monde25.info\/index.php\/wp-json\/wp\/v2\/posts\/25032\/revisions"}],"wp:featuredmedia":[{"embeddable":true,"href":"https:\/\/monde25.info\/index.php\/wp-json\/wp\/v2\/media\/25033"}],"wp:attachment":[{"href":"https:\/\/monde25.info\/index.php\/wp-json\/wp\/v2\/media?parent=25032"}],"wp:term":[{"taxonomy":"category","embeddable":true,"href":"https:\/\/monde25.info\/index.php\/wp-json\/wp\/v2\/categories?post=25032"},{"taxonomy":"post_tag","embeddable":true,"href":"https:\/\/monde25.info\/index.php\/wp-json\/wp\/v2\/tags?post=25032"}],"curies":[{"name":"wp","href":"https:\/\/api.w.org\/{rel}","templated":true}]}}