{"id":25034,"date":"2026-03-09T19:16:39","date_gmt":"2026-03-09T18:16:39","guid":{"rendered":"https:\/\/monde25.info\/index.php\/2026\/03\/09\/des-apocalypses-vertigineuses-par-hubert-prolongeau-le-monde-diplomatique-mars-2026\/"},"modified":"2026-03-09T19:16:39","modified_gmt":"2026-03-09T18:16:39","slug":"des-apocalypses-vertigineuses-par-hubert-prolongeau-le-monde-diplomatique-mars-2026","status":"publish","type":"post","link":"https:\/\/monde25.info\/index.php\/2026\/03\/09\/des-apocalypses-vertigineuses-par-hubert-prolongeau-le-monde-diplomatique-mars-2026\/","title":{"rendered":"Des apocalypses vertigineuses, par Hubert Prolongeau (Le Monde diplomatique, mars 2026)"},"content":{"rendered":"<p> <br \/>\n<\/p>\n<div couleurfade=\"eee9e6\" couleurclaire=\"f2e0d8\" couleurpale=\"efbfa8\" couleurmi=\"9a5331\" couleurfoncee=\"793c1f\" couleursombre=\"26140c\" couleurfond=\"5d524c\" couleurtexte=\"ffffff\">\n<figure class=\"spip_document_41798 spip_documents spip_documents_right\" style=\"float:right; width:200px;\">\n<div class=\"limage\">\n<p>\t\t\t<img loading=\"lazy\" decoding=\"async\" src=\"https:\/\/www.monde-diplomatique.fr\/\/local\/cache-vignettes\/L200xH293\/montsmeretgeants-2aedc.jpg?1772123889\" width=\"200\" height=\"293\" class=\"spip_logos\" alt=\"JPEG - 58.5\u00a0kio\"\/><\/p><\/div><figcaption>\n<\/figcaption><\/figure>\n<p><span class=\"mot-lettrine\"><span class=\"lettrine\">I<\/span>l<\/span> est des \u0153uvres \u00e9cras\u00e9es par un seul titre. Ainsi celle d\u2019Alfred D\u00f6blin (1878-1957), dont le monumental <i>Berlin Alexanderplatz<\/i> (1929), adapt\u00e9 en une somptueuse s\u00e9rie de quatorze \u00e9pisodes par le cin\u00e9aste Rainer Werner Fassbinder en 1980, a effac\u00e9 le reste d\u2019une production pourtant assez prolifique, et souvent remarquable<span class=\"spip_note_ref\">\u00a0(<a target=\"_blank\" href=\"http:\/\/www.monde-diplomatique.fr\/2026\/03\/PROLONGEAU\/69353#nb1\" class=\"spip_note\" rel=\"appendix\" title=\"Une premi\u00e8re traduction en fran\u00e7ais est parue en 1933, aux \u00e9ditions\u00a0(\u2026)\" id=\"nh1\">1<\/a>)<\/span>. La surprise est donc d\u2019autant plus savoureuse de d\u00e9couvrir <i>Monts mers et g\u00e9ants,<\/i> un roman de 1924 rest\u00e9 in\u00e9dit en fran\u00e7ais, qui rompt avec la fresque sociale qu\u2019incarnait son auteur puisqu\u2019il propose l\u00e0 un r\u00e9cit d\u2019anticipation, \u00e0 l\u2019instar du Russe Evgueni Zamiatine (<i>Nous,<\/i> 1920) et du pr\u00e9curseur britannique H. G. Wells (<i>La Machine \u00e0 remonter le temps,<\/i> 1895, <i>La Guerre des mondes,<\/i> 1898). Il avait d\u00e9j\u00e0 \u00e9crit ce qui pouvait s\u2019apparenter \u00e0 des romans historiques, avec <i>Les Trois Bonds de Wang Lun. Roman chinois<\/i> (1915) et <i>Wallenstein (<\/i>1920)<span class=\"spip_note_ref\">\u00a0(<a target=\"_blank\" href=\"http:\/\/www.monde-diplomatique.fr\/2026\/03\/PROLONGEAU\/69353#nb2\" class=\"spip_note\" rel=\"appendix\" title=\"Parus chez Agone, Marseille, 2011 et 2012.\" id=\"nh2\">2<\/a>)<\/span>. <i>Monts mers et g\u00e9ants<\/i> se d\u00e9roule en revanche entre les <span class=\"siecle\">XXIII<sup class=\"typo_exposants\">e<\/sup><\/span> et <span class=\"siecle\">XXVII<sup class=\"typo_exposants\">e<\/sup><\/span>\u00a0si\u00e8cles. Les humains, aveugl\u00e9s par leur soif de pouvoir, ont, apr\u00e8s le premier conflit mondial, r\u00e9ussi \u00e0 d\u00e9truire la plan\u00e8te. Les drames se sont succ\u00e9d\u00e9. La guerre fait rage entre l\u2019Est et l\u2019Ouest. L\u2019id\u00e9e de faire fondre les glaces du Groenland pour s\u2019y installer commence \u00e0 se faire jour\u2026 Le jeu le plus imm\u00e9diat en lisant un roman d\u2019anticipation ancien est de v\u00e9rifier \u00e0 quel point l\u2019auteur a vu juste, et de le qualifier ensuite (ou non\u2026) de \u00ab<small class=\"fine\">\u00a0<\/small>visionnaire<small class=\"fine\">\u00a0<\/small>\u00bb. Visionnaire, D\u00f6blin l\u2019a \u00e9t\u00e9. Il imagine un monde soumis, c\u2019est le principe m\u00eame des dystopies, \u00e0 des catastrophes qui y rendent la vie un peu plus que difficile\u00a0: on y trouve le traitement de la nature \u00e0 des fins de pure exploitation, le r\u00e9chauffement climatique et la fonte des glaces, la colonisation des pays du Sud par ceux du Nord, les migrations, la prolif\u00e9ration des armes chimiques, toutes choses qui trouvent \u00e9videmment \u00e9cho un si\u00e8cle plus tard. Des r\u00e9f\u00e9rences scientifiques pr\u00e9cises et document\u00e9es rendent encore plus vraisemblable cette prospective, sans pour autant que nous soit ass\u00e9n\u00e9 un expos\u00e9\u00a0: D\u00f6blin se situe \u00e0 mi-chemin entre la \u00ab<small class=\"fine\">\u00a0<\/small>hard science<small class=\"fine\">\u00a0<\/small>\u00bb et les d\u00e9lires \u00e0 la Edgar Rice Burroughs, dont le h\u00e9ros n\u2019avait qu\u2019\u00e0 s\u2019endormir pour se retrouver sur Mars.<\/p>\n<p>Mais ce petit jeu de v\u00e9rifications n\u2019aurait que peu d\u2019int\u00e9r\u00eat si D\u00f6blin n\u2019offrait une \u0153uvre baroque, puzzle \u00e9tonnant, d\u2019une lecture \u00e0 la fois ardue et enthousiasmante. D\u00e8s le d\u00e9but, il refuse de jouer le jeu de l\u2019incarnation et des personnages \u00e9tendards, des histoires qui s\u2019entrelacent et de la fresque tiss\u00e9e de destins individuels. Il d\u00e9peint, \u00e0 grands coups de morceaux de bravoure lyriques, l\u2019\u00e9volution de l\u2019esp\u00e8ce enti\u00e8re, jouant la carte autrement plus audacieuse de l\u2019impersonnalisation. Quand les personnages apparaissent, c\u2019est pour \u00eatre vite noy\u00e9s dans un cauchemar futuriste, parfois r\u00e9p\u00e9titif, parfois saisissant. On n\u2019oubliera pas, entre autres, le chapitre sur la d\u00e9glaciation du Groenland ou l\u2019apparition finale d\u2019un bestiaire fabuleux, et on essaiera de r\u00e9duire \u00e0 de d\u00e9testables clich\u00e9s de l\u2019\u00e9poque ce que certains passages, assez racistes, peuvent avoir de choquant. Ce roman est incontr\u00f4l\u00e9, souvent inconfortable, torrentiel\u2026 En des temps de litt\u00e9rature souvent trop ti\u00e8de, ce sont aussi ces exc\u00e8s bouillonnants qui font son int\u00e9r\u00eat.<\/p>\n<\/p><\/div>\n<p><br \/>\n<br \/><a href=\"https:\/\/www.monde-diplomatique.fr\/2026\/03\/PROLONGEAU\/69353\" target=\"_blank\"\">Source link <\/a><\/p>\n","protected":false},"excerpt":{"rendered":"<p>Il est des \u0153uvres \u00e9cras\u00e9es par un seul titre. Ainsi celle d\u2019Alfred D\u00f6blin (1878-1957), dont le monumental Berlin Alexanderplatz (1929), adapt\u00e9 en une somptueuse s\u00e9rie de quatorze \u00e9pisodes par le&hellip; <\/p>\n","protected":false},"author":1,"featured_media":25035,"comment_status":"open","ping_status":"open","sticky":false,"template":"","format":"standard","meta":{"footnotes":""},"categories":[1],"tags":[],"class_list":["post-25034","post","type-post","status-publish","format-standard","has-post-thumbnail","hentry","category-non-classe"],"_links":{"self":[{"href":"https:\/\/monde25.info\/index.php\/wp-json\/wp\/v2\/posts\/25034","targetHints":{"allow":["GET"]}}],"collection":[{"href":"https:\/\/monde25.info\/index.php\/wp-json\/wp\/v2\/posts"}],"about":[{"href":"https:\/\/monde25.info\/index.php\/wp-json\/wp\/v2\/types\/post"}],"author":[{"embeddable":true,"href":"https:\/\/monde25.info\/index.php\/wp-json\/wp\/v2\/users\/1"}],"replies":[{"embeddable":true,"href":"https:\/\/monde25.info\/index.php\/wp-json\/wp\/v2\/comments?post=25034"}],"version-history":[{"count":0,"href":"https:\/\/monde25.info\/index.php\/wp-json\/wp\/v2\/posts\/25034\/revisions"}],"wp:featuredmedia":[{"embeddable":true,"href":"https:\/\/monde25.info\/index.php\/wp-json\/wp\/v2\/media\/25035"}],"wp:attachment":[{"href":"https:\/\/monde25.info\/index.php\/wp-json\/wp\/v2\/media?parent=25034"}],"wp:term":[{"taxonomy":"category","embeddable":true,"href":"https:\/\/monde25.info\/index.php\/wp-json\/wp\/v2\/categories?post=25034"},{"taxonomy":"post_tag","embeddable":true,"href":"https:\/\/monde25.info\/index.php\/wp-json\/wp\/v2\/tags?post=25034"}],"curies":[{"name":"wp","href":"https:\/\/api.w.org\/{rel}","templated":true}]}}