{"id":25037,"date":"2026-03-09T20:36:40","date_gmt":"2026-03-09T19:36:40","guid":{"rendered":"https:\/\/monde25.info\/index.php\/2026\/03\/09\/du-ps-a-la-macronie-cette-ancienne-gauche-qui-ouvre-la-voie-au-rn\/"},"modified":"2026-03-09T20:36:40","modified_gmt":"2026-03-09T19:36:40","slug":"du-ps-a-la-macronie-cette-ancienne-gauche-qui-ouvre-la-voie-au-rn","status":"publish","type":"post","link":"https:\/\/monde25.info\/index.php\/2026\/03\/09\/du-ps-a-la-macronie-cette-ancienne-gauche-qui-ouvre-la-voie-au-rn\/","title":{"rendered":"Du PS \u00e0 la Macronie, cette ancienne gauche qui ouvre la voie au RN"},"content":{"rendered":"<p> <br \/>\n<\/p>\n<div>\n<h4><strong>Ce n\u2019est un secret pour personne, le Rassemblement National et l\u2019extr\u00eame droite ne cessent de progresser \u00e0 chaque \u00e9lection. Dans cette situation, la responsabilit\u00e9 du camp lib\u00e9ral, incarn\u00e9e par des personnalit\u00e9s venant du PS jusqu\u2019aux R\u00e9publicains en passant par la Macronie, est colossale. \u00c0 cela, s\u2019ajoute le r\u00f4le crucial des m\u00e9dias de masse.<\/strong><\/h4>\n<p>Si le vote RN grimpe, c\u2019est en grande partie li\u00e9 aux discours et politiques racistes et lib\u00e9rales men\u00e9es en France et dans le reste de l\u2019Occident depuis plusieurs d\u00e9cennies. <strong>La diabolisation des id\u00e9es de gauche, jusqu\u2019\u00e0 vider les mots de leur sens, a \u00e9galement contribu\u00e9 \u00e0 faire progresser l\u2019extr\u00eame droite.<\/strong><\/p>\n<p>\u00c0 pr\u00e9sent, <strong>le RN peut m\u00eame \u00eatre per\u00e7u comme la seule opposition au macronisme.<\/strong> <strong>Zoom sur un jeu plus que dangereux.<\/strong><\/p>\n<h2><strong>Les digues c\u00e8dent les unes apr\u00e8s les autres<\/strong><\/h2>\n<p><strong>Il para\u00eet loin le temps o\u00f9 l\u2019int\u00e9gralit\u00e9 du champ r\u00e9publicain s\u2019unissait contre l\u2019extr\u00eame droite.<\/strong> En 2002, lorsque Jean-Marie Le Pen arrivait pour la premi\u00e8re fois au second tour de l\u2019\u00e9lection pr\u00e9sidentielle, <strong>la plupart des partis s\u2019\u00e9taient mobilis\u00e9s autour d\u2019une candidature de droite \u2013 celle de Jacques Chirac \u2013 pour l\u2019<a target=\"_blank\" href=\"https:\/\/www.humanite.fr\/politique\/presidentielle-rien-ne-se-passe-jamais-comme-prevu\/21-avril-2002-le-choc-et-leffroi-718035\" target=\"_blank\" rel=\"noopener\">emp\u00eacher d\u2019acc\u00e9der au pouvoir<\/a>.<\/strong><\/p>\n<p>Pr\u00e8s d\u2019un quart de si\u00e8cle plus tard, <strong>les digues contre la peste brune semblent c\u00e9der les unes apr\u00e8s les autres,<\/strong> malgr\u00e9 les lourdes <a target=\"_blank\" href=\"https:\/\/www.monde-diplomatique.fr\/mav\/134\/PIRONET\/51227\" target=\"_blank\" rel=\"noopener\">le\u00e7ons de l\u2019Histoire<\/a>. Au fil des ans, <strong>les signes de ce d\u00e9litement r\u00e9publicain \u00e9taient pourtant d\u00e9j\u00e0 bien perceptibles, comme une musique de moins en moins discr\u00e8te.<\/strong><\/p>\n<p><iframe loading=\"lazy\" title=\"[Mobilisation anti Le Pen]\" width=\"1110\" height=\"833\" src=\"https:\/\/www.youtube.com\/embed\/tGlaRGHaunY?feature=oembed\" frameborder=\"0\" allow=\"accelerometer; autoplay; clipboard-write; encrypted-media; gyroscope; picture-in-picture; web-share\" referrerpolicy=\"strict-origin-when-cross-origin\" allowfullscreen><\/iframe><\/p>\n<h2><strong>Macron d\u00e9roule le tapis rouge<\/strong><\/h2>\n<p>D\u00e8s 2019, les Fran\u00e7ais ont pu entendre la droite traditionnelle, incarn\u00e9e par le chef de l\u2019\u00c9tat lui-m\u00eame, reprendre des th\u00e8ses naus\u00e9abondes venues directement des rangs de l\u2019extr\u00eame droite. Ainsi, <strong>Emmanuel Macron, <a target=\"_blank\" href=\"https:\/\/www.lemonde.fr\/politique\/article\/2020\/02\/12\/devant-les-deputes-lrm-macron-invoque-maurras-pour-parler-du-regalien_6029292_823448.html\" target=\"_blank\" rel=\"noopener\">citait Charles Maurras<\/a>, figure de l\u2019antis\u00e9mitisme et de l\u2019extr\u00eame droite royaliste, avant de r\u00e9habiliter Philippe P\u00e9tain comme un <em>\u00ab\u2009<a target=\"_blank\" href=\"https:\/\/www.huffingtonpost.fr\/politique\/article\/macron-justifie-l-hommage-au-marechal-petain-un-grand-soldat_134404.html\" target=\"_blank\" rel=\"noopener\">grand soldat<\/a>\u2009\u00bb<\/em>.<\/strong><\/p>\n<p>D\u2019ann\u00e9e en ann\u00e9e, <strong>ses troupes se sont d\u2019ailleurs align\u00e9es sur les th\u00e9matiques du RN<\/strong> que le Pr\u00e9sident <a target=\"_blank\" href=\"https:\/\/www.politis.fr\/articles\/2024\/05\/macron-et-lextreme-droite-histoire-dun-naufrage\/\" target=\"_blank\" rel=\"noopener\">d\u00e9signait comme<\/a> <em>\u00ab\u2009seul opposant sur le terrain\u2009\u00bb<\/em>. L\u2019on a ainsi pu voir les membres de Renaissance parler <em>\u00ab\u2009d\u2019islamo-gauchisme\u2009\u00bb<\/em>, <em>\u00ab\u2009d\u2019\u00e9coterrorisme\u2009\u00bb<\/em>, ou encore d\u2019une France <em>\u00ab\u2009ensauvag\u00e9e\u2009\u00bb<\/em>, jusqu\u2019\u00e0 <a target=\"_blank\" href=\"https:\/\/mrmondialisation.org\/repressif-menteur-abusif-les-casseroles-de-darmanin\/\"><strong>G\u00e9rald Darmanin, qui qualifiait Marine Le Pen de <em>\u00ab trop molle<\/em><em> \u00bb.<\/em><\/strong><\/a><\/p>\n<p><strong>Emmanuel Macron s\u2019est, lui aussi, droitis\u00e9 un peu plus chaque ann\u00e9e,<\/strong> n\u2019ayant aucun scrupule \u00e0 <strong>donner une interview au magazine d\u2019extr\u00eame droite <em>Valeurs Actuelles<\/em>,<\/strong> <a target=\"_blank\" href=\"https:\/\/www.liberation.fr\/politique\/valeurs-actuelles-definitivement-condamne-pour-injure-raciste-contre-daniele-obono-20240117_OYUWGZCMOJEGHO6F7U3IWL4LXQ\/\" target=\"_blank\" rel=\"noopener\">condamn\u00e9 pour injure raciste<\/a>, ni \u00e0 affirmer que la violence dans la soci\u00e9t\u00e9 serait un <em>\u00ab\u2009processus de d\u00e9civilisation\u2009\u00bb<\/em>. En 2024, le fondateur d\u2019En Marche a \u00e9galement<strong> <a target=\"_blank\" href=\"https:\/\/www.publicsenat.fr\/actualites\/politique\/cest-a-gerber-les-propos-demmanuel-macron-sur-les-personnes-transsexuelles-ne-passent-pas-aupres-de-melanie-vogel\" target=\"_blank\" rel=\"noopener\">flatt\u00e9 l\u2019\u00e9lectorat transphobe<\/a> pour tenter de d\u00e9cr\u00e9dibiliser la gauche.<\/strong><\/p>\n<p><iframe loading=\"lazy\" title=\"Macron, en marche vers l&#039;EXTR\u00caME DROITE ? | Documentaire | OFF\" width=\"1110\" height=\"624\" src=\"https:\/\/www.youtube.com\/embed\/G43ZVd7wN60?feature=oembed\" frameborder=\"0\" allow=\"accelerometer; autoplay; clipboard-write; encrypted-media; gyroscope; picture-in-picture; web-share\" referrerpolicy=\"strict-origin-when-cross-origin\" allowfullscreen><\/iframe><\/p>\n<h2><strong>Une course effr\u00e9n\u00e9e vers l\u2019extr\u00eame droite<\/strong><\/h2>\n<p>Et h\u00e9las, ces multiples d\u00e9clarations se sont \u00e9galement accompagn\u00e9es d\u2019actes concrets. Ainsi,<strong> le macronisme a nou\u00e9 de nombreux accords \u00e0 l\u2019Assembl\u00e9e nationale pour <a target=\"_blank\" href=\"https:\/\/www.humanite.fr\/politique\/assemblee-nationale\/election-des-vice-presidents-de-lassemblee-la-macronie-prefere-le-rn-au-front-republicain\" target=\"_blank\" rel=\"noopener\">donner des responsabilit\u00e9s<\/a> aux repr\u00e9sentants du RN, au d\u00e9triment de ceux de la gauche.<\/strong> Pour satisfaire l\u2019\u00e9lectorat d\u2019extr\u00eame droite, <strong>il a aussi fait voter des lois liberticides et racistes, comme <a target=\"_blank\" href=\"https:\/\/reporterre.net\/Votee-durant-l-ete-la-loi-Separatisme-muselle-encore-les-libertes\" target=\"_blank\" rel=\"noopener\">celle sur le s\u00e9paratisme<\/a>, ou sur <a target=\"_blank\" href=\"https:\/\/www.inegalites.fr\/La-loi-immigration-constitue-un-naufrage-politique\" target=\"_blank\" rel=\"noopener\">l\u2019immigration<\/a>.<\/strong><\/p>\n<p>En 2024, suite \u00e0 une victoire du RN aux \u00e9lections europ\u00e9ennes, <strong>le chef de l\u2019\u00c9tat a provoqu\u00e9 la dissolution de l\u2019Assembl\u00e9e nationale dans l\u2019id\u00e9e, selon <em>Contre Attaque<\/em>, de <a target=\"_blank\" href=\"https:\/\/contre-attaque.net\/2025\/09\/26\/cest-confirme-macron-voulait-gouverner-avec-le-rn-en-lancant-une-dissolution\/\">gouverner avec le RN, supposant un virage \u00e0 l\u2019extr\u00eame droite lors des \u00e9lections l\u00e9gislatives.<\/a><\/strong><\/p>\n<p><strong>Dans le budget 2026, le mouvement lib\u00e9ral a d\u2019ailleurs <a target=\"_blank\" href=\"https:\/\/france.attac.org\/se-mobiliser\/un-autre-budget-est-vital\/article\/austerite-militarisation-et-racisme-d-etat-la-continuite-coloniale\" target=\"_blank\" rel=\"noopener\">encore acc\u00e9l\u00e9r\u00e9<\/a> sa strat\u00e9gie raciste <\/strong>en proc\u00e9dant \u00e0 des coupes pour le droit d\u2019asile, ou bien en supprimant les aides au logement pour les \u00e9tudiants non europ\u00e9ens.<\/p>\n<p><iframe loading=\"lazy\" title=\"MENACES, MAGOUILLES... COMMENT LA MACRONIE A LIVR\u00c9 L&#039;ASSEMBL\u00c9E AU RN POUR SAUVER MACRON ET LECORNU\" width=\"1110\" height=\"624\" src=\"https:\/\/www.youtube.com\/embed\/lQ6gcLLFyEU?feature=oembed\" frameborder=\"0\" allow=\"accelerometer; autoplay; clipboard-write; encrypted-media; gyroscope; picture-in-picture; web-share\" referrerpolicy=\"strict-origin-when-cross-origin\" allowfullscreen><\/iframe><\/p>\n<h2><strong>Un terreau de longue date<\/strong><\/h2>\n<p>\u00c0 ce programme d\u2019extr\u00eame droite, il faut ajouter la somme des politiques n\u00e9olib\u00e9rales men\u00e9es par les divers gouvernements depuis des d\u00e9cennies. \u00c0 ce titre,<strong> le projet conduit par Emmanuel Macron repr\u00e9sente un condens\u00e9 <a target=\"_blank\" href=\"https:\/\/blogs.mediapart.fr\/leucha\/blog\/140222\/le-livre-noir-du-macronisme-ou-la-democratie-confisquee\" target=\"_blank\" rel=\"noopener\">sans \u00e9quivoque<\/a> de cette id\u00e9ologie, avec comme premi\u00e8re cons\u00e9quence l\u2019<a target=\"_blank\" href=\"https:\/\/vert.eco\/articles\/bloquons-tout-cinq-chiffres-qui-montrent-lexplosion-des-inegalites-en-france\" target=\"_blank\" rel=\"noopener\">explosion des in\u00e9galit\u00e9s<\/a>.<\/strong><\/p>\n<div class=\"td-a-rec td-a-rec-id-content_inline  tdi_1 td_block_template_1\">\n<center><a target=\"_blank\" href=\"https:\/\/fr.tipeee.com\/mr-mondialisation\" class=\"tipeee-project-small\">Je m&rsquo;abonne \u00e0 Mr Mondialisation<\/a>&#13;<br \/>\n<\/center>&amp;nbsp<\/div>\n<p>Ces politiques antisociales provoquent un d\u00e9classement qui constitue un formidable <a target=\"_blank\" href=\"https:\/\/mrmondialisation.org\/5-causes-de-la-montee-de-lextreme-droite-dans-le-monde\/\" target=\"_blank\" rel=\"noopener\">terreau pour l\u2019extr\u00eame droite<\/a>. Celle-ci rafle ensuite la mise en d\u00e9signant des boucs \u00e9missaires : <a target=\"_blank\" href=\"https:\/\/mrmondialisation.org\/musulmans-boucs-emissaires-de-la-republique\/\" target=\"_blank\" rel=\"noopener\">les musulmans<\/a>, les \u00ab\u2009<a target=\"_blank\" href=\"https:\/\/mrmondialisation.org\/wokisme-le-nouveau-fantasme-des-reac-pour-rester-dans-le-deni\/\" target=\"_blank\" rel=\"noopener\">wokistes<\/a>\u2009\u00bb ou encore les \u00ab\u2009<a target=\"_blank\" href=\"https:\/\/mrmondialisation.org\/france-des-assistes-9-arguments-contre-ce-prejuge\/\" target=\"_blank\" rel=\"noopener\">assist\u00e9s<\/a>\u2009\u00bb.<\/p>\n<h2><strong>Plut\u00f4t Hitler que le Front Populaire<\/strong><\/h2>\n<p>Toutefois, ces crises inh\u00e9rentes au capitalisme pourraient \u00e9galement profiter \u00e0 la gauche de rupture, ce qui est d\u00e9j\u00e0 un peu le cas avec la mont\u00e9e de la France Insoumise dans les diff\u00e9rents scrutins. Pour autant, si ce camp ne progresse pas autant que l\u2019extr\u00eame droite, c\u2019est bel et bien parce que <strong>la bourgeoisie pr\u00e9f\u00e8re voir sur le devant de la sc\u00e8ne les th\u00e9oriciens du grand remplacement que ceux du partage des richesses.<\/strong><\/p>\n<p>En effet, <strong>en cas de victoire des identitaires, ceux-ci garantiront la <a target=\"_blank\" href=\"https:\/\/mrmondialisation.org\/smic-chomage-retraite-le-visage-antisocial-des-droites-identitaires\/\" target=\"_blank\" rel=\"noopener\">conservation des int\u00e9r\u00eats<\/a> des plus fortun\u00e9s. Ce qui n\u2019est pas le cas avec la gauche, si l\u2019on se fie \u00e0 son programme, notamment \u00e9conomique.<\/strong><\/p>\n<p><iframe loading=\"lazy\" title=\"T&#039;es pas riche et tu votes RN ? Le Pen et Bardella te trahissent d\u00e9j\u00e0\" width=\"1110\" height=\"624\" src=\"https:\/\/www.youtube.com\/embed\/d0lnIlVy7jQ?feature=oembed\" frameborder=\"0\" allow=\"accelerometer; autoplay; clipboard-write; encrypted-media; gyroscope; picture-in-picture; web-share\" referrerpolicy=\"strict-origin-when-cross-origin\" allowfullscreen><\/iframe><\/p>\n<h2><strong>Les m\u00e9dias complices<\/strong><\/h2>\n<p><strong>Cet objectif de conservation des privil\u00e8ges des plus ais\u00e9s<\/strong> se retrouve chez les m\u00e9dias de milliardaires qui d\u00e9fendent leurs propri\u00e9taires. Ce ph\u00e9nom\u00e8ne est \u00e9videmment <strong>tr\u00e8s visible au sein de l\u2019<a target=\"_blank\" href=\"https:\/\/mrmondialisation.org\/vincent-bollore-extreme-droite\/\" target=\"_blank\" rel=\"noopener\">empire Bollor\u00e9<\/a>, mais pas seulement.<\/strong><\/p>\n<p>Car dans le sillage des m\u00e9dias Bollor\u00e9, de nombreux autres m\u00e9dias ont d\u00e9cal\u00e9 leur <a target=\"_blank\" href=\"https:\/\/mrmondialisation.org\/fenetre-verton-elargir-dominants\/\" target=\"_blank\" rel=\"noopener\">fen\u00eatre d\u2019Overton<\/a> vers des <a target=\"_blank\" href=\"https:\/\/www.acrimed.org\/Medias-et-extreme-droite-la-grande-banalisation\" target=\"_blank\" rel=\"noopener\">id\u00e9es d\u2019extr\u00eame droite<\/a>. En t\u00e9moigne, par exemple,<strong> l\u2019<a target=\"_blank\" href=\"https:\/\/www.blast-info.fr\/articles\/2024\/journalistes-la-tentation-de-lextreme-droite-7keQWncXQPWl99wbbdOQDg\" target=\"_blank\" rel=\"noopener\">explosion d\u2019\u00e9ditorialistes de ce bord<\/a>, notamment venus de Valeurs Actuelles, sur les cha\u00eenes d\u2019informations, y compris du service public.<\/strong><\/p>\n<p>Cette mont\u00e9e en puissance s\u2019est bien s\u00fbr largement d\u00e9montr\u00e9e par les th\u00e9matiques <a target=\"_blank\" href=\"https:\/\/www.politis.fr\/articles\/2025\/10\/entretien-aurelien-mondon-extreme-droite-les-medias-amplifient-des-peurs-irrationnelles\/\" target=\"_blank\" rel=\"noopener\">mises en avant<\/a> par la presse ces derni\u00e8res ann\u00e9es\u00a0: islam, immigration, ins\u00e9curit\u00e9, et surtout <a target=\"_blank\" href=\"https:\/\/www.acrimed.org\/Les-medias-contre-la-gauche-6909\" target=\"_blank\" rel=\"noopener\">diabolisation de la gauche<\/a> et de l\u2019\u00e9cologie, dont les sujets de pr\u00e9dilection se font de plus en plus discrets \u00e0 l\u2019antenne.<\/p>\n<blockquote class=\"bluesky-embed\" data-bluesky-uri=\"at:\/\/did:plc:cp5lrx76vspzprxfe74fpvop\/app.bsky.feed.post\/3mg7rkhpz2s2w\" data-bluesky-cid=\"bafyreife3czjxvzwvk6qrpoqe6qe6wc7jyzj3jewg5qifgdih4sio3zpki\">\n<p lang=\"fr\">M\u00e9dias en campagne : une mise \u00e0 jour s&rsquo;imposait. Version 2, mars 2026 \ud83d\udc47<\/p>\n<p>\u2014 <a target=\"_blank\" href=\"https:\/\/bsky.app\/profile\/did:plc:cp5lrx76vspzprxfe74fpvop?ref_src=embed\">Acrimed (@acrimed.bsky.social)<\/a> <a target=\"_blank\" href=\"https:\/\/bsky.app\/profile\/did:plc:cp5lrx76vspzprxfe74fpvop\/post\/3mg7rkhpz2s2w?ref_src=embed\">2026-03-04T07:36:29.871Z<\/a><\/p>\n<\/blockquote>\n<h2><strong>Diabolisation sans retenue de la gauche<\/strong><\/h2>\n<p>Depuis le score tr\u00e8s \u00e9lev\u00e9 de Jean-Luc M\u00e9lenchon aux pr\u00e9sidentielles de 2022, <strong>les attaques m\u00e9diatiques contre ce camp progressiste n\u2019ont d\u2019ailleurs cess\u00e9 de se multiplier,<\/strong> avec en point d\u2019orgue le d\u00e9but du g\u00e9nocide \u00e0 Gaza. Tant\u00f4t qualifi\u00e9s d\u2019antis\u00e9mites, puis d\u2019extr\u00e9mistes ou \u00ab\u2009en dehors du champ r\u00e9publicain\u2009\u00bb, les Insoumis\u00b7es sont devenus de <a target=\"_blank\" href=\"https:\/\/www.acrimed.org\/Antifascisme-et-LFI-les-medias-brutalisent-le\" target=\"_blank\" rel=\"noopener\">v\u00e9ritables boucs \u00e9missaires<\/a> pour la classe m\u00e9diatique mainstream.<\/p>\n<p>Des tirs \u00e0 boulets rouges qui ont repris de plus belle \u00e0 la suite de l\u2019<a target=\"_blank\" href=\"https:\/\/mrmondialisation.org\/quentin-deranque-guet-apens-minute-silence\/\" target=\"_blank\" rel=\"noopener\">affaire Quentin Deranque<\/a>, durant laquelle<strong> la t\u00e9l\u00e9vision, les journaux et les repr\u00e9sentants lib\u00e9raux n\u2019ont pas h\u00e9sit\u00e9 \u00e0 mettre sur un pi\u00e9destal un militant n\u00e9onazi pour de l\u2019autre c\u00f4t\u00e9 criminaliser l\u2019antifascisme.<\/strong> Et ce, sans craindre de sacrifier la r\u00e9alit\u00e9 des faits.<\/p>\n<h2><strong>Des boussoles bris\u00e9es<\/strong><\/h2>\n<p>La France Insoumise est donc devenue aux yeux du RN jusqu\u2019aux cadres du PS, le mouvement le \u00ab\u2009plus dangereux de France\u2009\u00bb et le <a target=\"_blank\" href=\"https:\/\/basta.media\/si-la-banalisation-de-l-extreme-droite-se-resumait-aux-medias-bollore-ca-se\" target=\"_blank\" rel=\"noopener\">RN a \u00e9t\u00e9 banalis\u00e9<\/a>. En plus d\u2019avoir totalement explos\u00e9, <strong>le barrage r\u00e9publicain s\u2019inverse pour se transformer en un front d\u2019opposition \u00e0 la gauche pour sauver les plus riches.<\/strong><\/p>\n<p>Chez les R\u00e9publicains, le <a target=\"_blank\" href=\"https:\/\/mrmondialisation.org\/parti-republicains-extreme-droite\/\" target=\"_blank\" rel=\"noopener\">naufrage est complet<\/a>, puisque dans le sillage d\u2019un \u00c9ric Ciotti qui a d\u00e9j\u00e0 consum\u00e9 son pacte avec le RN, d\u2019autres semblent maintenant pr\u00eats \u00e0 faire alliance avec la formation de Marine Le Pen, <a target=\"_blank\" href=\"https:\/\/www.humanite.fr\/politique\/extreme-droite\/rassemblement-national-le-parti-cofonde-par-un-ss-mecontent-detre-vaguement-taxe-de-nazi\" target=\"_blank\" rel=\"noopener\">cofond\u00e9e par des SS<\/a>. <strong>Sans vergogne, Martine Vassal, candidate LR aux municipales de Marseille, reprenait d\u2019ailleurs \u00e0 son compte, en f\u00e9vrier 2026, la <a target=\"_blank\" href=\"https:\/\/www.20minutes.fr\/societe\/4202627-20260220-municipales-marseille-reference-petain-vassal-coup-prepare-gaffe-monumentale\" target=\"_blank\" rel=\"noopener\">devise de la France de Vichy<\/a>.<\/strong> Tr\u00e8s loin de l\u2019\u00e9poque o\u00f9 Jacques Chirac refusait m\u00eame de d\u00e9battre avec le FN. <strong>La ministre d\u00e9l\u00e9gu\u00e9e, Aurore Berg\u00e9, n\u2019a, elle, pas h\u00e9sit\u00e9 \u00e0 faire sien <a target=\"_blank\" href=\"https:\/\/www.humanite.fr\/politique\/aurore-berge\/lfi-cest-un-parti-anti-france-aurore-berge-reprend-une-expression-petainiste-pour-attaquer-la-gauche\" target=\"_blank\" rel=\"noopener\">le vocable de Philippe P\u00e9tain<\/a>, en qualifiant La France Insoumise de <em>\u00ab\u2009parti anti-France\u2009\u00bb.<\/em><\/strong><\/p>\n<p><iframe loading=\"lazy\" title=\"\u00ab LFI, c\u2019est un parti anti-France \u00bb : Aurore Berg\u00e9 reprend une expression p\u00e9tainiste\" width=\"1110\" height=\"624\" src=\"https:\/\/www.youtube.com\/embed\/eUFbJNds2Is?feature=oembed\" frameborder=\"0\" allow=\"accelerometer; autoplay; clipboard-write; encrypted-media; gyroscope; picture-in-picture; web-share\" referrerpolicy=\"strict-origin-when-cross-origin\" allowfullscreen><\/iframe><\/p>\n<p>Et ce naufrage s\u2019est encore poursuivi jusqu\u2019au <strong><a target=\"_blank\" href=\"https:\/\/x.com\/alerte_r\/status\/2011843052344602897?s=46\" target=\"_blank\" rel=\"noopener\">PS qui traite avec le RN<\/a> \u00e0 l\u2019Assembl\u00e9e Nationale et qui a surtout hurl\u00e9 avec les loups dans le processus de diabolisation de LFI au profit de l\u2019extr\u00eame droite.<\/strong> Certains cadres du PS refusent m\u00eame d\u2019envisager <a target=\"_blank\" href=\"https:\/\/www.huffingtonpost.fr\/politique\/article\/triangulaires-alliances-tensions-la-bataille-entre-le-ps-et-lfi-commence-deja_261230.html\">des alliances avec les Insoumis\u00b7es aux \u00e9lections municipales,<\/a> offrant un boulevard \u00e0 l\u2019extr\u00eame droite.<\/p>\n<h2><strong>Relancer l\u2019espoir<\/strong><\/h2>\n<p>On l\u2019aura compris, \u00e0 force de jouer \u00e0 ce jeu dangereux,<strong> le camp lib\u00e9ral, risque d\u2019obtenir ce qui lui pend au nez\u00a0: mettre le RN \u00e0 la t\u00eate du pays.<\/strong> Et contrairement \u00e0 ce que certains affirment, ce qui en r\u00e9sulterait est <a target=\"_blank\" href=\"https:\/\/mrmondialisation.org\/rn-jamais-essayer\/\" target=\"_blank\" rel=\"noopener\">d\u00e9j\u00e0 observable<\/a>.<\/p>\n<p>Pour autant, malgr\u00e9 ce climat sombre sur lequel prosp\u00e8re le RN, il demeure n\u00e9anmoins des raisons d\u2019esp\u00e9rer. D\u2019abord <strong>parce qu\u2019une majorit\u00e9 des Fran\u00e7ais semblent <a target=\"_blank\" href=\"https:\/\/www.franceinfo.fr\/economie\/medias\/confiance-dans-les-medias-6-francais-sur-10-se-mefient-des-medias-sur-les-grands-sujets-d-actualite_7741576.html\" target=\"_blank\" rel=\"noopener\">m\u00e9fiants envers les grands m\u00e9dias<\/a>.<\/strong> Dans ce cadre,<strong> il existe des voies de passage pour la presse ind\u00e9pendante, non soumise aux int\u00e9r\u00eats de la bourgeoisie.<\/strong><\/p>\n<p>En outre, d\u2019apr\u00e8s <a target=\"_blank\" href=\"https:\/\/www.odoxa.fr\/sondage\/15500-2\/\" target=\"_blank\" rel=\"noopener\">les enqu\u00eates<\/a>, les Fran\u00e7ais sont \u00e9galement attach\u00e9s au mod\u00e8le social de services publics du pays. <strong>Reste donc \u00e0 faire progresser ces id\u00e9es dans la soci\u00e9t\u00e9 pour naturellement \u00e9carter le RN qui n\u2019aspire qu\u2019\u00e0 les combattre.<\/strong> Charge aux citoyens bien conscients de ces enjeux de continuer \u00e0 militer pour qu\u2019ils reprennent leur place sur le devant de la sc\u00e8ne.<\/p>\n<p style=\"text-align: right;\"><em>\u2013 <\/em><strong><em>Simon Verdi\u00e8re<\/em><\/strong><\/p>\n<hr\/>\n<p>Photo de couverture : Strasbourg 1er tour des \u00e9lections municipales 23 mars 2014. <a target=\"_blank\" href=\"https:\/\/commons.wikimedia.org\/wiki\/File:Strasbourg_%C3%A9lections_municipales_23_mars_2014-8.jpg\">Wikimedia.<\/a><\/p>\n<div class=\"td-a-rec td-a-rec-id-content_bottom  tdi_2 td_block_template_1\">\n<span class=\"td-adspot-title\">&#8211; Cet article gratuit, ind\u00e9pendant et sans IA existe gr\u00e2ce aux abonn\u00e9s &#8211;<\/span><\/p>\n<div class=\"td-all-devices\">\n    <a target=\"_blank\" href=\"https:\/\/mrmondialisation.org\/donation\/\" title=\"Faire_un_don\"><img decoding=\"async\" class=\"donationArticle\" src=\"https:\/\/mrmondialisation.org\/wp-content\/uploads\/2022\/12\/220405-flikalicious-final.jpg\" alt=\"Donation\"\/><\/a>\n<\/div>\n<\/div><\/div>\n<p><br \/>\n<br \/><a href=\"https:\/\/mrmondialisation.org\/ps-macronie-gauche-voie-rn\/\" target=\"_blank\"\">Source link <\/a><\/p>\n","protected":false},"excerpt":{"rendered":"<p>Ce n\u2019est un secret pour personne, le Rassemblement National et l\u2019extr\u00eame droite ne cessent de progresser \u00e0 chaque \u00e9lection. Dans cette situation, la responsabilit\u00e9 du camp lib\u00e9ral, incarn\u00e9e par des&hellip; <\/p>\n","protected":false},"author":1,"featured_media":25038,"comment_status":"open","ping_status":"open","sticky":false,"template":"","format":"standard","meta":{"footnotes":""},"categories":[1],"tags":[],"class_list":["post-25037","post","type-post","status-publish","format-standard","has-post-thumbnail","hentry","category-non-classe"],"_links":{"self":[{"href":"https:\/\/monde25.info\/index.php\/wp-json\/wp\/v2\/posts\/25037","targetHints":{"allow":["GET"]}}],"collection":[{"href":"https:\/\/monde25.info\/index.php\/wp-json\/wp\/v2\/posts"}],"about":[{"href":"https:\/\/monde25.info\/index.php\/wp-json\/wp\/v2\/types\/post"}],"author":[{"embeddable":true,"href":"https:\/\/monde25.info\/index.php\/wp-json\/wp\/v2\/users\/1"}],"replies":[{"embeddable":true,"href":"https:\/\/monde25.info\/index.php\/wp-json\/wp\/v2\/comments?post=25037"}],"version-history":[{"count":0,"href":"https:\/\/monde25.info\/index.php\/wp-json\/wp\/v2\/posts\/25037\/revisions"}],"wp:featuredmedia":[{"embeddable":true,"href":"https:\/\/monde25.info\/index.php\/wp-json\/wp\/v2\/media\/25038"}],"wp:attachment":[{"href":"https:\/\/monde25.info\/index.php\/wp-json\/wp\/v2\/media?parent=25037"}],"wp:term":[{"taxonomy":"category","embeddable":true,"href":"https:\/\/monde25.info\/index.php\/wp-json\/wp\/v2\/categories?post=25037"},{"taxonomy":"post_tag","embeddable":true,"href":"https:\/\/monde25.info\/index.php\/wp-json\/wp\/v2\/tags?post=25037"}],"curies":[{"name":"wp","href":"https:\/\/api.w.org\/{rel}","templated":true}]}}