{"id":25046,"date":"2026-03-10T01:34:37","date_gmt":"2026-03-10T00:34:37","guid":{"rendered":"https:\/\/monde25.info\/index.php\/2026\/03\/10\/le-sultan-doman-adresse-ses-felicitations-au-nouveau-guide-supeme-iranien-trump-se-dit-mecontent\/"},"modified":"2026-03-10T01:34:37","modified_gmt":"2026-03-10T00:34:37","slug":"le-sultan-doman-adresse-ses-felicitations-au-nouveau-guide-supeme-iranien-trump-se-dit-mecontent","status":"publish","type":"post","link":"https:\/\/monde25.info\/index.php\/2026\/03\/10\/le-sultan-doman-adresse-ses-felicitations-au-nouveau-guide-supeme-iranien-trump-se-dit-mecontent\/","title":{"rendered":"Le sultan d&rsquo;Oman adresse ses f\u00e9licitations au nouveau guide sup\u00eame iranien, Trump se dit m\u00e9content"},"content":{"rendered":"<p> <br \/>\n<\/p>\n<div>\n<p>Le sultan d&rsquo;Oman, Haitham ben Tariq, a adress\u00e9 lundi ses f\u00e9licitations au nouveau guide supr\u00eame iranien, Mojtaba Khamenei, a indiqu\u00e9 l&rsquo;agence de presse officielle omanaise.<\/p>\n<p>Le sultan de l&rsquo;\u00c9tat du Golfe \u00ab\u00a0a adress\u00e9 un message de f\u00e9licitations \u00e0 son \u00e9minence (&#8230;) \u00e0 l&rsquo;occasion de sa d\u00e9signation en tant que Guide supr\u00eame de la R\u00e9publique islamique d&rsquo;Iran\u00a0\u00bb, a indiqu\u00e9 l&rsquo;ONA.<\/p>\n<p>Oman, ce pays m\u00e9diateur o\u00f9 ont eu lieu les r\u00e9centes discussions entre T\u00e9h\u00e9ran et Washington, discussions stopp\u00e9es net par la guerre d\u00e9clench\u00e9e par les frappes conjointes am\u00e9ricano-isra\u00e9liennes contre l&rsquo;Iran.<\/p>\n<p>Quant \u00e0 Donald Trump lui, a confirm\u00e9 ce lundi son m\u00e9contentement apr\u00e8s l&rsquo;\u00e9lection de Mojtaba Khamenei comme guide supr\u00eame iranien, pour succ\u00e9der \u00e0 son p\u00e8re Ali Khamenei, tu\u00e9 au d\u00e9but de l&rsquo;offensive isra\u00e9lo-am\u00e9ricaine.<\/p>\n<p>\u00ab\u00a0Je ne suis pas content\u00a0\u00bb, a dit le pr\u00e9sident am\u00e9ricain, qui se trouve \u00e0 Miami, o\u00f9 il donnera une conf\u00e9rence de presse, au New York Post.<\/p>\n<p>\u00ab\u00a0Ils ont fait une grande erreur\u00a0\u00bb, a-t-il dit dans un autre entretien t\u00e9l\u00e9phonique avec la cha\u00eene NBC.<\/p>\n<p>\u00ab\u00a0Je ne sais pas si \u00e7a va durer. Je pense qu&rsquo;ils ont fait une erreur\u00a0\u00bb, a-t-il aussi d\u00e9clar\u00e9.<\/p>\n<p>Donald Trump a pr\u00e9venu dimanche que le nouveau guide supr\u00eame iranien \u00ab\u00a0ne tiendrait pas longtemps\u00a0\u00bb sans son aval, ce avant m\u00eame que le nom du nouveau dirigeant de l&rsquo;Iran ne soit d\u00e9voil\u00e9.<\/p>\n<p>Le nouveau guide supr\u00eame a \u00e9t\u00e9 choisi dimanche par l&rsquo;Assembl\u00e9e des experts, compos\u00e9e de membres du clerg\u00e9 \u00e9lus au suffrage universel, pour remplacer Ali Khamenei, qui \u00e9tait au pouvoir depuis 1989 et a \u00e9t\u00e9 tu\u00e9 au premier jour de la guerre le 28 f\u00e9vrier.<\/p>\n<p>Mojtaba Khamenei, est un religieux de 56 ans, consid\u00e9r\u00e9 comme proche des conservateurs en raison notamment de ses liens avec les Gardiens de la R\u00e9volution.<\/p>\n<p>Les forces arm\u00e9es et la police ont \u00e9galement fait all\u00e9geance au nouveau guide, d\u00e9sign\u00e9 \u00e0 vie et qui garde en pratique le dernier mot sur les grandes orientations, tant en politique int\u00e9rieure qu&rsquo;ext\u00e9rieure.<\/p>\n<\/div>\n<p><script>(function(d, s, id) {  var js, fjs = d.getElementsByTagName(s)[0];  if (d.getElementById(id)) return;  js = d.createElement(s); js.id = id;  js.src = \"\/\/connect.facebook.net\/fr_FR\/sdk.js#xfbml=1&version=v2.3\";  fjs.parentNode.insertBefore(js, fjs);}(document, \"script\", \"facebook-jssdk\"));<\/script><br \/>\n<br \/><br \/>\n<br \/><a href=\"https:\/\/www.francesoir.fr\/monde\/le-sultan-d-oman-adresse-ses-felicitations-au-nouveau-guide-supeme-iranien-trump-se-dit\" target=\"_blank\"\">Source link <\/a><\/p>\n","protected":false},"excerpt":{"rendered":"<p>Le sultan d&rsquo;Oman, Haitham ben Tariq, a adress\u00e9 lundi ses f\u00e9licitations au nouveau guide supr\u00eame iranien, Mojtaba Khamenei, a indiqu\u00e9 l&rsquo;agence de presse officielle omanaise. Le sultan de l&rsquo;\u00c9tat du&hellip; <\/p>\n","protected":false},"author":1,"featured_media":25047,"comment_status":"open","ping_status":"open","sticky":false,"template":"","format":"standard","meta":{"footnotes":""},"categories":[1],"tags":[],"class_list":["post-25046","post","type-post","status-publish","format-standard","has-post-thumbnail","hentry","category-non-classe"],"_links":{"self":[{"href":"https:\/\/monde25.info\/index.php\/wp-json\/wp\/v2\/posts\/25046","targetHints":{"allow":["GET"]}}],"collection":[{"href":"https:\/\/monde25.info\/index.php\/wp-json\/wp\/v2\/posts"}],"about":[{"href":"https:\/\/monde25.info\/index.php\/wp-json\/wp\/v2\/types\/post"}],"author":[{"embeddable":true,"href":"https:\/\/monde25.info\/index.php\/wp-json\/wp\/v2\/users\/1"}],"replies":[{"embeddable":true,"href":"https:\/\/monde25.info\/index.php\/wp-json\/wp\/v2\/comments?post=25046"}],"version-history":[{"count":0,"href":"https:\/\/monde25.info\/index.php\/wp-json\/wp\/v2\/posts\/25046\/revisions"}],"wp:featuredmedia":[{"embeddable":true,"href":"https:\/\/monde25.info\/index.php\/wp-json\/wp\/v2\/media\/25047"}],"wp:attachment":[{"href":"https:\/\/monde25.info\/index.php\/wp-json\/wp\/v2\/media?parent=25046"}],"wp:term":[{"taxonomy":"category","embeddable":true,"href":"https:\/\/monde25.info\/index.php\/wp-json\/wp\/v2\/categories?post=25046"},{"taxonomy":"post_tag","embeddable":true,"href":"https:\/\/monde25.info\/index.php\/wp-json\/wp\/v2\/tags?post=25046"}],"curies":[{"name":"wp","href":"https:\/\/api.w.org\/{rel}","templated":true}]}}