{"id":25055,"date":"2026-03-10T06:32:00","date_gmt":"2026-03-10T05:32:00","guid":{"rendered":"https:\/\/monde25.info\/index.php\/2026\/03\/10\/de-villepin-propose-un-systeme-onusien-de-reparation-des-guerres-illegales-rt-en-francais\/"},"modified":"2026-03-10T06:32:00","modified_gmt":"2026-03-10T05:32:00","slug":"de-villepin-propose-un-systeme-onusien-de-reparation-des-guerres-illegales-rt-en-francais","status":"publish","type":"post","link":"https:\/\/monde25.info\/index.php\/2026\/03\/10\/de-villepin-propose-un-systeme-onusien-de-reparation-des-guerres-illegales-rt-en-francais\/","title":{"rendered":"de Villepin propose un syst\u00e8me onusien de r\u00e9paration des guerres \u00abill\u00e9gales\u00bb \u2014 RT en fran\u00e7ais"},"content":{"rendered":"<p> <br \/>\n<br \/><img decoding=\"async\" src=\"https:\/\/mf.b37mrtl.ru\/french\/images\/2026.03\/thumbnail\/69af082b87f3ec69605d062f.jpg\" \/><\/p>\n<div>\n<p class=\"text__summary\">\n                                        Ciblant Isra\u00ebl et les \u00c9tats-Unis, l\u2019ancien chef de la diplomatie fran\u00e7aise a plaid\u00e9 le 8 mars pour la cr\u00e9ation, via les Nations unies, d\u2019un m\u00e9canisme qui obligerait les pays \u00e0 l\u2019origine de guerres \u00abill\u00e9gales\u00bb \u00e0 financer la reconstruction des pays attaqu\u00e9s.\n                                    <\/p>\n<p>\u00ab\u00a0Tout pays qui s\u2019engage dans une intervention ill\u00e9gitime, ill\u00e9gale, doit payer le prix de la reconstruction de ce qu\u2019il a cass\u00e9\u00a0\u00bb, <a target=\"_blank\" href=\"https:\/\/www.youtube.com\/watch?v=rILcxSsobAg\" target=\"_blank\" rel=\"noopener noreferrer\">a estim\u00e9<\/a> le 8 mars sur le plateau de BFMTV l\u2019ancien Premier ministre fran\u00e7ais Dominique de Villepin, plaidant pour la mise en place d\u2019un \u00ab\u00a0principe de r\u00e9paration\u00a0\u00bb par l\u2019Assembl\u00e9e g\u00e9n\u00e9rale des Nations unies.<\/p>\n<p>\u00ab\u00a0On a connu en France \u00ab\u00a0tu casses, tu r\u00e9pares\u00a0\u00bb, et bien l\u00e0 \u00ab\u00a0tu d\u00e9truis, tu r\u00e9pares\u00a0\u00bb\u00a0\u00bb, a poursuivi cet ancien chef de la diplomatie fran\u00e7aise (2002 \u2013 2004), \u00ab\u00a0c\u2019est une invitation \u00e0 expliquer \u00e0 monsieur Trump et \u00e0 monsieur Netanyahou que ce qu\u2019ils font au Liban, ce qu\u2019ils font au Moyen-Orient, doit avoir des cons\u00e9quences sonnantes et tr\u00e9buchantes\u00a0\u00bb.<\/p>\n<div class=\"rtcode\">\n<blockquote class=\"twitter-tweet\">\n<p lang=\"fr\" dir=\"ltr\">\u00ab\u00a0Tu d\u00e9truis, tu r\u00e9pares\u00a0\u00bb: Dominique de Villepin propose de mettre en place un syst\u00e8me qui obligerait les pays \u00e0 l&rsquo;origine de guerres \u00ab\u00a0ill\u00e9gales\u00a0\u00bb \u00e0 verser des r\u00e9parations financi\u00e8res <a target=\"_blank\" href=\"https:\/\/t.co\/AJA5ASyiDi\">pic.twitter.com\/AJA5ASyiDi<\/a><\/p>\n<p>\u2014 BFM (@BFMTV) <a target=\"_blank\" href=\"https:\/\/twitter.com\/BFMTV\/status\/2030650853401452658?ref_src=twsrc%5Etfw\">March 8, 2026<\/a><\/p><\/blockquote>\n<\/div>\n<p>Les \u00c9tats-Unis et Isra\u00ebl ont lanc\u00e9 le 28 f\u00e9vrier une nouvelle campagne de frappes contre l\u2019Iran, tuant d\u2019entr\u00e9e le guide supr\u00eame, l\u2019ayatollah Ali Khamenei, et des dizaines de hauts responsables et ce alors m\u00eame que Washington et T\u00e9h\u00e9ran \u00e9taient dans des pourparlers sur le programme nucl\u00e9aire et les capacit\u00e9s balistiques de l\u2019Iran.<\/p>\n<h3>Beyrouth\u00a0\u00ab\u00a0a tard\u00e9 \u00e0 mettre en \u0153uvre tous les termes\u00a0\u00bb de l&rsquo;accord de cessez-le-feu<\/h3>\n<p>\u00ab\u00a0Je crois que nos d\u00e9mocraties doivent et peuvent agir. Il y a des sanctions \u00e9conomiques possibles, il y a des sanctions politiques possibles\u00a0\u00bb, a \u00e9galement d\u00e9clar\u00e9 l\u2019ancien ministre. Ce dernier a \u00e9galement point\u00e9 des responsabilit\u00e9s du c\u00f4t\u00e9 du Hezbollah \u00ab\u00a0variable d\u2019ajustement de la politique iranienne\u00a0\u00bb, ainsi que du gouvernement libanais qui, \u00e0 ses yeux, \u00ab\u00a0a tard\u00e9 \u00e0 mettre en \u0153uvre tous les termes\u00a0\u00bb de l\u2019accord de cessez-le-feu conclu avec Isra\u00ebl \u00ab\u00a0et en particulier le d\u00e9sarmement du Hezbollah\u00a0\u00bb.<\/p>\n<p>Alors que la r\u00e9gion s\u2019embrase, faisant planer l\u2019incertitude en Europe quant \u00e0 des approvisionnements suffisants en gaz et p\u00e9trole, deux mati\u00e8res premi\u00e8res transitant par le d\u00e9troit d\u2019Ormuz aujourd\u2019hui <em>de facto<\/em> ferm\u00e9 \u00e0 cause des craintes d\u2019une riposte iranienne contre les navires tentant de le traverser, Emmanuel Macron s\u2019est rendu sur l\u2019\u00eele de Chypre ce 9 mars o\u00f9 une base britannique a \u00e9t\u00e9 frapp\u00e9 par un drone.<\/p>\n<p>Le pr\u00e9sident fran\u00e7ais a \u00e9voqu\u00e9 le renforcement des moyens de d\u00e9fense de l\u2019ile, effectu\u00e9 la semaine pass\u00e9e, et annonc\u00e9 que deux fr\u00e9gates seraient mobilis\u00e9es dans le cadre de l\u2019op\u00e9ration europ\u00e9enne Aspides en mer Rouge. Quant \u00e0 la \u00ab\u00a0r\u00e9ouverture\u00a0\u00bb du fameux d\u00e9troit d\u2019Ormuz, mission pour laquelle le pr\u00e9sident fran\u00e7ais avait annonc\u00e9 le 3 mars son intention de \u00ab\u00a0b\u00e2tir\u00a0\u00bb une \u00e9ni\u00e8me \u00ab\u00a0coalition\u00a0\u00bb,\u00a0elle ne verrait le jour qu\u2019apr\u00e8s la \u00ab\u00a0phase la plus chaude du conflit\u00a0\u00bb.<\/p>\n<\/div>\n<p><script async src=\"\/\/platform.twitter.com\/widgets.js\" charset=\"utf-8\"><\/script><br \/>\n<br \/><br \/>\n<br \/><a href=\"https:\/\/francais.rt.com\/international\/131484-liban-frappes-americaines-israeliennes-villepin\" target=\"_blank\"\">Source link <\/a><\/p>\n","protected":false},"excerpt":{"rendered":"<p>Ciblant Isra\u00ebl et les \u00c9tats-Unis, l\u2019ancien chef de la diplomatie fran\u00e7aise a plaid\u00e9 le 8 mars pour la cr\u00e9ation, via les Nations unies, d\u2019un m\u00e9canisme qui obligerait les pays \u00e0&hellip; <\/p>\n","protected":false},"author":1,"featured_media":25056,"comment_status":"open","ping_status":"open","sticky":false,"template":"","format":"standard","meta":{"footnotes":""},"categories":[1],"tags":[],"class_list":["post-25055","post","type-post","status-publish","format-standard","has-post-thumbnail","hentry","category-non-classe"],"_links":{"self":[{"href":"https:\/\/monde25.info\/index.php\/wp-json\/wp\/v2\/posts\/25055","targetHints":{"allow":["GET"]}}],"collection":[{"href":"https:\/\/monde25.info\/index.php\/wp-json\/wp\/v2\/posts"}],"about":[{"href":"https:\/\/monde25.info\/index.php\/wp-json\/wp\/v2\/types\/post"}],"author":[{"embeddable":true,"href":"https:\/\/monde25.info\/index.php\/wp-json\/wp\/v2\/users\/1"}],"replies":[{"embeddable":true,"href":"https:\/\/monde25.info\/index.php\/wp-json\/wp\/v2\/comments?post=25055"}],"version-history":[{"count":0,"href":"https:\/\/monde25.info\/index.php\/wp-json\/wp\/v2\/posts\/25055\/revisions"}],"wp:featuredmedia":[{"embeddable":true,"href":"https:\/\/monde25.info\/index.php\/wp-json\/wp\/v2\/media\/25056"}],"wp:attachment":[{"href":"https:\/\/monde25.info\/index.php\/wp-json\/wp\/v2\/media?parent=25055"}],"wp:term":[{"taxonomy":"category","embeddable":true,"href":"https:\/\/monde25.info\/index.php\/wp-json\/wp\/v2\/categories?post=25055"},{"taxonomy":"post_tag","embeddable":true,"href":"https:\/\/monde25.info\/index.php\/wp-json\/wp\/v2\/tags?post=25055"}],"curies":[{"name":"wp","href":"https:\/\/api.w.org\/{rel}","templated":true}]}}