{"id":25057,"date":"2026-03-10T09:17:06","date_gmt":"2026-03-10T08:17:06","guid":{"rendered":"https:\/\/monde25.info\/index.php\/2026\/03\/10\/la-preservation-de-leau-grande-oubliee-des-elections-municipales-a-la-reunion\/"},"modified":"2026-03-10T09:17:06","modified_gmt":"2026-03-10T08:17:06","slug":"la-preservation-de-leau-grande-oubliee-des-elections-municipales-a-la-reunion","status":"publish","type":"post","link":"https:\/\/monde25.info\/index.php\/2026\/03\/10\/la-preservation-de-leau-grande-oubliee-des-elections-municipales-a-la-reunion\/","title":{"rendered":"La pr\u00e9servation de l&#039;eau, grande oubli\u00e9e des \u00e9lections municipales \u00e0 La R\u00e9union"},"content":{"rendered":"<p> <br \/>\n<br \/><img loading=\"lazy\" decoding=\"async\" src=\"https:\/\/reporterre.net\/local\/cache-vignettes\/L700xH467\/2026-03-01_municipales-eau-salazie_reporterre_hd-5-873c5.jpg?1773122401\" class=\"spip_logo\" width=\"700\" height=\"467\" alt=\"\" \/><\/p>\n<p>Municipales \u2014 \u00c0 la R\u00e9union, l&rsquo;acc\u00e8s \u00e0 l&rsquo;eau demeure in\u00e9galitaire alors que les nappes phr\u00e9atiques ont de plus en plus de mal \u00e0 se remplir. Cet enjeu vital ne rencontre pourtant que peu d&rsquo;\u00e9cho chez les candidats aux \u00e9lections municipales. <br class=\"autobr\" \/><br \/>\nSaint-Andr\u00e9 et Salazie (La R\u00e9union), reportage <br class=\"autobr\" \/><br \/>\nDans la cuisine ext\u00e9rieure de sa maison, Marc ouvre le robinet\u00a0: l&rsquo;eau coule \u00e0 plein r\u00e9gime. Le p\u00e8re de famille lance, rigolard\u00a0: \u00ab<small class=\"fine d-inline\">\u00a0<\/small>Depuis le d\u00e9but de la p\u00e9riode \u00e9lectorale, ils ont augment\u00e9 la pression,\u00a0(\u2026)<\/p>\n<p>                    <a target=\"_blank\" href=\"https:\/\/reporterre.net\/La-preservation-de-l-eau-grande-oubliee-des-elections-municipales-a-La-Reunion?utm_source=RSS&amp;utm_medium=RSS\">Lire la suite<\/a><\/p>\n<p>                    &#8211;<br \/>\n                        <a target=\"_blank\" href=\"https:\/\/reporterre.net\/Reportage\" rel=\"directory\">Reportage<\/a><\/p>\n<p>                    \/<br \/>\n                        <a target=\"_blank\" href=\"https:\/\/reporterre.net\/Eau-rivieres-oceans\" rel=\"tag\">Eau et rivi\u00e8res<\/a><br \/>\n                    ,<br \/>\n                        <a target=\"_blank\" href=\"https:\/\/reporterre.net\/Municipales-2026\" rel=\"tag\">Municipales 2026<\/a><br \/>\n<br \/><br \/>\n<br \/><a href=\"https:\/\/reporterre.net\/La-preservation-de-l-eau-grande-oubliee-des-elections-municipales-a-La-Reunion\" target=\"_blank\"\">Source link <\/a><\/p>\n","protected":false},"excerpt":{"rendered":"<p>Municipales \u2014 \u00c0 la R\u00e9union, l&rsquo;acc\u00e8s \u00e0 l&rsquo;eau demeure in\u00e9galitaire alors que les nappes phr\u00e9atiques ont de plus en plus de mal \u00e0 se remplir. Cet enjeu vital ne rencontre&hellip; <\/p>\n","protected":false},"author":1,"featured_media":0,"comment_status":"open","ping_status":"open","sticky":false,"template":"","format":"standard","meta":{"footnotes":""},"categories":[1],"tags":[],"class_list":["post-25057","post","type-post","status-publish","format-standard","hentry","category-non-classe"],"_links":{"self":[{"href":"https:\/\/monde25.info\/index.php\/wp-json\/wp\/v2\/posts\/25057","targetHints":{"allow":["GET"]}}],"collection":[{"href":"https:\/\/monde25.info\/index.php\/wp-json\/wp\/v2\/posts"}],"about":[{"href":"https:\/\/monde25.info\/index.php\/wp-json\/wp\/v2\/types\/post"}],"author":[{"embeddable":true,"href":"https:\/\/monde25.info\/index.php\/wp-json\/wp\/v2\/users\/1"}],"replies":[{"embeddable":true,"href":"https:\/\/monde25.info\/index.php\/wp-json\/wp\/v2\/comments?post=25057"}],"version-history":[{"count":0,"href":"https:\/\/monde25.info\/index.php\/wp-json\/wp\/v2\/posts\/25057\/revisions"}],"wp:attachment":[{"href":"https:\/\/monde25.info\/index.php\/wp-json\/wp\/v2\/media?parent=25057"}],"wp:term":[{"taxonomy":"category","embeddable":true,"href":"https:\/\/monde25.info\/index.php\/wp-json\/wp\/v2\/categories?post=25057"},{"taxonomy":"post_tag","embeddable":true,"href":"https:\/\/monde25.info\/index.php\/wp-json\/wp\/v2\/tags?post=25057"}],"curies":[{"name":"wp","href":"https:\/\/api.w.org\/{rel}","templated":true}]}}