{"id":2506,"date":"2025-02-13T04:36:35","date_gmt":"2025-02-13T03:36:35","guid":{"rendered":"https:\/\/monde25.info\/index.php\/2025\/02\/13\/poutine-a-convenu-avec-trump-quun-reglement-a-long-terme-en-ukraine-pouvait-etre-atteint-par-des-negociations-rt-en-francais\/"},"modified":"2025-02-13T04:36:35","modified_gmt":"2025-02-13T03:36:35","slug":"poutine-a-convenu-avec-trump-quun-reglement-a-long-terme-en-ukraine-pouvait-etre-atteint-par-des-negociations-rt-en-francais","status":"publish","type":"post","link":"https:\/\/monde25.info\/index.php\/2025\/02\/13\/poutine-a-convenu-avec-trump-quun-reglement-a-long-terme-en-ukraine-pouvait-etre-atteint-par-des-negociations-rt-en-francais\/","title":{"rendered":"Poutine a convenu avec Trump qu\u2019un r\u00e8glement \u00e0 long terme en Ukraine pouvait \u00eatre atteint par des n\u00e9gociations \u2014 RT en fran\u00e7ais"},"content":{"rendered":"<p> <br \/>\n<br \/><img decoding=\"async\" src=\"https:\/\/mf.b37mrtl.ru\/french\/images\/2025.02\/thumbnail\/67acdbdb87f3ec672608d194.jpg\" \/><\/p>\n<div>\n<p class=\"text__summary\">\n                                        Le pr\u00e9sident russe et le pr\u00e9sident am\u00e9ricain ont abord\u00e9 la question du r\u00e8glement du conflit en Ukraine lors d&rsquo;une conversation t\u00e9l\u00e9phonique. Trump s\u2019est prononc\u00e9 en faveur de la fin imm\u00e9diate des hostilit\u00e9s et d\u2019une solution pacifique au probl\u00e8me. Quant \u00e0 Poutine, il a parl\u00e9 de la n\u00e9cessit\u00e9 de s\u2019attaquer aux causes profondes du conflit.\n                                    <\/p>\n<\/div>\n<p><br \/>\n<br \/><a href=\"https:\/\/francais.rt.com\/news\/116863-poutine-a-convenu-avec-trump-reglement-long-terme-ukraine-atteint-negociations\" target=\"_blank\"\">Source link <\/a><\/p>\n","protected":false},"excerpt":{"rendered":"<p>Le pr\u00e9sident russe et le pr\u00e9sident am\u00e9ricain ont abord\u00e9 la question du r\u00e8glement du conflit en Ukraine lors d&rsquo;une conversation t\u00e9l\u00e9phonique. Trump s\u2019est prononc\u00e9 en faveur de la fin imm\u00e9diate&hellip; <\/p>\n","protected":false},"author":1,"featured_media":2507,"comment_status":"open","ping_status":"open","sticky":false,"template":"","format":"standard","meta":{"footnotes":""},"categories":[1],"tags":[],"class_list":["post-2506","post","type-post","status-publish","format-standard","has-post-thumbnail","hentry","category-non-classe"],"_links":{"self":[{"href":"https:\/\/monde25.info\/index.php\/wp-json\/wp\/v2\/posts\/2506","targetHints":{"allow":["GET"]}}],"collection":[{"href":"https:\/\/monde25.info\/index.php\/wp-json\/wp\/v2\/posts"}],"about":[{"href":"https:\/\/monde25.info\/index.php\/wp-json\/wp\/v2\/types\/post"}],"author":[{"embeddable":true,"href":"https:\/\/monde25.info\/index.php\/wp-json\/wp\/v2\/users\/1"}],"replies":[{"embeddable":true,"href":"https:\/\/monde25.info\/index.php\/wp-json\/wp\/v2\/comments?post=2506"}],"version-history":[{"count":0,"href":"https:\/\/monde25.info\/index.php\/wp-json\/wp\/v2\/posts\/2506\/revisions"}],"wp:featuredmedia":[{"embeddable":true,"href":"https:\/\/monde25.info\/index.php\/wp-json\/wp\/v2\/media\/2507"}],"wp:attachment":[{"href":"https:\/\/monde25.info\/index.php\/wp-json\/wp\/v2\/media?parent=2506"}],"wp:term":[{"taxonomy":"category","embeddable":true,"href":"https:\/\/monde25.info\/index.php\/wp-json\/wp\/v2\/categories?post=2506"},{"taxonomy":"post_tag","embeddable":true,"href":"https:\/\/monde25.info\/index.php\/wp-json\/wp\/v2\/tags?post=2506"}],"curies":[{"name":"wp","href":"https:\/\/api.w.org\/{rel}","templated":true}]}}