{"id":25062,"date":"2026-03-10T13:07:38","date_gmt":"2026-03-10T12:07:38","guid":{"rendered":"https:\/\/monde25.info\/index.php\/2026\/03\/10\/pour-quelle-victoire-nous-battons-nous-par-thierry-meyssan\/"},"modified":"2026-03-10T13:07:38","modified_gmt":"2026-03-10T12:07:38","slug":"pour-quelle-victoire-nous-battons-nous-par-thierry-meyssan","status":"publish","type":"post","link":"https:\/\/monde25.info\/index.php\/2026\/03\/10\/pour-quelle-victoire-nous-battons-nous-par-thierry-meyssan\/","title":{"rendered":"Pour quelle victoire nous battons-nous ?, par Thierry Meyssan"},"content":{"rendered":"<p> <br \/>\n<\/p>\n<div>\n<div class=\"spip_document_252226 spip_document spip_documents spip_document_image spip_documents_center spip_document_center spip_document_avec_legende\" data-legende-len=\"175\" data-legende-lenx=\"xxx\">\n<figure class=\"spip_doc_inner\">\n<a target=\"_blank\" href=\"https:\/\/www.voltairenet.org\/IMG\/jpg\/img_1497.jpg\" class=\"spip_doc_lien mediabox\" type=\"image\/jpeg\"><br \/>\n<img loading=\"lazy\" decoding=\"async\" src=\"https:\/\/www.voltairenet.org\/local\/cache-vignettes\/L800xH450\/img_1497-2bcef.jpg?1772968131\" width=\"800\" height=\"450\" alt=\"\"\/><\/a><figcaption class=\"spip_doc_legende\">\n<p><strong>Le Guide de la r\u00e9volution de la R\u00e9publique islamique d\u2019Iran, l\u2019ayatollah Ali Khamenei, et le Guide g\u00e9n\u00e9ral par int\u00e9rim de la Confr\u00e9rie des fr\u00e8res musulmans, Salah Abdel Haq.<br \/>\n<\/strong><\/p>\n<\/figcaption><\/figure>\n<\/div>\n<p>Permettez-moi, pour une fois, de ne pas vous adresser une analyse de la situation g\u00e9opolitique, mais un t\u00e9moignage et une r\u00e9flexion.<\/p>\n<p>\u00ab\u00a0L\u2019Axe de la r\u00e9sistance\u00a0\u00bb est un concept de la d\u00e9fense iranienne, bas\u00e9 sur la mobilisation des minorit\u00e9s chiites au Moyen-Orient. Au d\u00e9part, il s\u2019agissait de capitaliser l\u2019attrait de la r\u00e9volution islamique de l\u2019ayatollah Rouhollah Khomeiny en armant et en organisant les minorit\u00e9s chiites. Cette r\u00e9volution \u00e9tait une lib\u00e9ration du colonialisme anglo-saxon. Prot\u00e9ger l\u2019Iran \u00e9tait, pour tous ceux qui luttaient contre le colonialisme, une n\u00e9cessit\u00e9. L\u2019interpr\u00e9tation de l\u2019islam de l\u2019imam Khomeiny transformait le dolorisme chiite en une force\u00a0: l\u2019imam Ali avait lutt\u00e9 pour la justice. Son exemple ouvrait la voie de tous vers le paradis.<\/p>\n<p>Cependant, ce syst\u00e8me de mandataires (proxys) violait la souverainet\u00e9 des \u00c9tats o\u00f9 ces minorit\u00e9s se dotaient de milices. Il devint insupportable \u00e0 tous les \u00c9tats, en 2011, avec le soul\u00e8vement de la majorit\u00e9 chiite au Bahre\u00efn et la tentative, qui s\u2019ensuivit, de renversement de la famille r\u00e9gnante sunnite, les Al Khalifa.<\/p>\n<p>\u2028C\u2019est le moment o\u00f9 Qassem Soleimani fut nomm\u00e9 major g\u00e9n\u00e9ral. Il transforma alors l\u2019Axe de la r\u00e9sistance en offrant \u00e0 chacun de ses membres de devenir ind\u00e9pendant et de mener lui-m\u00eame, l\u00e0 o\u00f9 il se trouve, la r\u00e9volution anti-imp\u00e9rialiste de l\u2019imam Khomeiny. En quelques ann\u00e9es, l\u2019Iran n\u2019eut plus de mandataires, mais des milices \u00e9trang\u00e8res alli\u00e9es. Des chr\u00e9tiens et des sunnites s\u2019ajout\u00e8rent aux combattants, historiques, de la base chiite. La crainte que chacun d\u2019eux inspirait aux pouvoirs en place ne cessait de grandir. Avec l\u2019Iran et la Syrie, le Hezbollah et Hachd al-Chaabi, Ansar Allah et bien d\u2019autres encore, \u00ab\u00a0L\u2019Axe de la r\u00e9sistance\u00a0\u00bb devint la plus importante force arm\u00e9e du Moyen-Orient.<\/p>\n<p>\u2028Le Guide de la r\u00e9volution, l\u2019ayatollah Ali Khamenei, poursuivant l\u2019ambition de r\u00e9unir sous son autorit\u00e9 la totalit\u00e9 du monde musulman, commen\u00e7a \u00e0 nouer des liens avec toutes sortes de groupes ne partageant pas la conception de l\u2019anti-imp\u00e9rialisme de l\u2019imam Khomeiny. Il commen\u00e7a \u00e0 armer le Hamas, branche palestinienne de la Confr\u00e9rie des Fr\u00e8res musulmans, qui admis en son sein, en 2014, des r\u00e9sistants palestiniens.<\/p>\n<p>Le Hamas, historiquement, s\u2019\u00e9tait form\u00e9 lors de l\u2019adh\u00e9sion \u00e0 la Confr\u00e9rie des Fr\u00e8res musulmans des disciples d\u2019Izz al-Din al-Qassam  (1882-1935) (d\u2019o\u00f9 le nom de Brigades Izz al-Din al-Qassam choisi par les combattants du Hamas). La strat\u00e9gie du Hamas se caract\u00e9rise par l\u2019absence de distinction entre des cibles militaires et civiles\u00a0; un mode d\u2019action militaire, qu\u2019en Occident, on nomme le \u00ab\u00a0terrorisme\u00a0\u00bb. C\u2019est Izz al-Din al-Qassam qui organisa les pogroms de 1935 en Palestine.<\/p>\n<p>En 2011 ou 2012, je ne sais plus exactement, l\u2019ayatollah Ali Khamenei m\u2019a invit\u00e9 \u00e0 la conf\u00e9rence panislamiste qu\u2019il avait convoqu\u00e9 \u00e0 T\u00e9h\u00e9ran. Je suis catholique, mais il me consid\u00e9rait comme \u00ab\u00a0musulman\u00a0\u00bb, vu le combat que je menais pour la v\u00e9rit\u00e9. Toutes les sectes musulmanes du monde entier \u00e9taient repr\u00e9sent\u00e9es, des isma\u00e9liens aux talibans, des wahhabites aux soufis. Durant les repas, je me rendais d\u2019une table \u00e0 l\u2019autre et suivais les discussions. Comme je ne parle, ni l\u2019arabe, ni le farsi, je posais quelques questions en anglais. Je me rendis vite compte, \u00e0 quel point, chacun disait du mal des autres. L\u2019unit\u00e9 n\u2019\u00e9tait qu\u2019une fa\u00e7ade. Je fus frapp\u00e9 de l\u2019animosit\u00e9 que les Fr\u00e8res musulmans et Al-Qaeda manifestaient vis-\u00e0-vis du guide supr\u00eame qui les avait invit\u00e9s.<\/p>\n<p>J\u2019en reviens au Hamas. Il est absurde de le juger dans son ensemble, sans percevoir les deux courants qui le forment, \u00e0 partir de 2014. Il \u00e9tait tr\u00e8s difficile, pour des Palestiniens, de rejoindre des r\u00e9seaux de r\u00e9sistance clandestins. Le Hamas avait \u00e9t\u00e9 \u00e9lu, \u00e0 Gaza, en 2007. Il \u00e9tait devenu visible. Des Palestiniens, d\u00e9\u00e7us par le Fateh, ont commenc\u00e9 \u00e0 le rejoindre. En 2014, lorsqu\u2019il est devenu \u00e9vident que les jihadistes avaient \u00e9t\u00e9 vaincus, en Syrie, par Bachar el-Assad, les nouveaux arrivants au Hamas ont plaid\u00e9 pour que le groupe coupe ses liens avec la Confr\u00e9rie des Fr\u00e8res musulmans qui avait lutt\u00e9 contre la R\u00e9publique arabe syrienne. Sur tous les papiers \u00e0-en-t\u00eate de l\u2019organisation, la mention \u00ab\u00a0Branche palestinienne de la Confr\u00e9rie des fr\u00e8res musulmans\u00a0\u00bb a \u00e9t\u00e9 supprim\u00e9e.<\/p>\n<p>Bachar el-Assad avait combattu le Hamas, en 2012, lorsque celui-ci \u00e9tait venu \u2014 accompagn\u00e9 de pisteurs du Mossad isra\u00e9lien et de combattants d\u2019Al-Qaeda \u2014 massacrer des leaders palestiniens r\u00e9fugi\u00e9s \u00e0 Yarmouk (agglom\u00e9ration de Damas). Pourtant, il invita le maire de Gaza, Khalil Hayya, le 19 octobre 2022. Mais il refusa toujours de recevoir les Fr\u00e8res musulmans de l\u2019organisation. Il faut bien comprendre ce conflit\u00a0: le Hamas et les Fr\u00e8res musulmans se battent pour \u00e9tablir un califat\u00a0; un \u00c9tat musulmans qui, petit \u00e0 petit, couvrirait la terre enti\u00e8re. Au contraire, les anti-imp\u00e9rialistes se battent pour \u00e9tablir un \u00c9tat palestinien qui serait inclus dans un \u00c9tat binational jud\u00e9o-arabe. Les documents officiels du Hamas, post-2014, entretiennent le flou sur ce sujet.<\/p>\n<p>J\u2019ai rencontr\u00e9 l\u2019ambassadeur du Hamas \u00e0 T\u00e9h\u00e9ran, lors d\u2019un repas donn\u00e9 par le ministre des Affaires \u00e9trang\u00e8res iranien, en 2012 ou 2013. Lui \u00e9tait assis \u00e0 la droite du ministre et moi, face \u00e0 lui. J\u2019ai commenc\u00e9 \u00e0 le prendre \u00e0 partie en lui demandant pourquoi son organisation avait assassin\u00e9 mes amis palestiniens du FPLP \u00e0 Damas. Il a ni\u00e9 ce dont je parlais. Le ton est mont\u00e9. Toute la table se taisait. Le ministre observait, sans mot dire, me laissant longuement parler. Puis, soudain, il a mis fin \u00e0 l\u2019algarade et au d\u00e9jeuner.<\/p>\n<p>Le 18 juin 2025, c\u2019est-\u00e0-dire apr\u00e8s la chute de Bachar el-Assad, le Guide g\u00e9n\u00e9ral par int\u00e9rim des Fr\u00e8res musulmans, Salah Abdel Haq, proposa \u00e0 l\u2019ayatollah Ali Khamenei de faire \u00ab\u00a0l\u2019unit\u00e9 de l\u2019oumma islamique\u00a0\u00bb pour faire face \u00e0 l\u2019\u00ab\u00a0ennemi commun\u00a0\u00bb qui est \u00ab\u00a0l\u2019entit\u00e9 sioniste\u00a0\u00bb. Il faut toujours savoir hi\u00e9rarchiser ses priorit\u00e9s. En acceptant ce compromis, Ali Khamenei a certes gagn\u00e9 du pouvoir et raffermi l\u2019unit\u00e9 du monde musulman, mais il a abandonn\u00e9 son id\u00e9al principal\u00a0: l\u2019\u00e9galit\u00e9 entre tous les hommes.<\/p>\n<p>Les prisonniers isra\u00e9liens de la r\u00e9sistance palestinienne furent en g\u00e9n\u00e9ral bien trait\u00e9, comme en ont attest\u00e9 les otages. Mais, dans certains cas, ils ne le furent pas du tout. Nous savons maintenant que le chef du Hamas \u00e0 Gaza, Yahya Sinwar, avait ordonn\u00e9 de les affamer.<\/p>\n<p>L\u2019unit\u00e9 panislamiste s\u2019est effondr\u00e9e de ses propres contradictions, avec l\u2019op\u00e9ration \u00ab\u00a0D\u00e9luge d\u2019Al-Aqsa\u00a0\u00bb. Le 7 octobre 2023, le Hamas lan\u00e7a une vaste attaque contre Isra\u00ebl, probablement avec la complicit\u00e9 de Benyamin Netanyahou. J\u2019ai imm\u00e9diatement \u00e9voqu\u00e9 cette hypoth\u00e8se, dans des articles et des vid\u00e9os. En Isra\u00ebl, la Knesset a interdit d\u2019y faire r\u00e9f\u00e9rence, sous peine de cinq ans de prison, et la censure militaire a interdit tout article discutant cette hypoth\u00e8se. On ne saura la v\u00e9rit\u00e9 que lorsque la paix et la d\u00e9mocratie seront revenues en Isra\u00ebl.<\/p>\n<p>Le Hezbollah et Ansar Allah refus\u00e8rent de rejoindre le Hamas dans son combat contre l\u2019\u00c9tat juif, mais ils finirent par accepter de le faire pour stopper les massacres de civils palestiniens. L\u2019horreur et l\u2019effroi que nous avons tous v\u00e9cus \u00e0 ce moment-l\u00e0 \u00e9taient de mauvais conseil. Encore une fois, beaucoup d\u2019entre nous sont repartis dans un conflit raciste, opposant juifs et arabes, alors qu\u2019\u00e0 mon sens, le seul combat qui soit juste est celui pour l\u2019\u00e9galit\u00e9 entre tous les hommes.<\/p>\n<p>\u2028Insensiblement \u00ab\u00a0l\u2019Axe de la r\u00e9sistance\u00a0\u00bb se trouva \u00e0 mener un combat qui n\u2019\u00e9tait pas le sien, contre l\u2019existence d\u2019un \u00c9tat exclusivement juif. Il dressa les \u00c9tats-Unis contre lui et sera \u00e9cras\u00e9 par eux. Ce qui a suivi, avec l\u2019assassinat du sayyed Hassan Nasrallah \u2014 un la\u00efque qui n\u2019envisageait pas de faire du Liban un \u00c9tat religieux \u2014 ne fut que le d\u00e9but de la fin.<\/p>\n<p>L\u2019ayatollah Ali Khamenei, le guide la r\u00e9volution de la R\u00e9publique islamique d\u2019Iran, a \u00e9t\u00e9 assassin\u00e9 par Isra\u00ebl, avec l\u2019assentiment du pr\u00e9sident Trump, apr\u00e8s qu\u2019il a accept\u00e9 de se joindre aux antis\u00e9mites du Hamas.<\/p>\n<p>Nous devons tirer des le\u00e7ons de nos exp\u00e9riences. Toutes les alliances ne sont bonnes \u00e0 souscrire\u00a0: prenons garde, nous ne pouvons pas vaincre aux c\u00f4t\u00e9s d\u2019individus qui diff\u00e9rent de nous sur le point crucial de l\u2019\u00e9galit\u00e9 entre tous les hommes. Ils sont nos ennemis tout autant que ceux que nous combattons aujourd\u2019hui.<\/p>\n<p>Ce n\u2019est pas un hasard si des \u00e9l\u00e9ments de la gauche europ\u00e9enne, qui ont soutenu le Hamas dans son ensemble, en viennent aujourd\u2019hui \u00e0 soutenir des anti-d\u00e9mocrates, comme les pr\u00e9tendus \u00ab\u00a0anti-fascistes\u00a0\u00bb\u00a0: des miliciens qui tuent ceux qui ne pensent pas comme eux.<\/p>\n<p>Il n\u2019y a pas de d\u00e9shonneur \u00e0 se replier devant un adversaire militairement sup\u00e9rieur et \u00e0 endurer des ann\u00e9es de r\u00e9sistance, mais il y en a un \u00e0 vaincre aux c\u00f4t\u00e9s des ennemis du genre humain.<\/p>\n<\/div>\n<p><br \/>\n<br \/><a href=\"https:\/\/www.voltairenet.org\/article223866.html\" target=\"_blank\"\">Source link <\/a><\/p>\n","protected":false},"excerpt":{"rendered":"<p>Le Guide de la r\u00e9volution de la R\u00e9publique islamique d\u2019Iran, l\u2019ayatollah Ali Khamenei, et le Guide g\u00e9n\u00e9ral par int\u00e9rim de la Confr\u00e9rie des fr\u00e8res musulmans, Salah Abdel Haq. Permettez-moi, pour&hellip; <\/p>\n","protected":false},"author":1,"featured_media":25063,"comment_status":"open","ping_status":"open","sticky":false,"template":"","format":"standard","meta":{"footnotes":""},"categories":[1],"tags":[],"class_list":["post-25062","post","type-post","status-publish","format-standard","has-post-thumbnail","hentry","category-non-classe"],"_links":{"self":[{"href":"https:\/\/monde25.info\/index.php\/wp-json\/wp\/v2\/posts\/25062","targetHints":{"allow":["GET"]}}],"collection":[{"href":"https:\/\/monde25.info\/index.php\/wp-json\/wp\/v2\/posts"}],"about":[{"href":"https:\/\/monde25.info\/index.php\/wp-json\/wp\/v2\/types\/post"}],"author":[{"embeddable":true,"href":"https:\/\/monde25.info\/index.php\/wp-json\/wp\/v2\/users\/1"}],"replies":[{"embeddable":true,"href":"https:\/\/monde25.info\/index.php\/wp-json\/wp\/v2\/comments?post=25062"}],"version-history":[{"count":0,"href":"https:\/\/monde25.info\/index.php\/wp-json\/wp\/v2\/posts\/25062\/revisions"}],"wp:featuredmedia":[{"embeddable":true,"href":"https:\/\/monde25.info\/index.php\/wp-json\/wp\/v2\/media\/25063"}],"wp:attachment":[{"href":"https:\/\/monde25.info\/index.php\/wp-json\/wp\/v2\/media?parent=25062"}],"wp:term":[{"taxonomy":"category","embeddable":true,"href":"https:\/\/monde25.info\/index.php\/wp-json\/wp\/v2\/categories?post=25062"},{"taxonomy":"post_tag","embeddable":true,"href":"https:\/\/monde25.info\/index.php\/wp-json\/wp\/v2\/tags?post=25062"}],"curies":[{"name":"wp","href":"https:\/\/api.w.org\/{rel}","templated":true}]}}