{"id":25064,"date":"2026-03-10T13:40:35","date_gmt":"2026-03-10T12:40:35","guid":{"rendered":"https:\/\/monde25.info\/index.php\/2026\/03\/10\/a-lille-lun-des-derniers-poumons-verts-au-coeur-de-la-bataille-des-municipales\/"},"modified":"2026-03-10T13:40:35","modified_gmt":"2026-03-10T12:40:35","slug":"a-lille-lun-des-derniers-poumons-verts-au-coeur-de-la-bataille-des-municipales","status":"publish","type":"post","link":"https:\/\/monde25.info\/index.php\/2026\/03\/10\/a-lille-lun-des-derniers-poumons-verts-au-coeur-de-la-bataille-des-municipales\/","title":{"rendered":"A Lille, l&#039;un des derniers poumons verts au coeur de la bataille des municipales"},"content":{"rendered":"<p> <br \/>\n<br \/><img loading=\"lazy\" decoding=\"async\" src=\"https:\/\/reporterre.net\/local\/cache-vignettes\/L700xH467\/stsolille-2898c.jpg?1773144576\" class=\"spip_logo\" width=\"700\" height=\"467\" alt=\"\" \/><\/p>\n<p>Municipales \u2014 Fief socialiste depuis plus d&rsquo;un si\u00e8cle, Lille voit son maire Arnaud Deslandes \u00eatre concurrenc\u00e9 sur sa gauche. Il s&rsquo;oppose aux candidats \u00e9cologiste et insoumis sur l&rsquo;am\u00e9nagement d&rsquo;une friche de 23 hectares au c\u0153ur de la ville. <br class=\"autobr\" \/><br \/>\nLille (Nord), reportage <br class=\"autobr\" \/><br \/>\nAu pied du beffroi de Lille, le retour du beau temps est le sujet d&rsquo;actualit\u00e9 n\u00b0\u00a01 en ce d\u00e9but du mois de mars \u2014 devant les \u00e9lections municipales. Mais si la capitale des Flandres, fid\u00e8le \u00e0 sa r\u00e9putation, regorge de terrasses\u00a0(\u2026)<\/p>\n<p>                    <a target=\"_blank\" href=\"https:\/\/reporterre.net\/A-Lille-le-sort-de-la-friche-Saint-Sauveur-divise-la-gauche?utm_source=RSS&amp;utm_medium=RSS\">Lire la suite<\/a><\/p>\n<p>                    &#8211;<br \/>\n                        <a target=\"_blank\" href=\"https:\/\/reporterre.net\/Reportage\" rel=\"directory\">Reportage<\/a><\/p>\n<p>                    \/<br \/>\n                        <a target=\"_blank\" href=\"https:\/\/reporterre.net\/Habitat\" rel=\"tag\">Habitat et urbanisme<\/a><br \/>\n                    ,<br \/>\n                        <a target=\"_blank\" href=\"https:\/\/reporterre.net\/Municipales-2026\" rel=\"tag\">Municipales 2026<\/a><br \/>\n<br \/><br \/>\n<br \/><a href=\"https:\/\/reporterre.net\/A-Lille-le-sort-de-la-friche-Saint-Sauveur-divise-la-gauche\" target=\"_blank\"\">Source link <\/a><\/p>\n","protected":false},"excerpt":{"rendered":"<p>Municipales \u2014 Fief socialiste depuis plus d&rsquo;un si\u00e8cle, Lille voit son maire Arnaud Deslandes \u00eatre concurrenc\u00e9 sur sa gauche. Il s&rsquo;oppose aux candidats \u00e9cologiste et insoumis sur l&rsquo;am\u00e9nagement d&rsquo;une friche&hellip; <\/p>\n","protected":false},"author":1,"featured_media":0,"comment_status":"open","ping_status":"open","sticky":false,"template":"","format":"standard","meta":{"footnotes":""},"categories":[1],"tags":[],"class_list":["post-25064","post","type-post","status-publish","format-standard","hentry","category-non-classe"],"_links":{"self":[{"href":"https:\/\/monde25.info\/index.php\/wp-json\/wp\/v2\/posts\/25064","targetHints":{"allow":["GET"]}}],"collection":[{"href":"https:\/\/monde25.info\/index.php\/wp-json\/wp\/v2\/posts"}],"about":[{"href":"https:\/\/monde25.info\/index.php\/wp-json\/wp\/v2\/types\/post"}],"author":[{"embeddable":true,"href":"https:\/\/monde25.info\/index.php\/wp-json\/wp\/v2\/users\/1"}],"replies":[{"embeddable":true,"href":"https:\/\/monde25.info\/index.php\/wp-json\/wp\/v2\/comments?post=25064"}],"version-history":[{"count":0,"href":"https:\/\/monde25.info\/index.php\/wp-json\/wp\/v2\/posts\/25064\/revisions"}],"wp:attachment":[{"href":"https:\/\/monde25.info\/index.php\/wp-json\/wp\/v2\/media?parent=25064"}],"wp:term":[{"taxonomy":"category","embeddable":true,"href":"https:\/\/monde25.info\/index.php\/wp-json\/wp\/v2\/categories?post=25064"},{"taxonomy":"post_tag","embeddable":true,"href":"https:\/\/monde25.info\/index.php\/wp-json\/wp\/v2\/tags?post=25064"}],"curies":[{"name":"wp","href":"https:\/\/api.w.org\/{rel}","templated":true}]}}