{"id":25072,"date":"2026-03-10T16:58:48","date_gmt":"2026-03-10T15:58:48","guid":{"rendered":"https:\/\/monde25.info\/index.php\/2026\/03\/10\/des-demain-aujourdhui-deviendra-hier\/"},"modified":"2026-03-10T16:58:48","modified_gmt":"2026-03-10T15:58:48","slug":"des-demain-aujourdhui-deviendra-hier","status":"publish","type":"post","link":"https:\/\/monde25.info\/index.php\/2026\/03\/10\/des-demain-aujourdhui-deviendra-hier\/","title":{"rendered":"D\u00e8s demain, Aujourd&rsquo;hui deviendra Hier."},"content":{"rendered":"<p> <br \/>\n<\/p>\n<div id=\"\">\n<p>\u00ab\u00a0Vive le r\u00e9gime th\u00e9ocratique, r\u00e9actionnaire et assassin des mollahs en Iran\u00a0\u00bb<\/p>\n<p>Bon, dit comme \u00e7a, c\u2019est un peu raide. Le probl\u00e8me est que j\u2019aurais pu le formuler autrement, n\u2019importe comment, mais par les temps qui courent, c\u2019est ainsi que cela sera interpr\u00e9t\u00e9.<\/p>\n<p>Un peu comme lorsque tu dis \u00ab\u00a0ce que fait Isra\u00ebl est monstrueux\u00a0\u00bb et qu\u2019on te r\u00e9torque que tu viens de r\u00e9v\u00e9ler ton antis\u00e9mitisme.<\/p>\n<p>Mince. Il y a des glissements qui se produisent et qui t\u2019ensevelissent d\u00e8s que tu t\u2019aventures hors des pistes balis\u00e9es. (T\u2019as pas vu les panneaux, ou quoi\u00a0?)<\/p>\n<p>Et la vitesse du glissement est directement proportionnelle \u00e0 l\u2019incapacit\u00e9 d\u2019admettre une r\u00e9alit\u00e9 toute b\u00eate.<\/p>\n<p>J\u2019aurais pu, par exemple, dire quelque chose comme \u00ab\u00a0dans les conditions objectives actuelles, et eu \u00e9gard aux enjeux, ma sympathie penche plut\u00f4t vers l\u2019Iran\u00a0\u00bb. L\u00e0, tu sens que \u00e7a glisse.<\/p>\n<p>J\u2019aurais pu ajouter, taquin que je suis, \u00ab\u00a0et j\u2019esp\u00e8re que l\u2019Iran mettra malgr\u00e9 tout et in fine une bonne branl\u00e9e \u00e0 Isra\u00ebl et fera saigner les \u00c9tats-Unis\u00a0\u00bb. L\u00e0, tu entends gronder sous tes pieds.<\/p>\n<p>Et qui sait\u00a0? Dans un moment de d\u00e9lire, j\u2019aurais pu ouvrir les vannes en grand et d\u00e9verser un \u00ab\u00a0j\u2019aimerais que Tel-Aviv ressemble, m\u00eame vaguement, \u00e0 Gaza.\u00a0\u00bb L\u00e0, un pan de la montagne se d\u00e9tache et te voil\u00e0 enseveli.<\/p>\n<p>Pas par des gravats, parce que ce n\u2019est pas un immeuble qui vient de te tomber sur la t\u00eate, mais par des platitudes, des clich\u00e9s, des approximations hasardeuses, des r\u00e9flexes pavloviens, des phrases r\u00e9p\u00e9t\u00e9es en boucle ailleurs et relay\u00e9es comme si elles \u00e9taient le produit spontan\u00e9 d\u2019un esprit perspicace et critique.<\/p>\n<p>Ceux qui ont ras\u00e9 Gaza pendant deux ans aimeraient nous faire croire que c\u2019est l\u2019Iran qui viole le droit international, sans toutefois pr\u00e9ciser lequel. Leur vision de la d\u00e9mocratie, c\u2019est \u00e9liminer des chefs d\u2019\u00c9tat et les remplacer par le genre de dirigeant qu\u2019on trouverait facilement en train de fl\u00e2ner en tongs et chemise ouverte sur l\u2019\u00eele d\u2019Epstein.<\/p>\n<p>Observons comment le crime est l\u2019\u00e9coli\u00e8re habill\u00e9e en hijab, pas le largage d\u2019une bombe sur elle.<\/p>\n<p>Constatons comment les \u00ab\u00a0diff\u00e9rences culturelles\u00a0\u00bb sont respectables, \u00e0 pr\u00e9server, \u00e0 condition qu\u2019elles soient circonscrites dans une tribu indienne perdue quelque part au milieu de l\u2019Amazonie, mais deviennent une menace existentielle lorsqu\u2019elles sont capables \u00e0 la fois de r\u00e9citer un po\u00e8me de Nizami Ganjavi et d\u2019enrichir de l\u2019uranium.<\/p>\n<p>Dans le premier cas, l\u2019esprit occidental trouve que c\u2019est mignon comme tout. Tous ces seins nus, ces bites \u00e0 l\u2019air, ces sarbacanes aux fl\u00e9chettes empoisonn\u00e9es et cette langue \u00e0 laquelle on ne comprend rien. Maintenez une distance respectueuse, parlez \u00e0 voix basse. Soyez discrets lorsque vous prenez des images pour votre futur podcast. N\u2019oubliez pas de prononcer quelques r\u00e9flexions bien senties sur les ravages de la \u00ab\u00a0civilisation\u00a0\u00bb en prenant bien soin de mettre le mot entre guillemets pour souligner l\u2019ironie de votre propos et l\u2019immense recul que votre esprit entrain\u00e9 est capable de parcourir.<\/p>\n<p>Dans le deuxi\u00e8me cas, l\u2019esprit occidental est rempli de haine \u00e0 la vue d\u2019un uniforme scolaire et la civilisation (la sienne) est somm\u00e9e d\u2019intervenir au plus vite pour accomplir son \u0153uvre lib\u00e9ratrice et ravageuse. Et nous voil\u00e0 soudain \u00e0 court de guillemets, sans une trace d\u2019ironie et comme seul recul celui des armes.<\/p>\n<p>L\u2019esprit occidental, surtout chez ses \u00e9lites, est plus sensible \u00e0 la propagande discr\u00e8tement sexu\u00e9e et ouvertement  supr\u00e9maciste \u00e0 l\u2019isra\u00e9lienne qu\u2019au sort des populations condamn\u00e9es \u00e0 subir ses op\u00e9rations d\u2019\u00e9mancipation.<\/p>\n<p>On en oublierait que l\u2019esprit occidental a engendr\u00e9 les croisades, l\u2019antis\u00e9mitisme, le racisme, l\u2019esclavagisme, deux guerres mondiales, le nazisme, le fascisme et toute une flop\u00e9e de g\u00e9nocides et crimes divers \u00e0 travers l\u2019histoire.<\/p>\n<p>Ce \u00e0 quoi l\u2019esprit occidental r\u00e9torquera, indign\u00e9, que tout \u00e7a c\u2019est du pass\u00e9. C\u2019est vrai qu\u2019il est plus facile de parler du pass\u00e9 que du pr\u00e9sent.<\/p>\n<p>Il r\u00e9torquera aussi qu\u2019il n\u2019est pas le seul coupable. \u00c7a aussi c\u2019est vrai. Comme il est tout aussi vrai que pointer du doigt les crimes d\u2019un voisin constitue en g\u00e9n\u00e9ral la pire ligne de d\u00e9fense devant un tribunal qu\u2019on puisse imaginer.<\/p>\n<p>Mais pourquoi s\u2019attarder sur la question puisqu\u2019on sait d\u00e9j\u00e0 que d\u00e8s demain, aujourd\u2019hui deviendra hier\u00a0?<\/p>\n<p><strong>Viktor DEDAJ<\/strong><br class=\"autobr\"\/><br \/>\n<i>le temps passe mais l\u2019indignation reste<\/i><\/p>\n<\/div>\n<p><br \/>\n<br \/><a href=\"https:\/\/www.legrandsoir.info\/des-demain-aujourd-hui-deviendra-hier.html\" target=\"_blank\"\">Source link <\/a><\/p>\n","protected":false},"excerpt":{"rendered":"<p>\u00ab\u00a0Vive le r\u00e9gime th\u00e9ocratique, r\u00e9actionnaire et assassin des mollahs en Iran\u00a0\u00bb Bon, dit comme \u00e7a, c\u2019est un peu raide. Le probl\u00e8me est que j\u2019aurais pu le formuler autrement, n\u2019importe comment,&hellip; <\/p>\n","protected":false},"author":1,"featured_media":25073,"comment_status":"open","ping_status":"open","sticky":false,"template":"","format":"standard","meta":{"footnotes":""},"categories":[1],"tags":[],"class_list":["post-25072","post","type-post","status-publish","format-standard","has-post-thumbnail","hentry","category-non-classe"],"_links":{"self":[{"href":"https:\/\/monde25.info\/index.php\/wp-json\/wp\/v2\/posts\/25072","targetHints":{"allow":["GET"]}}],"collection":[{"href":"https:\/\/monde25.info\/index.php\/wp-json\/wp\/v2\/posts"}],"about":[{"href":"https:\/\/monde25.info\/index.php\/wp-json\/wp\/v2\/types\/post"}],"author":[{"embeddable":true,"href":"https:\/\/monde25.info\/index.php\/wp-json\/wp\/v2\/users\/1"}],"replies":[{"embeddable":true,"href":"https:\/\/monde25.info\/index.php\/wp-json\/wp\/v2\/comments?post=25072"}],"version-history":[{"count":0,"href":"https:\/\/monde25.info\/index.php\/wp-json\/wp\/v2\/posts\/25072\/revisions"}],"wp:featuredmedia":[{"embeddable":true,"href":"https:\/\/monde25.info\/index.php\/wp-json\/wp\/v2\/media\/25073"}],"wp:attachment":[{"href":"https:\/\/monde25.info\/index.php\/wp-json\/wp\/v2\/media?parent=25072"}],"wp:term":[{"taxonomy":"category","embeddable":true,"href":"https:\/\/monde25.info\/index.php\/wp-json\/wp\/v2\/categories?post=25072"},{"taxonomy":"post_tag","embeddable":true,"href":"https:\/\/monde25.info\/index.php\/wp-json\/wp\/v2\/tags?post=25072"}],"curies":[{"name":"wp","href":"https:\/\/api.w.org\/{rel}","templated":true}]}}