{"id":25076,"date":"2026-03-10T18:04:36","date_gmt":"2026-03-10T17:04:36","guid":{"rendered":"https:\/\/monde25.info\/index.php\/2026\/03\/10\/chaleur-tempetes-inondations-fevrier-a-battu-des-records-mondialement\/"},"modified":"2026-03-10T18:04:36","modified_gmt":"2026-03-10T17:04:36","slug":"chaleur-tempetes-inondations-fevrier-a-battu-des-records-mondialement","status":"publish","type":"post","link":"https:\/\/monde25.info\/index.php\/2026\/03\/10\/chaleur-tempetes-inondations-fevrier-a-battu-des-records-mondialement\/","title":{"rendered":"Chaleur, temp\u00eates, inondations&#8230; F\u00e9vrier a battu des records mondialement"},"content":{"rendered":"<p> <br \/>\n<br \/><img loading=\"lazy\" decoding=\"async\" src=\"https:\/\/reporterre.net\/local\/cache-vignettes\/L700xH467\/afp__20260224__98ta2rk__v1__highres__franceweatherstormflood-1c90e.jpg?1773159016\" class=\"spip_logo\" width=\"700\" height=\"467\" alt=\"\" \/><\/p>\n<p>Nouveau mois, nouveau bulletin, nouveaux records. D&rsquo;apr\u00e8s l&rsquo;observatoire europ\u00e9en Copernicus, f\u00e9vrier 2026 a \u00e9t\u00e9 le cinqui\u00e8me mois de f\u00e9vrier le plus chaud jamais enregistr\u00e9 sur Terre. Ce, avec une temp\u00e9rature moyenne sup\u00e9rieure de 1,49\u00a0\u00b0C aux niveaux pr\u00e9industriels. Quelques jours plus t\u00f4t, M\u00e9t\u00e9o-France avait d\u00e9j\u00e0 r\u00e9v\u00e9l\u00e9 que ce m\u00eame mois s&rsquo;\u00e9tait hiss\u00e9 au deuxi\u00e8me rang des mois de f\u00e9vrier les plus chauds depuis 1900\u2026 \u00e0 l&rsquo;\u00e9chelle de la France. <br class=\"autobr\" \/><br \/>\n\u00ab<small class=\"fine d-inline\">\u00a0<\/small>Le mois a \u00e9t\u00e9 marqu\u00e9 par une s\u00e9rie de\u00a0(\u2026)<\/p>\n<p>                    <a target=\"_blank\" href=\"https:\/\/reporterre.net\/Chaleur-tempetes-inondations-Fevrier-a-battu-des-records-mondialement?utm_source=RSS&amp;utm_medium=RSS\">Lire la suite<\/a><\/p>\n<p>                    &#8211;<br \/>\n                        <a target=\"_blank\" href=\"https:\/\/reporterre.net\/Breves-20\" rel=\"directory\">En bref<\/a><\/p>\n<p>                    \/<br \/>\n                        <a target=\"_blank\" href=\"https:\/\/reporterre.net\/Climat-18\" rel=\"tag\">Climat <\/a><br \/>\n<br \/><br \/>\n<br \/><a href=\"https:\/\/reporterre.net\/Chaleur-tempetes-inondations-Fevrier-a-battu-des-records-mondialement\" target=\"_blank\"\">Source link <\/a><\/p>\n","protected":false},"excerpt":{"rendered":"<p>Nouveau mois, nouveau bulletin, nouveaux records. D&rsquo;apr\u00e8s l&rsquo;observatoire europ\u00e9en Copernicus, f\u00e9vrier 2026 a \u00e9t\u00e9 le cinqui\u00e8me mois de f\u00e9vrier le plus chaud jamais enregistr\u00e9 sur Terre. Ce, avec une temp\u00e9rature&hellip; <\/p>\n","protected":false},"author":1,"featured_media":0,"comment_status":"open","ping_status":"open","sticky":false,"template":"","format":"standard","meta":{"footnotes":""},"categories":[1],"tags":[],"class_list":["post-25076","post","type-post","status-publish","format-standard","hentry","category-non-classe"],"_links":{"self":[{"href":"https:\/\/monde25.info\/index.php\/wp-json\/wp\/v2\/posts\/25076","targetHints":{"allow":["GET"]}}],"collection":[{"href":"https:\/\/monde25.info\/index.php\/wp-json\/wp\/v2\/posts"}],"about":[{"href":"https:\/\/monde25.info\/index.php\/wp-json\/wp\/v2\/types\/post"}],"author":[{"embeddable":true,"href":"https:\/\/monde25.info\/index.php\/wp-json\/wp\/v2\/users\/1"}],"replies":[{"embeddable":true,"href":"https:\/\/monde25.info\/index.php\/wp-json\/wp\/v2\/comments?post=25076"}],"version-history":[{"count":0,"href":"https:\/\/monde25.info\/index.php\/wp-json\/wp\/v2\/posts\/25076\/revisions"}],"wp:attachment":[{"href":"https:\/\/monde25.info\/index.php\/wp-json\/wp\/v2\/media?parent=25076"}],"wp:term":[{"taxonomy":"category","embeddable":true,"href":"https:\/\/monde25.info\/index.php\/wp-json\/wp\/v2\/categories?post=25076"},{"taxonomy":"post_tag","embeddable":true,"href":"https:\/\/monde25.info\/index.php\/wp-json\/wp\/v2\/tags?post=25076"}],"curies":[{"name":"wp","href":"https:\/\/api.w.org\/{rel}","templated":true}]}}