{"id":25077,"date":"2026-03-10T19:10:38","date_gmt":"2026-03-10T18:10:38","guid":{"rendered":"https:\/\/monde25.info\/index.php\/2026\/03\/10\/des-paysans-sorganisent-pour-resister-et-sauver-la-souverainete-alimentaire-de-la-france\/"},"modified":"2026-03-10T19:10:38","modified_gmt":"2026-03-10T18:10:38","slug":"des-paysans-sorganisent-pour-resister-et-sauver-la-souverainete-alimentaire-de-la-france","status":"publish","type":"post","link":"https:\/\/monde25.info\/index.php\/2026\/03\/10\/des-paysans-sorganisent-pour-resister-et-sauver-la-souverainete-alimentaire-de-la-france\/","title":{"rendered":"Des paysans s\u2019organisent pour r\u00e9sister et sauver la souverainet\u00e9 alimentaire de la France"},"content":{"rendered":"<p> <br \/>\n<\/p>\n<div>\n<p>L&rsquo;autonomie alimentaire de la France semble s&rsquo;effriter sous les coups de boutoir de r\u00e9glementations europ\u00e9ennes oppressives et de crises sanitaires manipul\u00e9es, et une question hante les esprits : <strong>qui orchestre cette destruction m\u00e9thodique de notre souverainet\u00e9 agricole ?<\/strong> Pourquoi nos fermes, nos troupeaux et nos terres ancestrales sont-ils sacrifi\u00e9s sur l\u2019autel d\u2019int\u00e9r\u00eats obscurs ? C\u2019est pr\u00e9cis\u00e9ment \u00e0 ces interrogations que tente de r\u00e9pondre l\u2019\u00e9mission organis\u00e9e par l\u2019association BonSens.org <strong>en donnant la parole au collectif PAYSANS LIBREs<\/strong>, <a target=\"_blank\" href=\"https:\/\/www.youtube.com\/live\/kJ6ggFEXRLU?is=FF0CeaQothTAD4ZV\">diffus\u00e9e sur YouTube et d\u00e9di\u00e9e \u00e0 la crise de la Dermatose Nodulaire Contagieuse (DNC)<\/a>. Un \u00ab\u00a0direct\u00a0\u00bb qui ne se contente pas de d\u00e9noncer, mais qui mobilise, \u00e9meut et appelle \u00e0 l\u2019action pour sauver l\u2019\u00e2me paysanne de la France.<\/p>\n<p><iframe loading=\"lazy\" title=\"Live - Crise de la DNC : BonSens-org aux c\u00f4t\u00e9s des agriculteurs\" width=\"1110\" height=\"624\" src=\"https:\/\/www.youtube.com\/embed\/kJ6ggFEXRLU?feature=oembed\" frameborder=\"0\" allow=\"accelerometer; autoplay; clipboard-write; encrypted-media; gyroscope; picture-in-picture; web-share\" referrerpolicy=\"strict-origin-when-cross-origin\" allowfullscreen><\/iframe><\/p>\n<p>\u00a0<\/p>\n<h5><strong>La crise de la DNC : symbole d\u2019une autonomie bafou\u00e9e<\/strong><\/h5>\n<p>Depuis l\u2019apparition de la DNC en Savoie fin juin 2025 \u2013 une maladie virale affectant exclusivement les bovins, non transmissible \u00e0 l\u2019humain, <a target=\"_blank\" href=\"http:\/\/www.francesoir.fr\/cdn-cgi\/l\/email-protection#234b57575350190c0c5454540d544c424b0d4c51440c4253530c56534f4c4247500c111311110c13150c4f564e535a0e50484a4d0e474a50464250460e454a4d424f0e55120e12454c515356414f4a4042574a4c4d0d534745\">avec un faible taux de mortalit\u00e9 (1-5 %)<\/a> et une transmission principalement vectorielle par insectes piqueurs &#8211; des paysans se sont lev\u00e9s pour d\u00e9noncer une gestion inhumaine et incompr\u00e9hensible de la crise, avec des vaccinations forc\u00e9es et des abattages syst\u00e9matiques, y compris des vaches saines et des vaches vaccin\u00e9es, d\u00e8s l&rsquo;apparition de sympt\u00f4mes dans un troupeau. Ces paysans se sont regroup\u00e9s dans un collectif, \u00ab <em>PAYSANS LIBREs<\/em> \u00bb<\/p>\n<p>D\u00e8s le mois d&rsquo;ao\u00fbt 2025, <a target=\"_blank\" href=\"http:\/\/francesoir.fr\/societe-sante-science-tech\/dermatose-nodulaire-contagieuse-le-decryptage-scientifique-de-bonsensorg\">BonSens.org s\u2019est positionn\u00e9 en rempart scientifique pour les agriculteurs.<\/a> L\u2019association, connue pour son expertise rigoureuse et son refus des narratifs officiels biais\u00e9s, met en lumi\u00e8re comment cette maladie a \u00e9t\u00e9 instrumentalis\u00e9e pour imposer des mesures draconiennes : abattages massifs de troupeaux (m\u00eame sains, m\u00eame vaccin\u00e9s), <a target=\"_blank\" href=\"http:\/\/www.francesoir.fr\/cdn-cgi\/l\/email-protection#81e9f5f5f1f2bbaeaee3eeeff2e4eff2afe8efe7eeaeede4f2f2e4eff5e8e4edacf2f4f3acede4f2acf7e0e2e2e8eff2ace2eeeff5f3e4acede0ace5efe2ace5e4f3ece0f5eef2e4acefeee5f4ede0e8f3e4ace2eeeff5e0e6e8e4f4f2e4ace5e4f2ace3eef7e8eff2acf1e0f3ace9e4ede4efe4ace3e0efeef4efae\">quarantaines interminables, vaccins controvers\u00e9s sans autorisation de mise sur le march\u00e9 (AMM) en Europe<\/a>. Dans un <a target=\"_blank\" href=\"https:\/\/www.francesoir.fr\/societe-sante-science-tech\/dermatose-nodulaire-contagieuse-le-decryptage-scientifique-de-bonsensorg\">d\u00e9cryptage scientifique approfondi<\/a>, l\u2019association d\u00e9montre que <strong>l\u2019abattage total n\u2019est pas efficace \u00e0 long terme<\/strong> \u2013 la maladie r\u00e9appara\u00eet malgr\u00e9 ces mesures dans d\u2019autres pays (Isra\u00ebl, Turquie).<\/p>\n<p>La <a target=\"_blank\" href=\"https:\/\/bonsens.info\/revue-sur-les-traitements-connus-contre-la-dermatose-nodulaire-contagieuse\/\">revue scientifique de Bon Sens.org plaide <strong>pour des alternatives \u00e9thiques<\/strong><\/a> : vaccination cibl\u00e9e, traitements naturels ou m\u00e9dicamenteux (ivermectine, propolis encapsul\u00e9e, m\u00e9langes antiviraux ayant montr\u00e9 des gu\u00e9risons rapides en Inde ou en \u00c9gypte), et lutte antivectorielle. Ces approches permettraient de pr\u00e9server le cheptel, le bien-\u00eatre animal et la souverainet\u00e9 alimentaire, tout en critiquant une gestion \u00ab <em>disproportionn\u00e9e<\/em>, <em>inefficace et inhumaine<\/em> \u00bb motiv\u00e9e par la pr\u00e9servation du statut \u00ab <em>indemne<\/em> \u00bb pour les exportations.<\/p>\n<p>Dans ce live captivant, les intervenants du collectif, Pierre, Romain et Kyria, apportent leur t\u00e9moignage sur ce qu&rsquo;ils jugent \u00eatre une gestion incompr\u00e9hensible et inhumaine de l&rsquo;\u00e9pizootie de DNC (terme d\u00e9signant une \u00e9pid\u00e9mie dans le r\u00e8gne animal). Les m\u00e9canismes de la gestion de crise y sont diss\u00e9qu\u00e9s avec les autres intervenants pr\u00e9sents, r\u00e9v\u00e9lant comment l\u2019Union europ\u00e9enne et certaines instances nationales <strong>privil\u00e9gient les int\u00e9r\u00eats agro-industriels au d\u00e9triment des petites fermes familiales<\/strong>. L\u2019autonomie agricole, pilier de notre identit\u00e9 nationale, est ainsi menac\u00e9e par une d\u00e9pendance accrue aux importations et \u00e0 des technologies impos\u00e9es, laissant les paysans dans une pr\u00e9carit\u00e9 grandissante, <strong>et promettant au peuple fran\u00e7ais un avenir fond\u00e9 sur une alimentation industrielle.<\/strong><\/p>\n<p>\u00a0<\/p>\n<h5><strong>Le t\u00e9moignage de Maxime Lhomme sur la gestion cruelle par les autorit\u00e9s des vaches de la ferme familiale : un cri du c\u0153ur qui r\u00e9sonne<\/strong><\/h5>\n<p>Au c\u0153ur de cette diffusion en direct, le t\u00e9moignage de Maxime frappe comme un coup de tonnerre. Ce jeune agriculteur, dont la famille a vu <strong>son troupeau entier extermin\u00e9, pourtant vaccin\u00e9, sous pr\u00e9texte de pr\u00e9vention contre la DNC<\/strong>, raconte avec une \u00e9motion brute l\u2019horreur v\u00e9cue. Des ann\u00e9es de labeur, des liens affectifs avec des animaux \u00e9lev\u00e9s avec soin, ont <strong>\u00e9t\u00e9 balay\u00e9s en un instant<\/strong> par des ordres administratifs implacables. \u00ab <em>C\u2019\u00e9tait comme si on arrachait une partie de notre \u00e2me<\/em> \u00bb, confie-t-il, d\u00e9crivant les sc\u00e8nes : les vaches effray\u00e9es par les fum\u00e9es des gaz des forces de l&rsquo;ordre, l\u2019abattage forc\u00e9 des animaux, leurs cris d\u00e9chirants, les larmes des enfants, l&rsquo;\u00e9cole proche de la ferme subissant les gaz alors que les enfants sont encore en classe, une r\u00e9elle sc\u00e8ne d&rsquo;apocalypse pour ce petit village du Doubs, et bien s\u00fbr, la ruine financi\u00e8re qui s\u2019ensuit pour la famille. Ce r\u00e9cit n\u2019est pas isol\u00e9 ; il symbolise le calvaire de milliers de paysans fran\u00e7ais, victimes d\u2019une bureaucratie d\u00e9shumanisante. Maxime, par sa voix d\u00e9termin\u00e9e, <strong>incarne la r\u00e9silience des ruraux face \u00e0 un syst\u00e8me qui les broie<\/strong>. Son histoire n\u2019est pas seulement poignante ; elle est un appel \u00e0 la solidarit\u00e9, rappelant que derri\u00e8re chaque statistique se cache une trag\u00e9die humaine, et derri\u00e8re les fermes familiales, une qualit\u00e9 et la souverainet\u00e9 alimentaire de la France.<\/p>\n<p>\u00a0<\/p>\n<h5><strong>Les actions juridiques<\/strong><\/h5>\n<p>Mais BonSens.org ne s\u2019arr\u00eate pas aux constats. L\u2019association s\u2019est engag\u00e9e avec des <strong>actions juridiques concr\u00e8tes pour d\u00e9fendre les droits des agriculteurs<\/strong>. Dans le live, on \u00e9voque le recours de la famille LHOMME, du collectif PAYSANS LIBREs et de l\u2019association BONSENS.org \u00a0devant la Cour de Justice de la R\u00e9publique contre les ministres de l\u2019agriculture et de l\u2019int\u00e9rieur pour abattages abusifs d\u2019animaux, <strong>car mis en \u0153uvre sans n\u00e9cessit\u00e9<\/strong>. Est aussi abord\u00e9 la demande du collectif aupr\u00e8s du Commissaire europ\u00e9en \u00e0 la sant\u00e9 de modifier la cat\u00e9gorisation europ\u00e9enne de la DNC, maladie de type entra\u00eenant une obligation d\u2019\u00e9radication imm\u00e9diate, pour que celle-ci soit cat\u00e9goris\u00e9e E, c\u2019est-\u00e0-dire pour qu\u2019elle fasse l\u2019objet de simple mesure de contr\u00f4le et de surveillance moins coercitive que l\u2019\u00e9radication imm\u00e9diate ou la vaccination de force.<\/p>\n<p>Gr\u00e2ce \u00e0 son r\u00e9seau d\u2019experts scientifiques (dont H\u00e9l\u00e8ne Banoun, Pharmacien biologiste PhD et Jean-Fran\u00e7ois Lesgards, Chimie\/Biochimie PhD) et juridiques (Olivier Frot, Droit Public PhD et Me Diane Protat), BonSens.org a d\u00e9j\u00e0 accompagn\u00e9 <strong>des exploitants dans des proc\u00e9dures<\/strong>. Ces batailles judiciaires visent non seulement \u00e0 \u00e9viter les dommages, mais aussi \u00e0 r\u00e9former le syst\u00e8me : le positionnement est clairement celui d&rsquo;une agriculture souveraine, o\u00f9 les d\u00e9cisions sont prises au plus pr\u00e8s du terrain, et non dans les couloirs de Bruxelles.<\/p>\n<h5><strong>L\u2019engagement concret de BonSens.org : des actes pour les terres de France<\/strong><\/h5>\n<p>Fond\u00e9e sur des valeurs de v\u00e9rit\u00e9 scientifique (transparence et int\u00e9grit\u00e9), BonSens.org s\u2019engage depuis des ann\u00e9es aupr\u00e8s des citoyens pour la sant\u00e9 sous toutes ses formes, y compris celle des paysans et de la terre fran\u00e7aise. Au-del\u00e0 de la crise de la DNC \u2013 dont elle a fourni un d\u00e9cryptage rigoureux. Ce live de BonSens.org n\u2019est pas qu\u2019un \u00e9v\u00e9nement ; c\u2019est un manifeste pour l\u2019avenir. Il nous interpelle tous : citoyens, consommateurs, d\u00e9cideurs. En soutenant ces paysans, chacun peut d\u00e9fendre la qualit\u00e9 de notre alimentation, notre paysage et notre ind\u00e9pendance alimentaire. Si vous aimez la France authentique, celle des terroirs vivants, plongez dans cette histoire de r\u00e9sistance \u2013visionnez le live. Et comme le dit Kyria du collectif PAYSANS LIBREs dans la vid\u00e9o \u00ab\u00a0<em>pour nous aider, venez nous rencontrer<\/em>\u00a0\u00bb. Cela pourrait bien changer votre regard sur ce que nous mangeons \u2013 et sur ceux qui le produisent, et surtout ceux qui prennent les d\u00e9cisions. Pour en savoir plus, www.bonsens.org<\/p>\n<\/div>\n<p><script>(function(d, s, id) {  var js, fjs = d.getElementsByTagName(s)[0];  if (d.getElementById(id)) return;  js = d.createElement(s); js.id = id;  js.src = \"\/\/connect.facebook.net\/fr_FR\/sdk.js#xfbml=1&version=v2.3\";  fjs.parentNode.insertBefore(js, fjs);}(document, \"script\", \"facebook-jssdk\"));<\/script><br \/>\n<br \/><br \/>\n<br \/><a href=\"https:\/\/www.francesoir.fr\/videos-videos-ne-pas-manquer-societe-economie-sante-environnement\/des-paysans-s-organisent-pour\" target=\"_blank\"\">Source link <\/a><\/p>\n","protected":false},"excerpt":{"rendered":"<p>L&rsquo;autonomie alimentaire de la France semble s&rsquo;effriter sous les coups de boutoir de r\u00e9glementations europ\u00e9ennes oppressives et de crises sanitaires manipul\u00e9es, et une question hante les esprits : qui orchestre&hellip; <\/p>\n","protected":false},"author":1,"featured_media":25078,"comment_status":"open","ping_status":"open","sticky":false,"template":"","format":"standard","meta":{"footnotes":""},"categories":[1],"tags":[],"class_list":["post-25077","post","type-post","status-publish","format-standard","has-post-thumbnail","hentry","category-non-classe"],"_links":{"self":[{"href":"https:\/\/monde25.info\/index.php\/wp-json\/wp\/v2\/posts\/25077","targetHints":{"allow":["GET"]}}],"collection":[{"href":"https:\/\/monde25.info\/index.php\/wp-json\/wp\/v2\/posts"}],"about":[{"href":"https:\/\/monde25.info\/index.php\/wp-json\/wp\/v2\/types\/post"}],"author":[{"embeddable":true,"href":"https:\/\/monde25.info\/index.php\/wp-json\/wp\/v2\/users\/1"}],"replies":[{"embeddable":true,"href":"https:\/\/monde25.info\/index.php\/wp-json\/wp\/v2\/comments?post=25077"}],"version-history":[{"count":0,"href":"https:\/\/monde25.info\/index.php\/wp-json\/wp\/v2\/posts\/25077\/revisions"}],"wp:featuredmedia":[{"embeddable":true,"href":"https:\/\/monde25.info\/index.php\/wp-json\/wp\/v2\/media\/25078"}],"wp:attachment":[{"href":"https:\/\/monde25.info\/index.php\/wp-json\/wp\/v2\/media?parent=25077"}],"wp:term":[{"taxonomy":"category","embeddable":true,"href":"https:\/\/monde25.info\/index.php\/wp-json\/wp\/v2\/categories?post=25077"},{"taxonomy":"post_tag","embeddable":true,"href":"https:\/\/monde25.info\/index.php\/wp-json\/wp\/v2\/tags?post=25077"}],"curies":[{"name":"wp","href":"https:\/\/api.w.org\/{rel}","templated":true}]}}