{"id":25079,"date":"2026-03-10T19:43:41","date_gmt":"2026-03-10T18:43:41","guid":{"rendered":"https:\/\/monde25.info\/index.php\/2026\/03\/10\/au-moins-6-morts-et-37-blesses-annonce-le-gouverneur-regional-rt-en-francais\/"},"modified":"2026-03-10T19:43:41","modified_gmt":"2026-03-10T18:43:41","slug":"au-moins-6-morts-et-37-blesses-annonce-le-gouverneur-regional-rt-en-francais","status":"publish","type":"post","link":"https:\/\/monde25.info\/index.php\/2026\/03\/10\/au-moins-6-morts-et-37-blesses-annonce-le-gouverneur-regional-rt-en-francais\/","title":{"rendered":"au moins 6 morts et 37 bless\u00e9s, annonce le gouverneur r\u00e9gional \u2014 RT en fran\u00e7ais"},"content":{"rendered":"<p> <br \/>\n<br \/><img decoding=\"async\" src=\"https:\/\/mf.b37mrtl.ru\/french\/images\/2026.03\/thumbnail\/69b05a5187f3ec458729f682.jpg\" \/><\/p>\n<div>\n<p class=\"text__summary\">\n                                        La ville russe de Briansk a \u00e9t\u00e9 frapp\u00e9e, ce 10 mars, par des missiles tir\u00e9s par les forces ukrainiennes. \u00abSix civils ont \u00e9t\u00e9 tu\u00e9s et 37 bless\u00e9s\u00bb, a annonc\u00e9 le gouverneur r\u00e9gional Alexandre Bogomaz, qui a fustig\u00e9 une \u00abattaque terroriste inhumaine\u00bb.\n                                    <\/p>\n<p>Une frappe ukrainienne de missiles a touch\u00e9 la ville de Briansk, ce 10 mars. Sur des vid\u00e9os diffus\u00e9es sur les r\u00e9seaux sociaux, des projectiles traversant le ciel de la ville peuvent \u00eatre observ\u00e9s, ainsi que des panaches de fum\u00e9e s\u2019\u00e9levant depuis plusieurs points de cette agglom\u00e9ration de pr\u00e8s de 400\u00a0000 habitants.<\/p>\n<p>\u00ab\u00a0Suite \u00e0 une attaque terroriste\u00a0de missile, six civils ont \u00e9t\u00e9 tu\u00e9s et 37 bless\u00e9s\u00a0\u00bb, <a target=\"_blank\" href=\"https:\/\/t.me\/avbogomaz\/18388\" target=\"_blank\" rel=\"noopener noreferrer\">a annonc\u00e9<\/a> sur sa cha\u00eene Telegram\u00a0le gouverneur de la r\u00e9gion Alexandre Bogomaz. Dans un pr\u00e9c\u00e9dent message, \u00e9voquant des victimes, le responsable r\u00e9gional avait fustig\u00e9 une \u00ab\u00a0<a target=\"_blank\" href=\"https:\/\/t.me\/avbogomaz\/18386\" target=\"_blank\" rel=\"noopener noreferrer\">attaque terroriste inhumaine\u00a0<\/a>\u00bb.<\/p>\n<p>\u00ab\u00a0Nous affirmons clairement que nous nous opposons aux attaques contre les civils et les infrastructures civiles\u00a0\u00bb, <a target=\"_blank\" href=\"https:\/\/tass.ru\/mezhdunarodnaya-panorama\/26712515\">a d\u00e9clar\u00e9<\/a> aupr\u00e8s d\u2019un correspondant de l\u2019agence TASS St\u00e9phane Dujarric, porte-parole du Secr\u00e9taire g\u00e9n\u00e9ral des Nations Unies.<\/p>\n<h3>Attaques ukrainiennes\u00a0: trente personnes tu\u00e9es en Russie, en l\u2019espace d\u2019une semaine, annonce Mirochnik<\/h3>\n<p>De son c\u00f4t\u00e9 Volodymyr Zelensky, cit\u00e9 par la presse ukrainienne, a annonc\u00e9 une frappe contre <a target=\"_blank\" href=\"https:\/\/www.rbc.ua\/ukr\/news\/udar-mozku-raket-rf-zelenskiy-zayaviv-ataku-1773161485.html\">une \u00ab\u00a0usine\u00a0\u00bb<\/a> qui selon lui \u00ab\u00a0produisait des syst\u00e8mes de contr\u00f4le pour tous les types de missiles russes\u00a0\u00bb.<\/p>\n<p>Selon les m\u00e9dias Mash et Shot il s\u2019agirait de <a target=\"_blank\" href=\"https:\/\/t.me\/mash\/72549\">missiles de croisi\u00e8re Storm Shadow<\/a>. Ceux-ci auraient \u00e9t\u00e9 tir\u00e9s par des Su-24 depuis la <a target=\"_blank\" href=\"https:\/\/t.me\/shot_shot\/93159\">r\u00e9gion d\u2019Odessa<\/a>, a pr\u00e9cis\u00e9 Shot. Toujours d\u2019apr\u00e8s cette source, <a target=\"_blank\" href=\"https:\/\/t.me\/shot_shot\/93158\">sept de ces engins<\/a> de conception franco-britannique auraient ainsi \u00e9t\u00e9 tir\u00e9s en direction de Briansk o\u00f9 deux personnes auraient \u00e9t\u00e9 tu\u00e9es et seize autres bless\u00e9es.<\/p>\n<p>Plus t\u00f4t dans la journ\u00e9e, Rodion Mirochnik, l&rsquo;ambassadeur russe itin\u00e9rant pour les crimes du r\u00e9gime Kiev, a d\u00e9clar\u00e9 \u00e0 l\u2019agence TASS que <a target=\"_blank\" href=\"https:\/\/tass.ru\/politika\/26704067\">150 civils<\/a> dont neuf enfants mineurs avaient \u00e9t\u00e9 bless\u00e9s en Russie au cours de la semaine \u00e9coul\u00e9e lors d\u2019attaques ukrainiennes et que 30 personnes, dont un enfant, avaient \u00e9t\u00e9 tu\u00e9es.<\/p>\n<\/div>\n<p><br \/>\n<br \/><a href=\"https:\/\/francais.rt.com\/russie\/131544-attaque-ukrainienne-missiles-briansk-victimes\" target=\"_blank\"\">Source link <\/a><\/p>\n","protected":false},"excerpt":{"rendered":"<p>La ville russe de Briansk a \u00e9t\u00e9 frapp\u00e9e, ce 10 mars, par des missiles tir\u00e9s par les forces ukrainiennes. \u00abSix civils ont \u00e9t\u00e9 tu\u00e9s et 37 bless\u00e9s\u00bb, a annonc\u00e9 le&hellip; <\/p>\n","protected":false},"author":1,"featured_media":25080,"comment_status":"open","ping_status":"open","sticky":false,"template":"","format":"standard","meta":{"footnotes":""},"categories":[1],"tags":[],"class_list":["post-25079","post","type-post","status-publish","format-standard","has-post-thumbnail","hentry","category-non-classe"],"_links":{"self":[{"href":"https:\/\/monde25.info\/index.php\/wp-json\/wp\/v2\/posts\/25079","targetHints":{"allow":["GET"]}}],"collection":[{"href":"https:\/\/monde25.info\/index.php\/wp-json\/wp\/v2\/posts"}],"about":[{"href":"https:\/\/monde25.info\/index.php\/wp-json\/wp\/v2\/types\/post"}],"author":[{"embeddable":true,"href":"https:\/\/monde25.info\/index.php\/wp-json\/wp\/v2\/users\/1"}],"replies":[{"embeddable":true,"href":"https:\/\/monde25.info\/index.php\/wp-json\/wp\/v2\/comments?post=25079"}],"version-history":[{"count":0,"href":"https:\/\/monde25.info\/index.php\/wp-json\/wp\/v2\/posts\/25079\/revisions"}],"wp:featuredmedia":[{"embeddable":true,"href":"https:\/\/monde25.info\/index.php\/wp-json\/wp\/v2\/media\/25080"}],"wp:attachment":[{"href":"https:\/\/monde25.info\/index.php\/wp-json\/wp\/v2\/media?parent=25079"}],"wp:term":[{"taxonomy":"category","embeddable":true,"href":"https:\/\/monde25.info\/index.php\/wp-json\/wp\/v2\/categories?post=25079"},{"taxonomy":"post_tag","embeddable":true,"href":"https:\/\/monde25.info\/index.php\/wp-json\/wp\/v2\/tags?post=25079"}],"curies":[{"name":"wp","href":"https:\/\/api.w.org\/{rel}","templated":true}]}}