{"id":25086,"date":"2026-03-10T23:01:35","date_gmt":"2026-03-10T22:01:35","guid":{"rendered":"https:\/\/monde25.info\/index.php\/2026\/03\/10\/la-russie-place-venus-et-la-lune-au-coeur-de-ses-priorites-rt-en-francais\/"},"modified":"2026-03-10T23:01:35","modified_gmt":"2026-03-10T22:01:35","slug":"la-russie-place-venus-et-la-lune-au-coeur-de-ses-priorites-rt-en-francais","status":"publish","type":"post","link":"https:\/\/monde25.info\/index.php\/2026\/03\/10\/la-russie-place-venus-et-la-lune-au-coeur-de-ses-priorites-rt-en-francais\/","title":{"rendered":"la Russie place V\u00e9nus et la Lune au c\u0153ur de ses priorit\u00e9s \u2014 RT en fran\u00e7ais"},"content":{"rendered":"<p> <br \/>\n<br \/><img decoding=\"async\" src=\"https:\/\/mf.b37mrtl.ru\/french\/images\/2026.03\/thumbnail\/69b079eb87f3ec44186f07b5.jpg\" \/><\/p>\n<div>\n<p class=\"text__summary\">\n                                        Selon le premier vice-Premier ministre russe Denis Mantourov, les programmes spatiaux du pays se concentreront en priorit\u00e9 sur l\u2019\u00e9tude de V\u00e9nus et de la Lune. La mission interplan\u00e9taire Venera-D, actuellement en pr\u00e9paration, pourrait \u00eatre lanc\u00e9e \u00e0 l\u2019horizon 2036. D\u2019ici l\u00e0, un rover devrait \u00eatre envoy\u00e9 sur la Lune.\n                                    <\/p>\n<p>La Russie entend concentrer ses efforts d\u2019exploration spatiale sur V\u00e9nus et la Lune. C\u2019est ce qu\u2019a indiqu\u00e9 le premier vice-Premier ministre Denis Mantourov dans <a target=\"_blank\" href=\"http:\/\/svr.gov.ru\/upload\/iblock\/57c\/10032026g.pdf\">un entretien<\/a> accord\u00e9 au magazine <em>Razvedchik<\/em>, en \u00e9voquant les orientations scientifiques retenues par l\u2019agence spatiale Roscosmos et l\u2019Acad\u00e9mie des sciences de Russie.<\/p>\n<p>\u00ab Les missions d&rsquo;exploration de la Lune et de V\u00e9nus occupent actuellement une place centrale dans les plans de Roscosmos et de l&rsquo;Acad\u00e9mie des sciences de Russie pour l&rsquo;\u00e9tude des autres corps c\u00e9lestes\u00a0\u00bb, a d\u00e9clar\u00e9 Mantourov avant de poursuivre\u00a0: \u00ab\u00a0Je vous rappelle qu&rsquo;en 1970, notre pays a r\u00e9ussi \u00e0 poser un engin spatial sur une autre plan\u00e8te du syst\u00e8me solaire : V\u00e9nus. C&rsquo;est pourquoi nous nous orienterons probablement en premier lieu vers cette destination\u00a0\u00bb.<\/p>\n<p>Dans <a target=\"_blank\" href=\"https:\/\/tass.ru\/nauka\/26595823\">une interview<\/a> accord\u00e9e \u00e0 l\u2019agence TASS, parue au d\u00e9but du mois, l\u2019acad\u00e9micien Lev Z\u00e9liony, directeur scientifique de l\u2019Institut de recherche spatiale (IKI) de l\u2019Acad\u00e9mie des sciences de Russie, a expliqu\u00e9 que les scientifiques comptaient notamment rechercher des traces d\u2019une \u00e9ventuelle vie primitive dans l\u2019atmosph\u00e8re ainsi qu\u2019\u00e0 la surface de la plan\u00e8te.<\/p>\n<p>Ces recherches seraient men\u00e9es dans le cadre de la mission Venera-D, dont le lancement est pr\u00e9vu pour 2036, et qui selon l\u2019IKI ambitionne d\u2019effectuer une <a target=\"_blank\" href=\"https:\/\/iki.cosmos.ru\/research\/missions\/venera-d\">\u00e9tude \u00ab\u00a0compl\u00e8te\u00a0\u00bb<\/a> de V\u00e9nus, des couches nuageuses de son atmosph\u00e8re ainsi que de la structure interne de la plan\u00e8te.<\/p>\n<p>Parall\u00e8lement au projet Venera-D, la Russie pr\u00e9voit \u00e9galement <a target=\"_blank\" href=\"https:\/\/interfax.com\/newsroom\/top-stories\/113389\/?utm_source=chatgpt.com\">plusieurs missions<\/a> vers la Lune entre 2028 et 2036, dont l\u2019orbiteur Luna-26 suivi de missions destin\u00e9es \u00e0 explorer les p\u00f4les lunaires ainsi qu\u2019\u00e0 rapporter des \u00e9chantillons de sol gr\u00e2ce \u00e0 un rover.<\/p>\n<\/div>\n<p><br \/>\n<br \/><a href=\"https:\/\/francais.rt.com\/russie\/131547-exploration-spatiale-russie-place-venus\" target=\"_blank\"\">Source link <\/a><\/p>\n","protected":false},"excerpt":{"rendered":"<p>Selon le premier vice-Premier ministre russe Denis Mantourov, les programmes spatiaux du pays se concentreront en priorit\u00e9 sur l\u2019\u00e9tude de V\u00e9nus et de la Lune. La mission interplan\u00e9taire Venera-D, actuellement&hellip; <\/p>\n","protected":false},"author":1,"featured_media":25087,"comment_status":"open","ping_status":"open","sticky":false,"template":"","format":"standard","meta":{"footnotes":""},"categories":[1],"tags":[],"class_list":["post-25086","post","type-post","status-publish","format-standard","has-post-thumbnail","hentry","category-non-classe"],"_links":{"self":[{"href":"https:\/\/monde25.info\/index.php\/wp-json\/wp\/v2\/posts\/25086","targetHints":{"allow":["GET"]}}],"collection":[{"href":"https:\/\/monde25.info\/index.php\/wp-json\/wp\/v2\/posts"}],"about":[{"href":"https:\/\/monde25.info\/index.php\/wp-json\/wp\/v2\/types\/post"}],"author":[{"embeddable":true,"href":"https:\/\/monde25.info\/index.php\/wp-json\/wp\/v2\/users\/1"}],"replies":[{"embeddable":true,"href":"https:\/\/monde25.info\/index.php\/wp-json\/wp\/v2\/comments?post=25086"}],"version-history":[{"count":0,"href":"https:\/\/monde25.info\/index.php\/wp-json\/wp\/v2\/posts\/25086\/revisions"}],"wp:featuredmedia":[{"embeddable":true,"href":"https:\/\/monde25.info\/index.php\/wp-json\/wp\/v2\/media\/25087"}],"wp:attachment":[{"href":"https:\/\/monde25.info\/index.php\/wp-json\/wp\/v2\/media?parent=25086"}],"wp:term":[{"taxonomy":"category","embeddable":true,"href":"https:\/\/monde25.info\/index.php\/wp-json\/wp\/v2\/categories?post=25086"},{"taxonomy":"post_tag","embeddable":true,"href":"https:\/\/monde25.info\/index.php\/wp-json\/wp\/v2\/tags?post=25086"}],"curies":[{"name":"wp","href":"https:\/\/api.w.org\/{rel}","templated":true}]}}