{"id":25091,"date":"2026-03-11T01:46:34","date_gmt":"2026-03-11T00:46:34","guid":{"rendered":"https:\/\/monde25.info\/index.php\/2026\/03\/11\/leurope-reinvente-le-made-in-europe-pour-securiser-ses-industries\/"},"modified":"2026-03-11T01:46:34","modified_gmt":"2026-03-11T00:46:34","slug":"leurope-reinvente-le-made-in-europe-pour-securiser-ses-industries","status":"publish","type":"post","link":"https:\/\/monde25.info\/index.php\/2026\/03\/11\/leurope-reinvente-le-made-in-europe-pour-securiser-ses-industries\/","title":{"rendered":"L\u2019Europe r\u00e9invente le Made in Europe pour s\u00e9curiser ses industries"},"content":{"rendered":"<p> <br \/>\n<\/p>\n<div>\n<p><strong>L\u2019Union europ\u00e9enne s\u2019appr\u00eate \u00e0 red\u00e9finir ce qui peut \u00eatre consid\u00e9r\u00e9 comme un produit europ\u00e9en. D\u00e9but mars, la Commission a pr\u00e9sent\u00e9 un paquet l\u00e9gislatif destin\u00e9 \u00e0 renforcer la pr\u00e9f\u00e9rence europ\u00e9enne dans les march\u00e9s publics et les aides industrielles. Et pour \u00e7a, certains biens fabriqu\u00e9s dans des pays partenaires comme le Canada, le Japon ou le Maroc pourraient ainsi \u00eatre reconnus comme r\u00e9pondant aux crit\u00e8res du <\/strong><em><strong>Made in Europe<\/strong><\/em><strong> gr\u00e2ce \u00e0 des m\u00e9canismes d\u2019\u00e9quivalence et \u00e0 des r\u00e8gles d\u2019origine adapt\u00e9es.<\/strong><\/p>\n<p>Tout en promettant \u00e0 qui veut le croire qu&rsquo;elle entend d\u00e9fendre sa souverainet\u00e9 industrielle, l&rsquo;Europe red\u00e9finit discr\u00e8tement ses fronti\u00e8res \u00e9conomiques. La nouvelle strat\u00e9gie industrielle pr\u00e9voit que jusqu\u2019\u00e0 70 % du contenu de certains produits subventionn\u00e9s devra provenir d\u2019Europe. Cette exigence concerne notamment les v\u00e9hicules \u00e9lectriques et certaines technologies vertes. Selon des informations rapport\u00e9es par <a target=\"_blank\" href=\"https:\/\/www.francesoir.fr\/societe-economie\/-slams-door-on-china-with-made-in-europe-push\"><em>Euronews<\/em><\/a>, la Commission souhaite toutefois introduire des d\u00e9rogations pour des partenaires consid\u00e9r\u00e9s comme fiables, afin de s\u00e9curiser les cha\u00eenes d\u2019approvisionnement. L\u2019id\u00e9e s\u2019inscrit dans une strat\u00e9gie de rapprochement industriel entre alli\u00e9s face aux tensions commerciales mondiales.<\/p>\n<p>En clair, la Commission envisage d\u2019\u00e9tendre la notion d\u2019origine europ\u00e9enne \u00e0 certains partenaires li\u00e9s \u00e0 l\u2019Union par des accords commerciaux ou des engagements de r\u00e9ciprocit\u00e9. \u00ab Le Royaume-Uni a critiqu\u00e9 cette exclusion \u00bb, \u00e0 propos du fait que Londres et Ankara restent pour l\u2019instant hors du dispositif, malgr\u00e9 la possibilit\u00e9 d\u2019une reconnaissance ult\u00e9rieure par des m\u00e9canismes d\u2019\u00e9quivalence.\u00a0<\/p>\n<p>Du c\u00f4t\u00e9 des consommateurs et des producteurs, des organisations comme Farm Europe estiment que \u00ab des mentions d\u2019origine plus claires et plus compl\u00e8tes renforceraient significativement la confiance \u00bb. Le site de la Commission rappelle d\u2019ailleurs que l\u2019origine doit \u00eatre indiqu\u00e9e lorsque l\u2019absence d\u2019information peut induire en erreur. En ouvrant la porte \u00e0 une pr\u00e9f\u00e9rence europ\u00e9enne \u00e9largie, Bruxelles cherche \u00e0 concilier souverainet\u00e9 industrielle, alliances commerciales et stabilit\u00e9 des cha\u00eenes d\u2019approvisionnement. Un \u00e9quilibre fragile qui promet de galvauder l\u2019\u00e9tiquette europ\u00e9enne, d\u00e9j\u00e0 ab\u00eem\u00e9e.<\/p>\n<\/div>\n<p><script>(function(d, s, id) {  var js, fjs = d.getElementsByTagName(s)[0];  if (d.getElementById(id)) return;  js = d.createElement(s); js.id = id;  js.src = \"\/\/connect.facebook.net\/fr_FR\/sdk.js#xfbml=1&version=v2.3\";  fjs.parentNode.insertBefore(js, fjs);}(document, \"script\", \"facebook-jssdk\"));<\/script><br \/>\n<br \/><br \/>\n<br \/><a href=\"https:\/\/www.francesoir.fr\/societe-economie\/l-europe-reinvente-le-made-europe-pour-securiser-ses-industries\" target=\"_blank\"\">Source link <\/a><\/p>\n","protected":false},"excerpt":{"rendered":"<p>L\u2019Union europ\u00e9enne s\u2019appr\u00eate \u00e0 red\u00e9finir ce qui peut \u00eatre consid\u00e9r\u00e9 comme un produit europ\u00e9en. D\u00e9but mars, la Commission a pr\u00e9sent\u00e9 un paquet l\u00e9gislatif destin\u00e9 \u00e0 renforcer la pr\u00e9f\u00e9rence europ\u00e9enne dans&hellip; <\/p>\n","protected":false},"author":1,"featured_media":0,"comment_status":"open","ping_status":"open","sticky":false,"template":"","format":"standard","meta":{"footnotes":""},"categories":[1],"tags":[],"class_list":["post-25091","post","type-post","status-publish","format-standard","hentry","category-non-classe"],"_links":{"self":[{"href":"https:\/\/monde25.info\/index.php\/wp-json\/wp\/v2\/posts\/25091","targetHints":{"allow":["GET"]}}],"collection":[{"href":"https:\/\/monde25.info\/index.php\/wp-json\/wp\/v2\/posts"}],"about":[{"href":"https:\/\/monde25.info\/index.php\/wp-json\/wp\/v2\/types\/post"}],"author":[{"embeddable":true,"href":"https:\/\/monde25.info\/index.php\/wp-json\/wp\/v2\/users\/1"}],"replies":[{"embeddable":true,"href":"https:\/\/monde25.info\/index.php\/wp-json\/wp\/v2\/comments?post=25091"}],"version-history":[{"count":0,"href":"https:\/\/monde25.info\/index.php\/wp-json\/wp\/v2\/posts\/25091\/revisions"}],"wp:attachment":[{"href":"https:\/\/monde25.info\/index.php\/wp-json\/wp\/v2\/media?parent=25091"}],"wp:term":[{"taxonomy":"category","embeddable":true,"href":"https:\/\/monde25.info\/index.php\/wp-json\/wp\/v2\/categories?post=25091"},{"taxonomy":"post_tag","embeddable":true,"href":"https:\/\/monde25.info\/index.php\/wp-json\/wp\/v2\/tags?post=25091"}],"curies":[{"name":"wp","href":"https:\/\/api.w.org\/{rel}","templated":true}]}}