{"id":25096,"date":"2026-03-11T03:58:35","date_gmt":"2026-03-11T02:58:35","guid":{"rendered":"https:\/\/monde25.info\/index.php\/2026\/03\/11\/contre-la-betonisation-joignons-nous-au-printemps-des-luttes-locales\/"},"modified":"2026-03-11T03:58:35","modified_gmt":"2026-03-11T02:58:35","slug":"contre-la-betonisation-joignons-nous-au-printemps-des-luttes-locales","status":"publish","type":"post","link":"https:\/\/monde25.info\/index.php\/2026\/03\/11\/contre-la-betonisation-joignons-nous-au-printemps-des-luttes-locales\/","title":{"rendered":"\u00ab\u00a0Contre la b\u00e9tonisation, joignons-nous au printemps des luttes locales\u00a0\u00bb"},"content":{"rendered":"<p> <br \/>\n<br \/><img loading=\"lazy\" decoding=\"async\" src=\"https:\/\/reporterre.net\/local\/cache-vignettes\/L700xH467\/dsc04249-ee140.jpg?1773154070\" class=\"spip_logo\" width=\"700\" height=\"467\" alt=\"\" \/><\/p>\n<p>Dans cette tribune, une centaine d&rsquo;associations, de syndicats et de collectifs appelle \u00e0 un printemps des luttes locales pour s&rsquo;opposer \u00e0 l&rsquo;accaparement des territoires par les b\u00e9tonneurs, du 23 au 26\u00a0mai. <br class=\"autobr\" \/> Malgr\u00e9 les grands engagements de z\u00e9ro artificialisation et de pr\u00e9servation du vivant, le constat est accablant\u00a0: la France continue de b\u00e9tonner massivement ses terres agricoles et naturelles. <br class=\"autobr\" \/><br \/>\nChaque ann\u00e9e, plus de 24\u00a0000 hectares sont encore artificialis\u00e9s, soit cinq terrains de\u00a0(\u2026)<\/p>\n<p>                    <a target=\"_blank\" href=\"https:\/\/reporterre.net\/Contre-la-betonisation-joignons-nous-au-printemps-des-luttes-locales?utm_source=RSS&amp;utm_medium=RSS\">Lire la suite<\/a><\/p>\n<p>                    &#8211;<br \/>\n                        <a target=\"_blank\" href=\"https:\/\/reporterre.net\/Tribune-15\" rel=\"directory\">Tribune<\/a><\/p>\n<p>                    \/<br \/>\n                        <a target=\"_blank\" href=\"https:\/\/reporterre.net\/Luttes\" rel=\"tag\">Luttes<\/a><br \/>\n<br \/><br \/>\n<br \/><a href=\"https:\/\/reporterre.net\/Contre-la-betonisation-joignons-nous-au-printemps-des-luttes-locales\" target=\"_blank\"\">Source link <\/a><\/p>\n","protected":false},"excerpt":{"rendered":"<p>Dans cette tribune, une centaine d&rsquo;associations, de syndicats et de collectifs appelle \u00e0 un printemps des luttes locales pour s&rsquo;opposer \u00e0 l&rsquo;accaparement des territoires par les b\u00e9tonneurs, du 23 au&hellip; <\/p>\n","protected":false},"author":1,"featured_media":0,"comment_status":"open","ping_status":"open","sticky":false,"template":"","format":"standard","meta":{"footnotes":""},"categories":[1],"tags":[],"class_list":["post-25096","post","type-post","status-publish","format-standard","hentry","category-non-classe"],"_links":{"self":[{"href":"https:\/\/monde25.info\/index.php\/wp-json\/wp\/v2\/posts\/25096","targetHints":{"allow":["GET"]}}],"collection":[{"href":"https:\/\/monde25.info\/index.php\/wp-json\/wp\/v2\/posts"}],"about":[{"href":"https:\/\/monde25.info\/index.php\/wp-json\/wp\/v2\/types\/post"}],"author":[{"embeddable":true,"href":"https:\/\/monde25.info\/index.php\/wp-json\/wp\/v2\/users\/1"}],"replies":[{"embeddable":true,"href":"https:\/\/monde25.info\/index.php\/wp-json\/wp\/v2\/comments?post=25096"}],"version-history":[{"count":0,"href":"https:\/\/monde25.info\/index.php\/wp-json\/wp\/v2\/posts\/25096\/revisions"}],"wp:attachment":[{"href":"https:\/\/monde25.info\/index.php\/wp-json\/wp\/v2\/media?parent=25096"}],"wp:term":[{"taxonomy":"category","embeddable":true,"href":"https:\/\/monde25.info\/index.php\/wp-json\/wp\/v2\/categories?post=25096"},{"taxonomy":"post_tag","embeddable":true,"href":"https:\/\/monde25.info\/index.php\/wp-json\/wp\/v2\/tags?post=25096"}],"curies":[{"name":"wp","href":"https:\/\/api.w.org\/{rel}","templated":true}]}}