{"id":25097,"date":"2026-03-11T05:04:35","date_gmt":"2026-03-11T04:04:35","guid":{"rendered":"https:\/\/monde25.info\/index.php\/2026\/03\/11\/litalie-veut-mettre-le-marche-carbone-europeen-sur-pause\/"},"modified":"2026-03-11T05:04:35","modified_gmt":"2026-03-11T04:04:35","slug":"litalie-veut-mettre-le-marche-carbone-europeen-sur-pause","status":"publish","type":"post","link":"https:\/\/monde25.info\/index.php\/2026\/03\/11\/litalie-veut-mettre-le-marche-carbone-europeen-sur-pause\/","title":{"rendered":"L\u2019Italie veut mettre le march\u00e9 carbone europ\u00e9en sur pause"},"content":{"rendered":"<p> <br \/>\n<\/p>\n<div>\n<p><strong>\u00c0 deux semaines d\u2019un Conseil europ\u00e9en d\u00e9cisif, l\u2019Italie de Giorgia Meloni demande la suspension temporaire du march\u00e9 des quotas carbone de l\u2019Union europ\u00e9enne. Ce m\u00e9canisme, cens\u00e9 r\u00e9duire les \u00e9missions de CO\u2082 en rench\u00e9rissant le co\u00fbt du carbone, est accus\u00e9 par Rome d\u2019alourdir artificiellement les factures d\u2019\u00e9lectricit\u00e9 et de fragiliser l\u2019industrie europ\u00e9enne face aux \u00c9tats-Unis et \u00e0 la Chine. L\u2019offensive a \u00e9t\u00e9 port\u00e9e \u00e0 Bruxelles par le ministre des Entreprises Adolfo Urso, dans un contexte de tension \u00e9nerg\u00e9tique persistante et de volatilit\u00e9 sur les march\u00e9s du gaz.<\/strong><\/p>\n<p>Rarement un outil central du Pacte vert aura \u00e9t\u00e9 aussi frontalement contest\u00e9. Selon <a target=\"_blank\" href=\"https:\/\/atlantico.fr\/article\/rdv\/litalie-part-assaut-coeur-politique-climatique-europeenne-marche-carbone-co2-ets-taxe-cout-facture-Meloni-industrie-rechauffement-climatique-pollution-objectifs-Samuel-Furfari\"><em>Atlantico<\/em><\/a>, Rome estime que le syst\u00e8me d\u2019\u00e9change de quotas d\u2019\u00e9mission p\u00e9nalise particuli\u00e8rement les \u00e9conomies d\u00e9pendantes du gaz pour produire leur \u00e9lectricit\u00e9. C\u2019est pr\u00e9cis\u00e9ment le cas de l\u2019Italie, o\u00f9 pr\u00e8s de 47 % du mix \u00e9lectrique repose sur cette \u00e9nergie. Adolfo Urso a d\u00e9nonc\u00e9 un ETS qui, \u00ab tel qu\u2019il est con\u00e7u aujourd\u2019hui, repr\u00e9sente une charge fiscale suppl\u00e9mentaire pour les entreprises europ\u00e9ennes, affectant leurs co\u00fbts et limitant leur comp\u00e9titivit\u00e9 \u00bb. Il met en garde contre un possible \u00ab effondrement \u00bb d\u2019une partie du tissu industriel face \u00e0 des concurrents asiatiques ou am\u00e9ricains moins contraints.<\/p>\n<p>Derri\u00e8re la critique technique se joue un affrontement politique plus large autour de l\u2019avenir du Pacte vert. Giorgia Meloni assume une ligne de rupture avec ce qu\u2019elle d\u00e9crit comme les \u00ab exc\u00e8s de radicalit\u00e9 \u00bb de la transition \u00e9cologique europ\u00e9enne. Elle plaide pour une approche fond\u00e9e sur la neutralit\u00e9 technologique et sur des moyens financiers \u00e0 la hauteur des investissements n\u00e9cessaires. Le message r\u00e9p\u00e9t\u00e9 devant le Parlement italien se veut limpide : il ne faut pas \u00ab compromettre l\u2019\u00e9conomie europ\u00e9enne \u00bb au nom du climat.<\/p>\n<p>Face \u00e0 cette offensive, les d\u00e9fenseurs du march\u00e9 carbone rappellent que ce m\u00e9canisme couvre environ 40 % des \u00e9missions europ\u00e9ennes et constitue l\u2019outil le plus efficace pour orienter les investissements vers des technologies propres, selon la Commission europ\u00e9enne. ONG et think tanks redoutent qu\u2019un signal politique trop faible fasse chuter le prix du carbone et retarde les projets d\u2019\u00e9nergies renouvelables ou d\u2019efficacit\u00e9 \u00e9nerg\u00e9tique. Sur les march\u00e9s, la simple perspective d\u2019un assouplissement a d\u00e9j\u00e0 fait reculer le prix de la tonne de CO\u2082.<\/p>\n<\/div>\n<p><script>(function(d, s, id) {  var js, fjs = d.getElementsByTagName(s)[0];  if (d.getElementById(id)) return;  js = d.createElement(s); js.id = id;  js.src = \"\/\/connect.facebook.net\/fr_FR\/sdk.js#xfbml=1&version=v2.3\";  fjs.parentNode.insertBefore(js, fjs);}(document, \"script\", \"facebook-jssdk\"));<\/script><br \/>\n<br \/><br \/>\n<br \/><a href=\"https:\/\/www.francesoir.fr\/politique-monde\/l-italie-veut-mettre-le-marche-carbone-europeen-sur-pause\" target=\"_blank\"\">Source link <\/a><\/p>\n","protected":false},"excerpt":{"rendered":"<p>\u00c0 deux semaines d\u2019un Conseil europ\u00e9en d\u00e9cisif, l\u2019Italie de Giorgia Meloni demande la suspension temporaire du march\u00e9 des quotas carbone de l\u2019Union europ\u00e9enne. Ce m\u00e9canisme, cens\u00e9 r\u00e9duire les \u00e9missions de&hellip; <\/p>\n","protected":false},"author":1,"featured_media":25098,"comment_status":"open","ping_status":"open","sticky":false,"template":"","format":"standard","meta":{"footnotes":""},"categories":[1],"tags":[],"class_list":["post-25097","post","type-post","status-publish","format-standard","has-post-thumbnail","hentry","category-non-classe"],"_links":{"self":[{"href":"https:\/\/monde25.info\/index.php\/wp-json\/wp\/v2\/posts\/25097","targetHints":{"allow":["GET"]}}],"collection":[{"href":"https:\/\/monde25.info\/index.php\/wp-json\/wp\/v2\/posts"}],"about":[{"href":"https:\/\/monde25.info\/index.php\/wp-json\/wp\/v2\/types\/post"}],"author":[{"embeddable":true,"href":"https:\/\/monde25.info\/index.php\/wp-json\/wp\/v2\/users\/1"}],"replies":[{"embeddable":true,"href":"https:\/\/monde25.info\/index.php\/wp-json\/wp\/v2\/comments?post=25097"}],"version-history":[{"count":0,"href":"https:\/\/monde25.info\/index.php\/wp-json\/wp\/v2\/posts\/25097\/revisions"}],"wp:featuredmedia":[{"embeddable":true,"href":"https:\/\/monde25.info\/index.php\/wp-json\/wp\/v2\/media\/25098"}],"wp:attachment":[{"href":"https:\/\/monde25.info\/index.php\/wp-json\/wp\/v2\/media?parent=25097"}],"wp:term":[{"taxonomy":"category","embeddable":true,"href":"https:\/\/monde25.info\/index.php\/wp-json\/wp\/v2\/categories?post=25097"},{"taxonomy":"post_tag","embeddable":true,"href":"https:\/\/monde25.info\/index.php\/wp-json\/wp\/v2\/tags?post=25097"}],"curies":[{"name":"wp","href":"https:\/\/api.w.org\/{rel}","templated":true}]}}