{"id":25099,"date":"2026-03-11T05:37:36","date_gmt":"2026-03-11T04:37:36","guid":{"rendered":"https:\/\/monde25.info\/index.php\/2026\/03\/11\/la-hausse-polemique-de-la-taxe-fonciere-pour-plusieurs-millions-de-foyers-aura-bien-lieu-rt-en-francais\/"},"modified":"2026-03-11T05:37:36","modified_gmt":"2026-03-11T04:37:36","slug":"la-hausse-polemique-de-la-taxe-fonciere-pour-plusieurs-millions-de-foyers-aura-bien-lieu-rt-en-francais","status":"publish","type":"post","link":"https:\/\/monde25.info\/index.php\/2026\/03\/11\/la-hausse-polemique-de-la-taxe-fonciere-pour-plusieurs-millions-de-foyers-aura-bien-lieu-rt-en-francais\/","title":{"rendered":"la hausse pol\u00e9mique de la taxe fonci\u00e8re, pour plusieurs millions de foyers, aura bien lieu \u2014 RT en fran\u00e7ais"},"content":{"rendered":"<p> <br \/>\n<br \/><img decoding=\"async\" src=\"https:\/\/mf.b37mrtl.ru\/french\/images\/2026.03\/thumbnail\/69b067936f7ccc48166a21cf.jpg\" \/><\/p>\n<div>\n<p class=\"text__summary\">\n                                        Quelques jours avant le premier tour des \u00e9lections municipales en France, Le Parisien a r\u00e9v\u00e9l\u00e9 le 9 mars que Bercy avait act\u00e9 la r\u00e9forme de la taxe fonci\u00e8re visant \u00e0 inclure d\u2019office les \u00e9l\u00e9ments de confort dans le calcul de cet imp\u00f4t local. Une mesure qui concerne 7,4 millions de logements et dont l\u2019application sera \u00e0 l\u2019appr\u00e9ciation des maires.\n                                    <\/p>\n<p>Chose promise, chose due\u00a0? Sur la base d\u2019une note confidentielle de la Direction d\u00e9partementale des finances publiques (DDFIP), <em>Le Parisien<\/em>\u00a0<a target=\"_blank\" href=\"https:\/\/www.leparisien.fr\/economie\/impots\/taxe-fonciere-les-communes-pourront-laugmenter-pour-74-millions-de-foyers-09-03-2026-RBZWPWDOWFGN3IEAQNB53MVJRI.php\">a r\u00e9v\u00e9l\u00e9<\/a> le 9 mars que Bercy allait bel et bien inclure d\u2019office les \u00e9l\u00e9ments de confort dans le calcul de la taxe fonci\u00e8re.<\/p>\n<p>Des \u00e9l\u00e9ments tels que le raccordement \u00e0 l\u2019eau courante et \u00e0 l\u2019\u00e9lectricit\u00e9, une baignoire, une douche, un w.c., un lavabo ou encore le chauffage et une climatisation, qui viennent gonfler la base d\u2019imposition, et dont 7,4 millions de logements \u2013 selon la base de donn\u00e9es du Fisc \u2013 en France seraient d\u00e9pourvus. Mais, \u00ab\u00a0au vu des caract\u00e9ristiques actuelles standards\u00a0\u00bb, estime le Fisc, les habitations en sont \u00ab\u00a0tr\u00e8s vraisemblablement dot\u00e9es\u00a0\u00bb. Une \u00ab\u00a0mise \u00e0 jour\u00a0\u00bb qui vise \u00e0 r\u00e9cup\u00e9rer pr\u00e8s de 470 millions d&rsquo;euros pour les caisses de l\u2019\u00c9tat, soit une hausse moyenne de 63 euros par logement concern\u00e9.<\/p>\n<p>L\u2019annonce du projet, fin 2025, en plein lors des d\u00e9bats budg\u00e9taires au Parlement, avait provoqu\u00e9 un toll\u00e9, poussant le Premier ministre\u00a0\u00e0\u00a0<a target=\"_blank\" href=\"https:\/\/francais.rt.com\/france\/127743-pression-fiscale-tolle-lecornu-foncier\">annoncer son report<\/a>. \u00ab\u00a0Jusqu\u2019au printemps prochain\u00a0\u00bb\u00a0:\u00a0telle \u00e9tait alors <a target=\"_blank\" href=\"https:\/\/francais.rt.com\/france\/127743-pression-fiscale-tolle-lecornu-foncier\">l\u2019\u00e9ch\u00e9ance annonc\u00e9e<\/a> par S\u00e9bastien Lecornu.<\/p>\n<p>\u00ab\u00a0Il va falloir revenir \u00e0 une approche d\u00e9partementale, voire m\u00eame \u00e0 une approche infrad\u00e9partementale voire m\u00eame <a target=\"_blank\" href=\"https:\/\/youtu.be\/hz5kyU5Vt7U?si=B_zo-L9VF9u5OSUv&amp;t=135\">commune par commune<\/a>\u00a0\u00bb, avait-t-il d\u00e9clar\u00e9 le 26 novembre devant les s\u00e9nateurs, estimant \u00ab\u00a0qu\u2019on est en train de traiter nationalement un sujet qui parfois n\u2019a strictement rien \u00e0 voir d\u2019un d\u00e9partement \u00e0 l\u2019autre\u00a0\u00bb. Selon <em>Le Parisien<\/em>, l\u2019ex\u00e9cutif laisserait \u00e0 l\u2019appr\u00e9ciation des maires l\u2019application ou non de cette mesure.<\/p>\n<h3>\u00ab\u00a0Tout ce truc est dysfonctionnel\u00a0\u00bb, estime une ex-ministre du Logement<\/h3>\n<p>La parution de cette information dans la presse, \u00e0 moins d\u2019une semaine du premier tour, n\u2019a pas manqu\u00e9 de faire r\u00e9agir sur les r\u00e9seaux sociaux. \u00ab\u00a0Le gouvernement a menti. Alors qu\u2019il s\u2019\u00e9tait engag\u00e9 \u00e0 ne pas augmenter la taxe fonci\u00e8re, il vient de d\u00e9cider, sans l\u2019aval du Parlement, une hausse qui concernera 7,5 millions de foyers\u00a0\u00bb, <a target=\"_blank\" href=\"https:\/\/x.com\/FalconFrederic\/status\/2031126654303580617\">a accus\u00e9<\/a> sur X le d\u00e9put\u00e9 Rassemblement national (RN) de l\u2019Aude, Fr\u00e9d\u00e9ric Falcon.<\/p>\n<p>\u00ab\u00a0Tout ce truc est dysfonctionnel et ce qui est choisi par le gouvernement <a target=\"_blank\" href=\"https:\/\/x.com\/RMCInfo\/status\/2031263501377851580\">c\u2019est n\u2019importe quoi\u00a0<\/a>\u00bb, a fustig\u00e9 sur le plateau de RMC C\u00e9cile Duflot, ex-ministre du Logement (2012 \u2013 2014) sous Fran\u00e7ois Hollande, plaidant en faveur d\u2019une \u00ab\u00a0r\u00e9forme globale\u00a0\u00bb de cet imp\u00f4t au profit d\u2019\u00ab\u00a0un vrai principe de justice\u00a0\u00bb.<\/p>\n<p>\u00ab\u00a0Sur le m\u00eame palier, si vous vous \u00eates endett\u00e9 pendant 25 ans pour acheter votre appartement ou si vous en avez h\u00e9rit\u00e9 avec dix autres logements de votre grand-m\u00e8re, vous payez la m\u00eame taxe fonci\u00e8re\u00a0\u00bb, a-t-elle poursuivi dans une charge contre cette \u00ab\u00a0taxe sur la propri\u00e9t\u00e9\u00a0\u00bb telle qu\u2019elle est aujourd\u2019hui, notamment quant \u00e0 son opacit\u00e9. Il s\u2019agit d\u2019un reproche r\u00e9current \u00e0 l\u2019encontre des diverses composantes du \u00ab\u00a0maquis fiscal\u00a0\u00bb fran\u00e7ais.<\/p>\n<\/div>\n<p><br \/>\n<br \/><a href=\"https:\/\/francais.rt.com\/france\/131540-pression-fiscale-france-hausse-polemique\" target=\"_blank\"\">Source link <\/a><\/p>\n","protected":false},"excerpt":{"rendered":"<p>Quelques jours avant le premier tour des \u00e9lections municipales en France, Le Parisien a r\u00e9v\u00e9l\u00e9 le 9 mars que Bercy avait act\u00e9 la r\u00e9forme de la taxe fonci\u00e8re visant \u00e0&hellip; <\/p>\n","protected":false},"author":1,"featured_media":25100,"comment_status":"open","ping_status":"open","sticky":false,"template":"","format":"standard","meta":{"footnotes":""},"categories":[1],"tags":[],"class_list":["post-25099","post","type-post","status-publish","format-standard","has-post-thumbnail","hentry","category-non-classe"],"_links":{"self":[{"href":"https:\/\/monde25.info\/index.php\/wp-json\/wp\/v2\/posts\/25099","targetHints":{"allow":["GET"]}}],"collection":[{"href":"https:\/\/monde25.info\/index.php\/wp-json\/wp\/v2\/posts"}],"about":[{"href":"https:\/\/monde25.info\/index.php\/wp-json\/wp\/v2\/types\/post"}],"author":[{"embeddable":true,"href":"https:\/\/monde25.info\/index.php\/wp-json\/wp\/v2\/users\/1"}],"replies":[{"embeddable":true,"href":"https:\/\/monde25.info\/index.php\/wp-json\/wp\/v2\/comments?post=25099"}],"version-history":[{"count":0,"href":"https:\/\/monde25.info\/index.php\/wp-json\/wp\/v2\/posts\/25099\/revisions"}],"wp:featuredmedia":[{"embeddable":true,"href":"https:\/\/monde25.info\/index.php\/wp-json\/wp\/v2\/media\/25100"}],"wp:attachment":[{"href":"https:\/\/monde25.info\/index.php\/wp-json\/wp\/v2\/media?parent=25099"}],"wp:term":[{"taxonomy":"category","embeddable":true,"href":"https:\/\/monde25.info\/index.php\/wp-json\/wp\/v2\/categories?post=25099"},{"taxonomy":"post_tag","embeddable":true,"href":"https:\/\/monde25.info\/index.php\/wp-json\/wp\/v2\/tags?post=25099"}],"curies":[{"name":"wp","href":"https:\/\/api.w.org\/{rel}","templated":true}]}}