{"id":25101,"date":"2026-03-11T06:10:40","date_gmt":"2026-03-11T05:10:40","guid":{"rendered":"https:\/\/monde25.info\/index.php\/2026\/03\/11\/cuba-et-le-nazi-facisme\/"},"modified":"2026-03-11T06:10:40","modified_gmt":"2026-03-11T05:10:40","slug":"cuba-et-le-nazi-facisme","status":"publish","type":"post","link":"https:\/\/monde25.info\/index.php\/2026\/03\/11\/cuba-et-le-nazi-facisme\/","title":{"rendered":"Cuba et le nazi-facisme"},"content":{"rendered":"<p> <br \/>\n<\/p>\n<div style=\"word-wrap:break-word;\">\n<p><strong>DE 2003 \u00c0 2026, DE BUSH A TRUMP, QUELLE DIFF\u00c9RENCE POUR CUBA\u00a0?<\/strong><\/p>\n<p>Dans le cadre de l\u2019ann\u00e9e consacr\u00e9e officiellement \u00e0 Fidel \u00e0 l\u2019occasion du centi\u00e8me anniversaire de sa naissance (13 ao\u00fbt 1926), la t\u00e9l\u00e9vision cubaine plonge dans les archives audiovisuelles de la nation (en particulier celles enregistr\u00e9es au Centre Fidel Castro Ruz) et propose de courts fragments tr\u00e8s significatifs de ses interventions \u00e0 la t\u00eate du pays. C\u2019est l\u2019occasion r\u00eav\u00e9e \u2013 pour ceux d\u2019entre nous qui les avons v\u00e9cus, et surtout pour une bonne partie de la population n\u00e9e plus tard, puisque Fidel renonce \u00e0 la vie publique fin juillet 2006 et meurt le 25\u00a0novembre 2016, soit quasiment une g\u00e9n\u00e9ration enti\u00e8re \u2013 de revivre de grands moments (et ils sont nombreux\u00a0!) qui ont marqu\u00e9 l\u2019histoire de la R\u00e9volution, dont il a \u00e9t\u00e9, pour ainsi dire, le\u00a0\u00ab\u00a0grand reporter\u00a0\u00bb par ses analyses et descriptions minutieuses.<\/p>\n<p>Cette ann\u00e9e 2026 a d\u00e9but\u00e9 sous le signe des \u00e9v\u00e9nements du 3 janvier \u00e0 Caracas, de sorte que la tension, qui n\u2019a cess\u00e9 de caract\u00e9riser les rapports entre la R\u00e9volution cubaine et les diff\u00e9rentes administrations \u00e9tasuniennes, a mont\u00e9 d\u2019un cran, voire de plusieurs, d\u2019autant que le m\u00e9prisable et m\u00e9prisant personnage de passage pour encore trois ans \u00e0 la Maison-Blanche n\u2019a pas h\u00e9sit\u00e9 \u00e0 affirmer que, tous les nombreux moyens de pression n\u2019ayant eu aucun effet sur la R\u00e9volution cubaine, la seule fa\u00e7on de s\u2019en d\u00e9barrasser \u00e9tait \u00ab\u00a0d\u2019entrer et de tout bazarder\u00a0\u00bb\u00a0!<\/p>\n<p>Ces jours-ci, la t\u00e9l\u00e9vision nous a remis en m\u00e9moire et sous les yeux la fin du discours que Fidel a prononc\u00e9 le 1er mai 2003 sur la place de la R\u00e9volution. On croit r\u00eaver\u00a0! Vingt-trois ans plus t\u00f4t, on retrouve exactement le m\u00eame sc\u00e9nario qu\u2019en janvier-f\u00e9vrier 2026\u00a0! Ce n\u2019est pas Trump, c\u2019est Bush, mais c\u2019est du pareil au m\u00eame\u00a0: celui-ci, apr\u00e8s le 11 septembre 2001, \u00e9tait parti alors en guerre dans \u00ab\u00a0tous les coins perdus du monde\u00a0\u00bb pour cens\u00e9ment prot\u00e9ger son pays du terrorisme mondial\u00a0; celui-l\u00e0 est maintenant en guerre contre le monde entier pour sauver l\u2019Empire. A la Maison-Blanche, en 2003 et en 2026, on se demande comment liquider par la force la R\u00e9volution cubaine. Les deux pr\u00e9sidents se consid\u00e8rent des vainqueurs\u00a0: Bush, \u00e0 peine deux mois plus t\u00f4t, le 20 mars, avait envahi l\u2019Irak et renvers\u00e9 Saddam Hussein quasiment sans coup f\u00e9rir\u00a0; Trump, lui, voil\u00e0 un peu plus d\u2019un mois, a pens\u00e9 liquider la R\u00e9volution bolivarienne en s\u00e9questrant tel un bandit de grands chemins Nicol\u00e1s Maduro et sa femme, et porter un coup mortel \u00e0 la R\u00e9volution cubaine. Tous deux se sentent en position de force. Rien ne peut les arr\u00eater.<\/p>\n<p>En mai 2003, la R\u00e9volution cubaine, elle, \u00e9tait depuis plusieurs mois en butte \u00e0 une campagne de d\u00e9stabilisation orchestr\u00e9e, pour ne pas changer, depuis l\u2019ext\u00e9rieur, autrement dit les \u00c9tats-Unis, et, de l\u2019int\u00e9rieur, par le chef de la Section des int\u00e9r\u00eats, un certain Cason, dont les instructions \u00e9taient, de toute \u00e9vidence, de faire l\u2019impossible pour empoisonner les relations entre les deux pays. (C\u2019est aussi \u2013 nouvelle co\u00efncidence \u2013 celles qu\u2019a re\u00e7ues le charg\u00e9 d\u2019affaires qui fait aujourd\u2019hui fonction d\u2019ambassadeur, un certain Hammer, un personnage m\u00e9diocre, mais tr\u00e8s actif aupr\u00e8s de tout ce qu\u2019il peut y avoir de dissidence \u00e0 Cuba, et qui peut aussi jouer maintenant \u00e0 sa guise sur les r\u00e9seaux sociaux, inexistants \u00e0 Cuba en 2003.)<\/p>\n<p>Les terroristes du dehors et les dissidents du dedans \u00e9taient excit\u00e9s par la perspective que, dans la foul\u00e9e de ses menaces et de ses actions contre l\u2019Irak, Bush allait enfin prendre la d\u00e9cision qu\u2019ils attendent depuis toujours\u00a0: une attaque directe des \u00c9tats-Unis. Les actions, depuis des mois, s\u2019\u00e9taient traduites par des sabotages, des d\u00e9tournements d\u2019avions et de bateaux, des assassinats, meurtriers et pirates de la mer ou de l\u2019air trouvant bien entendu refuge de l\u2019autre c\u00f4t\u00e9 du d\u00e9troit de la Floride. Jusqu\u2019au jour o\u00f9 les autorit\u00e9s cubaines ont dit\u00a0: \u00c7a suffit\u00a0! et ont condamn\u00e9 \u00e0 la peine capitale les auteurs du d\u00e9tournement d\u2019un bateau (mars 2003). Bien entendu, tout ce que le monde occidental compte de bien-pensants s\u2019est r\u00e9cri\u00e9 devant cette abomination, la France et l\u2019Union europ\u00e9enne ont pris des mesures de r\u00e9torsion, etc., etc. Je ne vais pas faire l\u2019historique de ces moments-l\u00e0, Internet est l\u00e0 pour \u00e7a pour ceux qui souhaitent en savoir plus<span class=\"spip_note_ref\">\u00a0[<a target=\"_blank\" href=\"#nb1\" class=\"spip_note\" rel=\"appendix\" title=\"Vu la r\u00e9action fran\u00e7aise, j\u2019avais m\u00eame adress\u00e9, le 24 juillet 2003, une \u00ab\u00a0(\u2026)\" id=\"nh1\">1<\/a>]<\/span>.<\/p>\n<p>Je tiens seulement \u00e0 souligner \u00e0 quel point, curieusement, les situations de l\u2019une et l\u2019autre \u00e9poque se ressemblent\u00a0: la lourde aggravation des tensions entre Cuba et les \u00c9tats-Unis avec risque de conflit \u00e0 la clef. L\u2019arracheur de dents de la Maison-Blanche, qui s\u2019ent\u00eate \u00e0 prendre ses mots pour des r\u00e9alit\u00e9s, vient de dire, le vendredi 27 f\u00e9vrier, qu\u2019il pr\u00e9pare \u00ab\u00a0une prise de contr\u00f4le pacifique\u00a0\u00bb de Cuba\u00a0! Et il continue d\u2019affirmer, malgr\u00e9 les d\u00e9n\u00e9gations r\u00e9it\u00e9r\u00e9es de la partie cubaine, que des n\u00e9gociations sont en cours\u2026<\/p>\n<p>Fidel, donc, prend la parole le 1er mai 2003 devant des centaines de milliers de Cubains. Et c\u2019est de tout cela dont il parle. La R\u00e9volution cubaine \u00e9tant menac\u00e9e, il commence par en faire le bilan, puis il en tire les cons\u00e9quences logiques\u00a0: ces \u00e9normes acquis et conqu\u00eates, nous devons les d\u00e9fendre jusqu\u2019au bout et nous les d\u00e9fendrons co\u00fbte que co\u00fbte. Je vous laisse lire sa plaidoirie. Elle parle d\u2019elle-m\u00eame\u00a0! Pas question de reddition\u00a0! La le\u00e7on que la R\u00e9volution cubaine n\u2019a cess\u00e9 de donner et qu\u2019elle continue de donner est claire\u00a0: On ne c\u00e8de pas sur les principes qui la sous-tendent. Ce qui rejoint le \u00ab\u00a0Nous n\u2019avons rien \u00e0 n\u00e9gocier\u00a0\u00bb de Diaz-Canel en janvier dernier\u2026<\/p>\n<p><strong>Jacques-Fran\u00e7ois Bonaldi <\/strong> (La Havane), 7 mars 2026<\/p>\n<hr\/>\n<p><strong>FIDEL CASTRO\u00a0: CUBA ET LE NAZI-FASCISME<\/strong><\/p>\n<p>Illustres invit\u00e9s\u00a0;<\/p>\n<p>Chers compatriotes,<\/p>\n<p>Voil\u00e0 maintenant quarante-quatre ans que notre peuple h\u00e9ro\u00efque lutte depuis une petite \u00eele des Antilles \u00e0 quelques kilom\u00e8tres de la puissance imp\u00e9riale la plus colossale que le monde ait connue. \u00c9crivant par l\u00e0 une page sans pr\u00e9c\u00e9dent dans l\u2019Histoire. Parce que la lutte n\u2019a jamais \u00e9t\u00e9 aussi in\u00e9gale.<\/p>\n<p>Ceux qui croyaient que l\u2019ascension de l\u2019Empire au statut d\u2019unique superpuissance, dot\u00e9e d\u2019un pouvoir militaire et technique sans contrepoids sur la plan\u00e8te, apeurerait ou d\u00e9couragerait le peuple cubain, sont bien forc\u00e9s de s\u2019\u00e9tonner devant le courage multipli\u00e9 de ce peuple valeureux. Un jour pareil, date glorieuse pour les travailleurs qui \u00e9voque la mort des cinq martyrs de Chicago, je d\u00e9clare au nom du million de Cubains r\u00e9unis ici que nous ferons face \u00e0 toutes les menaces, que nous ne c\u00e9derons devant aucune pression et que nous sommes pr\u00eats \u00e0 d\u00e9fendre la patrie et la R\u00e9volution par les id\u00e9es et par les armes jusqu\u2019\u00e0 la derni\u00e8re goutte de notre sang. <i>(Applaudissements.)<\/i><\/p>\n<p>En quoi Cuba est-elle fautive\u00a0? Quel homme honn\u00eate aurait des raisons de l\u2019attaquer\u00a0?<\/p>\n<p>C\u2019est en versant son propre sang et en arrachant les armes \u00e0 l\u2019ennemi que son peuple a renvers\u00e9 une tyrannie cruelle impos\u00e9e par le gouvernement \u00e9tasunien et dot\u00e9e d\u2019une arm\u00e9e de quatre-vingt mille hommes.<\/p>\n<p>Elle a \u00e9t\u00e9 le premier territoire \u00e0 se lib\u00e9rer de la domination imp\u00e9rialiste en Am\u00e9rique latine et dans les Cara\u00efbes, et elle reste le seul pays du continent o\u00f9, dans l\u2019histoire post-coloniale, les tortionnaires, les assassins et les criminels de guerre qui \u00f4t\u00e8rent la vie de dizaines de milliers de personnes furent punis de mani\u00e8re exemplaire.<\/p>\n<p>Sa R\u00e9volution a r\u00e9cup\u00e9r\u00e9 et remis toutes les terres aux paysans et aux travailleurs agricoles. Elle a mis les ressources naturelles et les industries et les services essentiels aux mains de leur vrai propri\u00e9taire\u00a0: la nation cubaine.<\/p>\n<p>Son peuple, luttant sans tr\u00eave jour et nuit, a liquid\u00e9 en moins de soixante-douze heures l\u2019invasion mercenaire de Playa Gir\u00f3n organis\u00e9e par le gouvernement des \u00c9tats-Unis, ce qui \u00e9vita une intervention militaire directe de celui-ci et une guerre aux cons\u00e9quences incalculables. La R\u00e9volution comptait d\u2019ores et d\u00e9j\u00e0 sur l\u2019Arm\u00e9e rebelle, plus de quatre cent mille armes et des centaines de milliers de miliciens.<\/p>\n<p>Cuba a fait face dans l\u2019honneur et sans la moindre concession au p\u00e9ril de se voir attaqu\u00e9e par des dizaines de missiles nucl\u00e9aires en 1962.<\/p>\n<p>Elle a fait pi\u00e8ce \u00e0 la sale guerre \u00e9tendue \u00e0 tout le pays et qui a co\u00fbt\u00e9 plus de vies que n\u2019en avait co\u00fbt\u00e9 la guerre de lib\u00e9ration elle-m\u00eame.<\/p>\n<p>Elle a support\u00e9 sans broncher des milliers de sabotages et d\u2019actes terroristes organis\u00e9s par le gouvernement des \u00c9tats-Unis.<\/p>\n<p>Elle a fait \u00e9chouer des centaines de plans d\u2019assassinat visant des dirigeants de la R\u00e9volution.<\/p>\n<p>En butte \u00e0 un blocus rigoureux et \u00e0 une guerre \u00e9conomique qui ne l\u2019est pas moins et qui durent depuis quasiment un demi-si\u00e8cle, elle a \u00e9t\u00e9 capable d\u2019\u00e9liminer en un an l\u2019analphab\u00e9tisme que les autres pays latino-am\u00e9ricains et les \u00c9tats-Unis eux-m\u00eames ne sont pas parvenus \u00e0 supprimer en plus de quarante.<\/p>\n<p>Elle accorde une \u00e9ducation gratuite \u00e0 la totalit\u00e9 des petits Cubains.<\/p>\n<p>Elle poss\u00e8de le taux de r\u00e9tention scolaire \u2013 plus de 99 p. 100 pour les neuf premi\u00e8res ann\u00e9es \u2013 le plus \u00e9lev\u00e9 de toutes les nations du continent.<\/p>\n<p>Ses \u00e9coliers du primaire occupent la premi\u00e8re place au monde en langage et en math\u00e9matiques.<\/p>\n<p>Cuba occupe aussi le premier rang au monde d\u2019instituteurs par habitant et d\u2019\u00e9l\u00e8ves par salle de classe.<\/p>\n<p>La totalit\u00e9 des petits Cubains atteints de difficult\u00e9s physiques ou mentales \u00e9tudient dans des \u00e9coles sp\u00e9ciales.<\/p>\n<p>L\u2019informatique est enseign\u00e9e et les moyens audiovisuels sont utilis\u00e9s intensivement dans toutes les \u00e9coles du pays, urbaines et rurales.<\/p>\n<p>Pour la premi\u00e8re fois au monde, tous les jeunes de dix-sept \u00e0 trente ans qui n\u2019\u00e9tudiaient ni ne travaillaient peuvent maintenant faire des \u00e9tudes et toucher une r\u00e9mun\u00e9ration de l\u2019\u00c9tat \u00e0 ce titre.<\/p>\n<p>N\u2019importe quel Cubain peut faire des \u00e9tudes, de la maternelle au doctorat, sans avoir \u00e0 d\u00e9bourser un centime.<\/p>\n<p>La nation compte aujourd\u2019hui trente fois plus de dipl\u00f4m\u00e9s universitaires, d\u2019intellectuels et d\u2019artistes professionnels qu\u2019au d\u00e9but de la R\u00e9volution.<\/p>\n<p>La scolarit\u00e9 moyenne d\u2019un Cubain est au moins de neuf ann\u00e9es d\u2019\u00e9tudes.<\/p>\n<p>Cuba ne sait m\u00eame pas ce qu\u2019est l\u2019analphab\u00e9tisme fonctionnel.<\/p>\n<p>Des \u00e9coles de formation d\u2019artistes et d\u2019animateurs culturels existent maintenant dans toutes les provinces du pays, accueillant plus de vingt mille jeunes qui y font des \u00e9tudes et \u00e9panouissent leurs talents et leur vocation. Des dizaines de milliers d\u2019autres le font dans des \u00e9coles d\u2019orientation professionnelle, p\u00e9pini\u00e8res des \u00e9coles professionnelles.<\/p>\n<p>Les coll\u00e8ges universitaires sont en train de s\u2019\u00e9tendre \u00e0 toutes les communes du pays.<\/p>\n<p>Nulle part ailleurs on n\u2019a vu une r\u00e9volution \u00e9ducative et culturelle aussi colossale qui fera de Cuba, et de loin, le pays dont le peuple sera le plus instruit et le plus cultiv\u00e9 au monde, car elle croit fermement \u00e0 l\u2019apophtegme de Mart\u00ed\u00a0: \u00ab\u00a0Sans culture, pas de libert\u00e9 possible.\u00a0\u00bb<\/p>\n<p>Cuba a r\u00e9duit la mortalit\u00e9 infantile de 60 d\u00e9c\u00e8s pour 1\u00a0000 naissances vivantes \u00e0 entre 6 et 6,5, la plus faible du continent, des \u00c9tats-Unis \u00e0 la Patagonie.<\/p>\n<p>Elle a \u00e9lev\u00e9 l\u2019esp\u00e9rance de vie de quinze ans.<\/p>\n<p>Elle a \u00e9radiqu\u00e9 des maladies infectieuses et transmissibles comme la poliomy\u00e9lite, le paludisme, le t\u00e9tanos n\u00e9onatal, la dipht\u00e9rie, la rougeole, la rub\u00e9ole, les oreillons, la coqueluche et la dengue\u00a0; elle contr\u00f4le totalement d\u2019autres maladies comme le t\u00e9tanos, la m\u00e9ningite c\u00e9r\u00e9bro-spinale, l\u2019h\u00e9patite B, la l\u00e8pre, la m\u00e9ningite h\u00e9mophile et la tuberculose.<\/p>\n<p>Les causes de d\u00e9c\u00e8s dans notre pays sont les m\u00eames que celles des pays les plus d\u00e9velopp\u00e9s\u00a0: maladies cardiovasculaires, tumeurs, accidents, et d\u2019autres de moindre poids.<\/p>\n<p>Une profonde r\u00e9volution est en cours dans les services m\u00e9dicaux afin de faciliter l\u2019acc\u00e8s de la population aux \u00e9tablissements de soins, de pr\u00e9server la vie et de soulager les douleurs.<\/p>\n<p>De profondes \u00e9tudes sont men\u00e9es actuellement pour briser la cha\u00eene des probl\u00e8mes d\u2019origine g\u00e9n\u00e9tique, pr\u00e9nataux ou puerp\u00e9raux, les all\u00e9ger ou les r\u00e9duire au minimum.<\/p>\n<p>Cuba est aujourd\u2019hui le pays qui compte le plus de m\u00e9decins par habitant au monde, presque le double de celui qui vient apr\u00e8s.<\/p>\n<p>Ses centres scientifiques travaillent sans rel\u00e2che pour chercher des solutions pr\u00e9ventive ou th\u00e9rapeutiques aux maladies les plus graves.<\/p>\n<p>Les Cubains disposeront du meilleur syst\u00e8me m\u00e9dical au monde, absolument gratuite, maintenant comme avant.<\/p>\n<p>La s\u00e9curit\u00e9 sociale concerne la totalit\u00e9 des habitants de notre pays.<\/p>\n<p>85 p. 100 de la population est propri\u00e9taire de son logement, sans avoir \u00e0 verser le moindre imp\u00f4t. Les 15 p. 100 restants paient un loyer absolument symbolique, \u00e0 peine 10 p. 100 du salaire.<\/p>\n<p>La toxicomanie ne touche qu\u2019un nombre infime de personnes, et on lutte r\u00e9solument contre elle.<\/p>\n<p>La loterie et tous les jeux similaires ont \u00e9t\u00e9 prohib\u00e9s d\u00e8s les premi\u00e8res ann\u00e9es de la R\u00e9volution afin que nul ne laisse au hasard ses espoirs de progr\u00e8s.<\/p>\n<p>Notre t\u00e9l\u00e9vision, notre radio et notre presse ne pratiquent pas la publicit\u00e9 commerciale. Toute promotion concerne des questions de sant\u00e9, d\u2019\u00e9ducation, de culture, d\u2019\u00e9ducation physique, de sport, de loisirs sains, de d\u00e9fense de l\u2019environnement, de lutte contre les drogues, contre les accidents et d\u2019autres probl\u00e8mes de nature sociale. Nos m\u00e9dias \u00e9duquent\u00a0: ils n\u2019empoisonnent ni n\u2019ali\u00e8nent. Nul ne rend hommage aux valeurs des soci\u00e9t\u00e9s de consommation putrides, ni ne les porte au pinacle.<\/p>\n<p>On ne conna\u00eet pas le culte \u00e0 la personnalit\u00e9, au point qu\u2019aucune statue, aucune photo officielle, aucune rue et aucune institution n\u2019est consacr\u00e9e \u00e0 un r\u00e9volutionnaire vivant. Les dirigeants sont des hommes, non des dieux.<\/p>\n<p>Notre pays ignore ce que sont les forces paramilitaires ou les escadrons de la mort. On n\u2019a jamais utilis\u00e9 la violence contre la population, ni recouru \u00e0 des ex\u00e9cutions extrajudiciaires ni appliqu\u00e9 la torture. Le peuple a toujours soutenu massivement les activit\u00e9s de la R\u00e9volution. Ce meeting-ci en est la preuve. <i>(Applaudissements.)<\/i><\/p>\n<p>Des ann\u00e9es-lumi\u00e8re s\u00e9parent notre soci\u00e9t\u00e9 de celles qui ont pr\u00e9valu \u00e0 ce jour dans le monde. La n\u00f4tre cultive la fraternit\u00e9 et la solidarit\u00e9 entre les hommes et entre les peuples, dans le pays et \u00e0 l\u2019\u00e9tranger.<\/p>\n<p>Elle \u00e9duque les nouvelles g\u00e9n\u00e9rations et la population toute enti\u00e8re dans la protection de l\u2019environnement. Les m\u00e9dias servent \u00e0 la formation d\u2019une conscience \u00e9cologique.<\/p>\n<p>Notre pays d\u00e9fend fermement son identit\u00e9 culturelle, assimile le meilleur des autres cultures et combat r\u00e9solument tout ce qui d\u00e9forme, ali\u00e8ne et avilit.<\/p>\n<p>L\u2019essor d\u2019un sport sain et non professionnel a permis \u00e0 nos athl\u00e8tes de d\u00e9crocher les m\u00e9dailles et les honneurs les plus cot\u00e9s au monde.<\/p>\n<p>Les recherches scientifiques, mises au service de notre peuple et de l\u2019humanit\u00e9 enti\u00e8re, se sont multipli\u00e9 des centaines de fois, si bien que d\u2019importants m\u00e9dicaments sauvent aujourd\u2019hui des vies \u00e0 Cuba et dans d\u2019autres pays.<\/p>\n<p>Nos laboratoires n\u2019ont jamais fait la moindre recherche sur une arme bact\u00e9riologique ni n\u2019en ont mis au point, ce qui serait en contradiction totale avec la formation que re\u00e7oit notre personnel scientifique et avec la conscience qui leur est inculqu\u00e9e.<\/p>\n<p>L\u2019esprit de solidarit\u00e9 internationale ne s\u2019est jamais plus enracin\u00e9 chez aucun autre peuple.<\/p>\n<p>Notre pays a soutenu les patriotes alg\u00e9riens dans leur lutte contre le colonialisme, bien que cela ait aigri ses relations politiques et \u00e9conomiques avec un pays europ\u00e9en aussi important que la France. Nous avons exp\u00e9di\u00e9 des armes et des combattants pour d\u00e9fendre l\u2019Alg\u00e9rie contre l\u2019expansionnisme marocain quand le roi de ce pays a voulu s\u2019emparer des mines de fer de Gara-Djebilet, \u00e0 proximit\u00e9 de Tindouf, dans le sud-ouest alg\u00e9rien.<\/p>\n<p>Une brigade compl\u00e8te de chars a mont\u00e9 la garde, \u00e0 la demande de la Syrie, de 1973 \u00e0 1975, face aux hauteurs du Golan, quand ce territoire lui a \u00e9t\u00e9 injustement enlev\u00e9.<\/p>\n<p>Le dirigeant de la R\u00e9publique d\u00e9mocratique du Congo, r\u00e9cemment ind\u00e9pendante, Patrice Lumumba, harcel\u00e9 de l\u2019\u00e9tranger, a re\u00e7u notre soutien politique. Et nous avons pr\u00eat\u00e9 de l\u2019aide \u00e0 ses successeurs apr\u00e8s son assassinat par les puissances coloniales en janvier 1961.<\/p>\n<p>Quatre ans apr\u00e8s, en 1965, du sang cubain a coul\u00e9 \u00e0 l\u2019ouest du lac Tanganyika o\u00f9 le Che, accompagn\u00e9 de plus de cent instructeurs cubains, a soutenu les rebelles congolais qui se battaient contre des mercenaires blancs au service de Mobutu, l\u2019homme fort de l\u2019Occident, dont on ne sait toujours pas quelles banques europ\u00e9ennes conservent les quarante milliards de dollars qu\u2019il a vol\u00e9s.<\/p>\n<p>Du sang d\u2019instructeurs cubains a coul\u00e9 en Guin\u00e9e-Bissau et au Cap-Vert quand ils entra\u00eenaient et soutenaient les combattants du Parti africain pour l\u2019ind\u00e9pendance de la Guin\u00e9e et du Cap-Vert (PAIGC) qui luttaient pour l\u2019ind\u00e9pendance de ces colonies portugaises sous la conduite d\u2019Amilcar Cabral.<\/p>\n<p>Tout comme il a coul\u00e9 quand nous avons soutenu pendant plus de dix ans le MPLA d\u2019Agostinho Neto dans sa lutte pour l\u2019ind\u00e9pendance de l\u2019Angola. Et pendant quinze ans encore, une fois l\u2019ind\u00e9pendance acquise, quand des centaines de milliers de volontaires cubains ont particip\u00e9 \u00e0 la d\u00e9fense de ce pays face aux troupes des racistes sud-africains qui, de connivence avec les \u00c9tats-Unis et recourant \u00e0 une sale guerre, ont sem\u00e9 des millions de mines, ras\u00e9 des villages entiers et assassin\u00e9 plus d\u2019un demi-million d\u2019Angolais, hommes, femmes et enfants confondus.<\/p>\n<p>Des forces angolaises et namibiennes et quarante mille soldats cubains ont port\u00e9 le coup de gr\u00e2ce, \u00e0 Cuito Cuanavale et \u00e0 la fronti\u00e8re namibienne, au sud-ouest de l\u2019Angola, aux troupes sud-africaines &#8211; qui poss\u00e9daient alors sept bombes nucl\u00e9aires que leur avait fournies Isra\u00ebl ou que celui-ci les avait aid\u00e9es \u00e0 produire en complicit\u00e9 avec le gouvernement \u00e9tasunien \u2013 ce qui a entra\u00een\u00e9 la lib\u00e9ration imm\u00e9diate de la Namibie et peut-\u00eatre h\u00e2t\u00e9 la fin de l\u2019apartheid de vingt ou vingt-cinq ans.<\/p>\n<p>Pendant quinze ans, Cuba a occup\u00e9 une place d\u2019honneur dans la solidarit\u00e9 avec le peuple vietnamien h\u00e9ro\u00efque, victime d\u2019une guerre barbare et brutale des \u00c9tats-Unis qui ont tu\u00e9 plus de quatre millions de personnes, sans parler des bless\u00e9s et des mutil\u00e9s, qui ont inond\u00e9 le sol de ce pays de produits chimiques dont les cons\u00e9quences incalculables se font toujours sentir, sous pr\u00e9texte que le Viet Nam, un pays pauvre et sous-d\u00e9velopp\u00e9, situ\u00e9 \u00e0 vingt mille kilom\u00e8tres de chez eux, constituait un danger pour leur s\u00e9curit\u00e9 nationale\u00a0!<\/p>\n<p>Du sang cubain a aussi coul\u00e9 au c\u00f4t\u00e9 du sang de citoyens de plusieurs pays latino-am\u00e9ricains, au c\u00f4t\u00e9 du sang cubain et latino-am\u00e9ricain du Che, assassin\u00e9 sur ordre des agents des \u00c9tats-Unis en Bolivie, apr\u00e8s que, bless\u00e9 au combat et son arme devenue inutilisable par l\u2019impact d\u2019une balle, il a \u00e9t\u00e9 fait prisonnier.<\/p>\n<p>Du sang d\u2019ouvriers du b\u00e2timent cubains sur le point de conclure un a\u00e9roport international vital pour l\u2019\u00e9conomie d\u2019une \u00eele aussi minuscule que la Grenade dont l\u2019existence d\u00e9pendait du tourisme a coul\u00e9 pour la d\u00e9fendre quand les \u00c9tats-Unis l\u2019ont envahie sous de cyniques pr\u00e9textes.<\/p>\n<p>Du sang cubain a coul\u00e9 au Nicaragua quand des instructeurs de nos forces arm\u00e9es r\u00e9volutionnaires entra\u00eenaient les braves soldats de la R\u00e9volution sandiniste en lutte contre la sale guerre organis\u00e9e et arm\u00e9e par les \u00c9tats-Unis.<\/p>\n<p>Et je n\u2019ai pas cit\u00e9 tous les exemples.<\/p>\n<p>Plus de deux mille h\u00e9ro\u00efques combattants internationalistes cubains ont donn\u00e9 leur vie en faisant leur devoir sacr\u00e9 de soutenir la lutte de lib\u00e9ration et d\u2019ind\u00e9pendance de peuples fr\u00e8res. <i>(Applaudissements.) <\/i>Et dans aucun de ces pays-l\u00e0, Cuba ne poss\u00e8de le moindre bien.<\/p>\n<p>Aucun autre pays \u00e0 notre \u00e9poque n\u2019a \u00e9crit une page de solidarit\u00e9 sinc\u00e8re et d\u00e9sint\u00e9ress\u00e9 aussi brillante\u00a0!<\/p>\n<p>Cuba a toujours pr\u00each\u00e9 d\u2019exemple. Sans jamais vaciller. Sans jamais vendre la cause d\u2019un autre peuple. Sans jamais faire de concessions. Sans jamais trahir ses principes. Voil\u00e0 pourquoi, voil\u00e0 \u00e0 peine quarante-huit heures, au Conseil \u00e9conomique et social des Nations Unies, elle a \u00e9t\u00e9 r\u00e9\u00e9lue par acclamation <i>(applaudissements) <\/i>pour trois ans de plus \u00e0 la Commission des droits de l\u2019homme, dont elle fait partie depuis quinze ans d\u2019affil\u00e9e\u00a0! <i>(Applaudissements.)<\/i><\/p>\n<p>Plus d\u2019un demi-million de Cubains ont rempli des missions internationalistes en tant que soldats, enseignants, techniciens, ou m\u00e9decins et travailleurs de la sant\u00e9. Des dizaines de milliers de ces derniers ont sauv\u00e9 des millions de vies tout au long de ces quarante derni\u00e8res ann\u00e9es. De nos jours, trois milles sp\u00e9cialistes de M\u00e9decine g\u00e9n\u00e9rale int\u00e9grale et d\u2019autres travailleurs param\u00e9dicaux exercent dans les endroits les plus recul\u00e9s de dix-huit pays du Tiers-monde, sauvant chaque ann\u00e9e des centaines de milliers de vies, pr\u00e9servant la sant\u00e9 de millions de personnes ou la leur rendant, par des m\u00e9thodes pr\u00e9ventives et th\u00e9rapeutiques, sans toucher le moindre centime\u00a0! <i>(Applaudissements.)<\/i><\/p>\n<p>Sans les m\u00e9decins que Cuba a offerts \u00e0 l\u2019Organisation mondiale de la sant\u00e9 des Nations Unies au cas o\u00f9 seraient d\u00e9gag\u00e9s les fonds n\u00e9cessaires \u2013 sans lesquels la population de nations enti\u00e8res, voire de r\u00e9gions compl\u00e8tes, risque de dispara\u00eetre en Afrique sub-saharienne \u2013 il serait impossible de mettre en \u0153uvre les programmes de lutte indispensables et urgents contre le sida.<\/p>\n<p>Le monde capitaliste d\u00e9velopp\u00e9 a cr\u00e9\u00e9 du capital financier en abondance, mais absolument rien du capital humain dont le Tiers-monde a d\u00e9sesp\u00e9r\u00e9ment besoin.<\/p>\n<p>Cuba a mis au point des techniques d\u2019alphab\u00e9tisation par radio en cinq langues\u00a0: cr\u00e9ole, portugais, fran\u00e7ais, anglais et espagnol, d\u2019ores et d\u00e9j\u00e0 appliqu\u00e9es dans un certain nombre de pays. Elle est en train de conclure un programme similaire en espagnol, d\u2019une qualit\u00e9 exceptionnelle, par t\u00e9l\u00e9vision. Ce sont des programmes con\u00e7us par Cuba et authentiquement cubains. L\u2019exclusivit\u00e9 du brevet ne nous int\u00e9resse pas. Nous sommes pr\u00eats \u00e0 le c\u00e9der \u00e0 tous les pays du tiers monde o\u00f9 se concentrent le plus grand nombre d\u2019analphab\u00e8tes, sans r\u00e9clamer un centime. Il serait possible, en cinq ans, de r\u00e9duire de 80 p. 100, \u00e0 des co\u00fbts minimes, la quantit\u00e9 d\u2019analphab\u00e8tes dans le monde, qui sont huit cent millions.<\/p>\n<p>Quand l\u2019URSS et le camp socialiste ont disparu, nul ne misait un centime sur la survie de la R\u00e9volution cubaine. Les \u00c9tats-Unis ont durci leur blocus. Ils ont adopt\u00e9 les lois Torricelli<span class=\"spip_note_ref\">\u00a0[<a target=\"_blank\" href=\"#nb2\" class=\"spip_note\" rel=\"appendix\" title=\"La Ley Torricelli, pr\u00e9sent\u00e9e par des s\u00e9nateurs d\u00e9mocrates Robert Torricelli\u00a0(\u2026)\" id=\"nh2\">2<\/a>]<\/span> et Helms-Burton<span class=\"spip_note_ref\">\u00a0[<a target=\"_blank\" href=\"#nb3\" class=\"spip_note\" rel=\"appendix\" title=\"La loi Torricelli n\u2019ayant pas atteint son objectif, les ennemis de la\u00a0(\u2026)\" id=\"nh3\">3<\/a>]<\/span>, cette derni\u00e8re de caract\u00e8re extraterritorial. Nos march\u00e9s et nos sources d\u2019approvisionnement essentiels ont disparu subitement. La consommation de calories et de prot\u00e9ines a diminu\u00e9 presque de moiti\u00e9. Le pays a r\u00e9sist\u00e9 et progress\u00e9 consid\u00e9rablement sur le terrain social. Il satisfait maintenant \u00e0 une bonne partie des besoins nutritionnels et progresse \u00e0 toute allure dans d\u2019autres domaines. Ainsi, m\u00eame dans des circonstances-l\u00e0, l\u2019\u0153uvre d\u00e9j\u00e0 r\u00e9alis\u00e9e et la conscience forg\u00e9e durant toutes ces ann\u00e9es ont fait un miracle. Pourquoi r\u00e9sistons-nous\u00a0? Parce que la R\u00e9volution a pu toujours compter, compte encore et comptera toujours plus sur le soutien du peuple <i>(applaudissements)<\/i>, un peuple intelligent, sans cesse plus uni, plus cultiv\u00e9 et plus combatif.<\/p>\n<p>Cuba, qui a \u00e9t\u00e9 le premier pays \u00e0 se solidariser avec le peuple \u00e9tasunien le 11 septembre 2001, a \u00e9t\u00e9 aussi le premier \u00e0 lancer un avertissement au sujet de la politique n\u00e9o-fasciste que l\u2019extr\u00eame droite au pouvoir \u00e0 la Maison-Blanche, install\u00e9e l\u00e0 par fraude en novembre 2000, se proposait d\u2019imposer au monde<span class=\"spip_note_ref\">\u00a0[<a target=\"_blank\" href=\"#nb4\" class=\"spip_note\" rel=\"appendix\" title=\"Le 11 septembre 2001, pr\u00e9cis\u00e9ment, Fidel prononce dans l\u2019apr\u00e8s-midi un\u00a0(\u2026)\" id=\"nh4\">4<\/a>]<\/span>. Cette politique n\u2019est pas une riposte \u00e0 l\u2019atroce attaque terroriste dont le peuple \u00e9tasunien a \u00e9t\u00e9 victime de la part de membres d\u2019une organisation de fanatiques qui avait servi autrefois d\u2019autres administrations\u00a0: c\u2019est une politique pens\u00e9e, con\u00e7ue et \u00e9labor\u00e9e de sang-froid, ce qui explique le r\u00e9armement et les d\u00e9penses en armement colossales engag\u00e9es quand la guerre froide avait pris fin et bien avant les \u00e9v\u00e9nements de ce fatidique onzi\u00e8me jour du mois de septembre 2001. Ceux-ci ont servi de pr\u00e9texte id\u00e9al pour la mettre en marche.<\/p>\n<p>Le 20 septembre 2001, devant un Congr\u00e8s boulevers\u00e9 par les \u00e9v\u00e9nements tragiques survenus neuf jours plus t\u00f4t, le pr\u00e9sident Bush a recouru \u00e0 des termes bizarres, parlant de la \u00ab\u00a0justice infinie\u00a0\u00bb comme l\u2019objectif d\u2019une guerre pareillement infinie, semblait-il\u00a0:<\/p>\n<blockquote class=\"spip\">\n<p>Nous allons utiliser n\u2019importe quelle arme de guerre n\u00e9cessaire.<\/p>\n<p>Le pays ne doit pas s\u2019attendre \u00e0 une seule bataille, mais \u00e0 une longue campagne, \u00e0 une campagne sans parall\u00e8le dans notre histoire.<\/p>\n<p>N\u2019importe quelle nation, n\u2019importe o\u00f9, doit maintenant prendre une d\u00e9cision\u00a0: soit elle est de notre c\u00f4t\u00e9, soit elle est du c\u00f4t\u00e9 du terrorisme.<\/p>\n<p>J\u2019ai demand\u00e9 aux forces arm\u00e9es d\u2019\u00eatre vigilantes, et il y a une raison \u00e0 cela\u00a0: l\u2019heure d\u2019entrer en action approche.<\/p>\n<p>Cette lutte est une lutte de la civilisation.<\/p>\n<p>Les conqu\u00eates de notre temps et l\u2019esp\u00e9rance de tous les temps d\u00e9pendent de nous.<\/p>\n<p>Nous ignorons le cours que suivra ce conflit, mais nous savons quel en sera le d\u00e9nouement. (\u2026) Et nous savons que Dieu n\u2019est pas neutre.<\/p>\n<\/blockquote>\n<p>Est-ce l\u00e0 un homme d\u2019\u00c9tat qui parlait, ou un fanatique\u00a0imp\u00e9nitent\u00a0?<\/p>\n<p>Deux jours apr\u00e8s, Cuba d\u00e9non\u00e7ait ce discours comme la conception d\u2019une dictature militaire mondiale sous l\u2019\u00e9gide de la force brutale, sans lois ni institutions internationales d\u2019aucune sorte\u00a0: <i>\u2026L\u2019Organisation des Nations Unies, r\u00e9solument mise sur la touche dans la crise actuelle, n\u2019aurait ni autorit\u00e9, ni pr\u00e9rogative\u00a0; il n\u2019y aurait qu\u2019un seul chef, qu\u2019un seul juge, qu\u2019une seule loi.<\/i><\/p>\n<p>Quelques mois plus tard, le 3 juin 2002, pour le deux-centi\u00e8me anniversaire de l\u2019Acad\u00e9mie militaire de West Point, lors de la remise de dipl\u00f4mes \u00e0 neuf cent cinquante-huit officiers, le pr\u00e9sident Bush pr\u00e9cisait sa pens\u00e9e dans une harangue enflamm\u00e9e qui contenait ses id\u00e9es fixes essentielles\u00a0:<\/p>\n<blockquote class=\"spip\">\n<p>Notre s\u00e9curit\u00e9 exigera que nous transformions la force militaire que vous dirigerez en une force militaire qui doit \u00eatre pr\u00eate \u00e0 attaquer imm\u00e9diatement dans n\u2019importe quel recoin du monde. Et notre s\u00e9curit\u00e9 exigera que nous soyons pr\u00eats \u00e0 l\u2019attaque pr\u00e9ventive quand il faudra d\u00e9fendre notre libert\u00e9 et nos vies.<\/p>\n<p>Nous devons d\u00e9couvrir des cellules terroristes dans une soixantaine de pays ou plus.<\/p>\n<p>Nous vous enverrons, vous, nos soldats, l\u00e0 o\u00f9 vous serez n\u00e9cessaires.<\/p>\n<p>Nous ne laisserons pas la s\u00e9curit\u00e9 de l\u2019Am\u00e9rique et la paix de la plan\u00e8te \u00e0 la merci d\u2019une poign\u00e9e de terroristes et de tyrans fous. Nous \u00e9liminerons cette menace sinistre de notre pays et du monde.<\/p>\n<p>D\u2019aucuns s\u2019inqui\u00e8tent qu\u2019il soit peu diplomatique ou peu poli de parler de bien et de mal. Je ne suis pas d\u2019accord. [\u2026] Nous sommes face \u00e0 un conflit entre le bien et le mal, et l\u2019Am\u00e9rique appellera toujours le mal par son nom. En faisant face au mal et \u00e0 des r\u00e9gimes anarchiques, nous ne cr\u00e9ons pas un probl\u00e8me, nous le mettons \u00e0 nu. Et nous dirigerons le monde dans la lutte contre le probl\u00e8me. <\/p>\n<\/blockquote>\n<p>Le 8 juin 2002, dans l\u2019allocution que j\u2019ai prononc\u00e9e \u00e0 la Tribune ouverte de Santiago de Cuba, sur la place de la R\u00e9volution Antonio Maceo, devant un demi-million d\u2019habitants, j\u2019ai affirm\u00e9\u00a0:<\/p>\n<blockquote class=\"spip\">\n<p>Comme vous pouvez le constater, pas une seule mention dans ce discours de l\u2019Organisation des Nations Unies, pas une phrase relative au droit des peuples \u00e0 la s\u00e9curit\u00e9 et \u00e0 la paix, \u00e0 la n\u00e9cessit\u00e9 d\u2019un monde r\u00e9gi par des normes et des principes.<\/p>\n<p>L\u2019humanit\u00e9 a connu, voil\u00e0 \u00e0 peine deux tiers de si\u00e8cle, l\u2019am\u00e8re exp\u00e9rience du nazisme. Hitler a eu pour alli\u00e9e ins\u00e9parable la peur qu\u2019il fut capable d\u2019imposer \u00e0 ses adversaires. [\u2026] Une fois \u00e0 la t\u00eate d\u2019une force militaire redoutable, il a d\u00e9clench\u00e9 une guerre qui a mis le feu au monde. Ce sont la c\u00e9cit\u00e9 et la l\u00e2chet\u00e9 des hommes politiques des plus fortes puissances europ\u00e9ennes de l\u2019\u00e9poque qui ont provoqu\u00e9 cette grande trag\u00e9die.<\/p>\n<p>Je ne crois pas qu\u2019un r\u00e9gime fasciste puisse s\u2019instaurer de nos jours aux \u00c9tats-Unis. De graves erreurs et injustices \u2013 dont beaucoup perdurent encore \u2013 se sont commises, certes, dans le cadre de leur syst\u00e8me politique, toujours est-il que le peuple \u00e9tasunien peut faire fond sur des institutions, des traditions, des valeurs \u00e9ducatives, culturelles et \u00e9thiques qui le rendraient quasiment impossible. Le risque r\u00e9side dans l\u2019ar\u00e8ne internationale. Les facult\u00e9s et les pr\u00e9rogatives d\u2019un pr\u00e9sident sont telles, le r\u00e9seau du pouvoir militaire, \u00e9conomique et technique de cet \u00c9tat est si immense que, du fait de circonstances absolument ind\u00e9pendantes de la volont\u00e9 du peuple \u00e9tasunien, le monde commence \u00e0 \u00eatre r\u00e9gi en r\u00e9alit\u00e9 par des m\u00e9thodes et des conceptions nazies.<\/p>\n<p>Les mis\u00e9rables insectes qui vivent dans une soixantaine de nations du monde ou plus choisies par lui et ses collaborateurs intimes, mais, dans le cas de Cuba, par ses amis de Miami, qu\u2019importe\u00a0! Ils constituent ces \u00ab\u00a0recoins du monde\u00a0\u00bb qui peuvent faire l\u2019objet de ses attaques \u00ab\u00a0pr\u00e9ventives\u00a0\u00bb et de ses blitzkriegs. Cuba, entre autres, qui a \u00e9t\u00e9 inscrite en plus parmi ceux qui favorisent le terrorisme.<\/p>\n<\/blockquote>\n<p>Ainsi donc, j\u2019ai parl\u00e9 du caract\u00e8re nazi de cette politique-l\u00e0 un an, trois mois et dix-neuf jours avant l\u2019attaque contre l\u2019Irak.<\/p>\n<p>Peu avant celle-ci, le pr\u00e9sident Bush a ressass\u00e9 qu\u2019il utiliserait, le cas \u00e9ch\u00e9ant, n\u2019importe quelle arme de l\u2019arsenal \u00e9tasunien, autrement dit nucl\u00e9aire, chimique et bact\u00e9riologique.<\/p>\n<p>Avant, on avait eu droit \u00e0 l\u2019attaque contre l\u2019Afghanistan et \u00e0 son occupation.<\/p>\n<p>Aujourd\u2019hui, les pr\u00e9tendus \u00ab\u00a0dissidents\u00a0\u00bb, mercenaires \u00e0 la solde du gouvernement \u00e9tasunien, trahissent non seulement leur patrie, mais aussi l\u2019humanit\u00e9.<\/p>\n<p>Face aux plans sinistres ourdis contre notre patrie par cette extr\u00eame droite n\u00e9o-fasciste et ses alli\u00e9s de la mafia terroriste de Miami qui lui ont donn\u00e9 la victoire par la fraude, j\u2019aimerais bien savoir combien de ceux qui, \u00e0 partir de positions cens\u00e9ment de gauche et humanistes, ont attaqu\u00e9 notre peuple \u00e0 la suite des mesures l\u00e9gales de l\u00e9gitime d\u00e9fense que nous avons \u00e9t\u00e9 contraints d\u2019adopter face aux plans agressifs de la superpuissance, situ\u00e9e \u00e0 quelques kilom\u00e8tres de nos c\u00f4tes et poss\u00e9dant m\u00eame une base militaire sur notre territoire, ont pu lire mes avertissements, en prendre conscience, d\u00e9noncer et condamner la politique annonc\u00e9e dans les discours prononc\u00e9s par monsieur Bush auxquels j\u2019ai fait r\u00e9f\u00e9rence et la sinistre politique internationale nazi-fasciste proclam\u00e9e par le chef du pays poss\u00e9dant la plus redoutable force militaire jamais mise sur pied et dont les armes peuvent d\u00e9truire dix fois l\u2019humanit\u00e9 sans d\u00e9fense.<\/p>\n<p>Le monde entier s\u2019est mobilis\u00e9, horrifi\u00e9 devant des images \u00e9pouvantables de villes d\u00e9truites et incendi\u00e9es par des bombardements atroces, d\u2019enfants mutil\u00e9s et de cadavres d\u2019innocents d\u00e9chiquet\u00e9s.<\/p>\n<p>Faisant fi de groupes de politiciens opportunistes et d\u00e9magogues que nous ne connaissons que trop, je voudrais m\u2019adresser essentiellement \u00e0 ceux qui ont \u00e9t\u00e9 des amis de Cuba et des militants que nous appr\u00e9ciions. Nous ne souhaitons pas que ceux qui l\u2019ont attaqu\u00e9e injustement, de notre point de vue, par d\u00e9sinformation ou faute d\u2019une analyse r\u00e9fl\u00e9chie et approfondie, aient \u00e0 souffrir un jour, si nos villes \u00e9taient d\u00e9truites, si nos enfants et nos mamans, nos femmes et nos hommes, nos jeunes et nos personnes \u00e2g\u00e9es \u00e9taient d\u00e9chiquet\u00e9s par les bombes du nazi-fascisme, la douleur infinie de savoir que leurs d\u00e9clarations ont \u00e9t\u00e9 cyniquement manipul\u00e9es par les agresseurs pour justifier une attaque militaire contre Cuba.<\/p>\n<p>On ne saurait mesurer les dommages humains par le seul chiffre d\u2019enfants morts et mutil\u00e9s, mais aussi par les millions d\u2019enfants et de m\u00e8res, de femmes et d\u2019hommes, de jeunes et de personnes \u00e2g\u00e9es qui en resteraient traumatis\u00e9s pour le restant de leur vie.<\/p>\n<p>Nous respectons totalement les opinions de ceux qui, pour des raisons religieuses, philosophiques et humanitaires, s\u2019opposent \u00e0 la peine capitale, que nous, r\u00e9volutionnaires cubains, nous ha\u00efssons tout autant pour des raisons plus profondes que celles qui ont \u00e9t\u00e9 abord\u00e9es par les sciences sociales au sujet du crime, aujourd\u2019hui en cours d\u2019\u00e9tude dans notre pays. <i>(Applaudissements.) <\/i>Je comprends leur inqui\u00e9tude sp\u00e9ciale \u00e0 ce sujet, quand on sait que la majorit\u00e9 des personnes ex\u00e9cut\u00e9es aux \u00c9tats-Unis sont des Afro-Am\u00e9ricains et des Latinos, souvent innocents, en particulier au Texas, champion de la peine de mort, dont le gouverneur \u00e9tait Bush et o\u00f9 jamais personne n\u2019a \u00e9t\u00e9 graci\u00e9.<\/p>\n<p>Plac\u00e9e devant la disjonctive de prot\u00e9ger la vie de millions de personnes en infligeant la peine capitale, inscrite dans les lois, aux trois pirates principaux d\u2019un bateau de passagers \u2013 stimul\u00e9s par l\u2019administration \u00e9tasunienne qui s\u2019efforce de pousser d\u2019\u00e9ventuels d\u00e9linquants de droit commun \u00e0 d\u00e9tourner des avions et des bateaux, mettant gravement en danger la vie de nombreux passagers et cr\u00e9ant les conditions propices d\u2019une agression contre Cuba par le d\u00e9clenchement d\u2019une vague de d\u00e9tournements alors en pleine essor qu\u2019il fallait stopper net \u2013 <i>(Applaudissements)<\/i> ou de se croiser les bras <i>(Cris de\u00a0\u00ab\u00a0Non\u00a0!\u00a0\u00bb)<\/i>,<i> <\/i>la R\u00e9volution cubaine ne pourra jamais tergiverser\u00a0: devant prot\u00e9ger la vie des fils d\u2019un peuple d\u00e9cid\u00e9 \u00e0 lutter jusqu\u2019au bout, elle se doit d\u2019arr\u00eater des mercenaires qui servent les agresseurs et d\u2019infliger les peines les plus s\u00e9v\u00e8res aux terroristes qui d\u00e9tournent des avions et des bateaux de passagers ou qui commettent des faits tout aussi graves et que les tribunaux reconnaissent coupables aux termes de la l\u00e9gislation nationale.<\/p>\n<p>M\u00eame le Christ, qui chassa les marchands du Temple \u00e0 coups de fouet, ne pourrait faire d\u2019autres choix que la d\u00e9fense du peuple. <i>(Applaudissements.)<\/i><\/p>\n<p>J\u2019\u00e9prouve un respect profond et sinc\u00e8re pour le pape Jean-Paul II. Je comprends et admire sa noble lutte en faveur de la vie et de la paix. Nul ne s\u2019est oppos\u00e9 autant et si tenacement \u00e0 la guerre contre l\u2019Irak. Je suis convaincu qu\u2019il n\u2019aurait jamais conseill\u00e9 aux chiites et aux sunnites de se laisser tuer sans riposter, pas plus qu\u2019il ne conseillerait rien de semblable aux Cubains. Il sait pertinemment que ce n\u2019est pas un probl\u00e8me entre Cubains, que c\u2019est un probl\u00e8me entre le peuple cubain et le gouvernement \u00e9tasunien. <i>(Applaudissements.)<\/i><\/p>\n<p>La politique du gouvernement \u00e9tasunien est si provocatrice et impudente que M.\u00a0Kevin Whitaker, chef du bureau Cuba au d\u00e9partement d\u2019\u00c9tat, a dit, le 25\u00a0avril dernier, au chef de notre Section des int\u00e9r\u00eats \u00e0 Washington que le Bureau de s\u00e9curit\u00e9 interne, rattach\u00e9 au Conseil de s\u00e9curit\u00e9 nationale, jugeait que les d\u00e9tournements constants depuis Cuba constituaient une menace s\u00e9rieuse pour la s\u00e9curit\u00e9 nationale des \u00c9tats-Unis et qu\u2019il demandait au gouvernement cubain de prendre toutes les mesures n\u00e9cessaires pour \u00e9viter ce genre de faits, comme si ce n\u2019\u00e9tait pas eux qui ont provoqu\u00e9 et stimul\u00e9 ces d\u00e9tournements et comme si ce n\u2019\u00e9tait pas nous, en revanche, qui, pour prot\u00e9ger la vie et la s\u00e9curit\u00e9 des passagers et parfaitement au courant depuis belle lurette des plans criminels de l\u2019extr\u00eame droite fasciste, avons pris les mesures draconiennes pour les emp\u00eacher\u00a0! Les fuites organis\u00e9es par eux de ce contact de vendredi dernier ont provoqu\u00e9 une grande liesse dans la mafia terroriste de Miami qui n\u2019arrive pas \u00e0 comprendre que ses menaces directes ou indirectes contre Cuba n\u2019emp\u00eachent personne ici de dormir sur ses deux oreilles. <i>(Applaudissements.)<\/i><\/p>\n<p>L\u2019hypocrisie de la politique occidentale et de bon nombre de dirigeants m\u00e9diocres est si grande qu\u2019elle ne tiendrait pas dans le lit de l\u2019oc\u00e9an Atlantique\u00a0: quelle que soit la mesure que Cuba adopte au nom de la l\u00e9gitime d\u00e9fense, elle fait la une de presque tous les m\u00e9dias\u00a0; en revanche, quand je d\u00e9nonce que, sous un chef de gouvernement espagnol, des dizaines d\u2019etarras ont \u00e9t\u00e9 ex\u00e9cut\u00e9s extrajudiciairement sans que nul n\u2019ait protest\u00e9 devant la Commission des droits de l\u2019homme des Nations Unies ou ne l\u2019ait d\u00e9nonc\u00e9, ou qu\u2019un autre chef de gouvernement a, \u00e0 un moment difficile de la guerre du Kosovo, conseill\u00e9 au pr\u00e9sident des \u00c9tats-Unis d\u2019intensifier la guerre, de multiplier les bombardements et de viser des cibles civiles, ce qui devait forc\u00e9ment tuer des centaines d\u2019innocents et causer des sacrifices immenses \u00e0 des millions de personnes, cette m\u00eame presse se borne \u00e0 dire\u00a0: \u00ab\u00a0Castro s\u2019en prend \u00e0 Gonz\u00e1lez et \u00e0 Aznar.\u00a0\u00bb Sur le fond du probl\u00e8me, pas un mot\u00a0!<\/p>\n<p><strong>On discute aujourd\u2019hui \u00e0 Miami et \u00e0 Washington o\u00f9, comment et quand on attaquera Cuba ou comment on r\u00e9glera la question de la R\u00e9volution.<\/strong><\/p>\n<p>Dans l\u2019imm\u00e9diat, on parle de mesures \u00e9conomiques qui durciraient le blocus brutal, mais on ne sait pas encore lesquelles adopter, avec qui il faudra se r\u00e9signer \u00e0 se battre et quelle serait leur efficacit\u00e9. Il leur en reste bien peu. On les a presque toutes employ\u00e9es.<\/p>\n<p>Une cynique canaille, Lincoln (quel pr\u00e9nom mal port\u00e9\u00a0!) D\u00edaz-Balart, ami intime et conseiller du pr\u00e9sident Bush, a fait l\u2019\u00e9nigmatique devant une cha\u00eene de t\u00e9l\u00e9vision de Miami\u00a0: \u00ab\u00a0Je ne peux pas entrer dans les d\u00e9tails, mais nous nous effor\u00e7ons de briser le cercle vicieux.\u00a0\u00bb<\/p>\n<p>\u00c0 quelle m\u00e9thode se r\u00e9f\u00e8re-t-il pour g\u00e9rer ce cercle vicieux en question\u00a0? M\u2019\u00e9liminer physiquement en utilisant des moyens modernes perfectionn\u00e9s, comme le sieur Bush le leur avait promis au Texas avant son \u00e9lection, ou attaquer Cuba \u00e0 la mani\u00e8re de l\u2019Irak\u00a0?<\/p>\n<p>Si c\u2019est le premier choix, peu me chaut, vraiment\u00a0! Les id\u00e9es pour lesquelles je me suis battu ma vie durant ne pourront pas dispara\u00eetre et vivront fort longtemps. <i>(Applaudissements et slogans de \u00ab\u00a0Fidel, Fidel, Fidel\u00a0!\u00a0\u00bb)<\/i><\/p>\n<p>Si la formule \u00e9tait d\u2019attaquer Cuba comme l\u2019Irak l\u2019a \u00e9t\u00e9, j\u2019en souffrirai beaucoup du fait des co\u00fbts humains et des \u00e9normes destructions que cela signifierait pour notre pays. Mais ce serait peut-\u00eatre la derni\u00e8re des attaques fascistes <i>(applaudissements et cris de\u00a0: \u00ab\u00a0Ils ne passeront pas\u00a0!\u00a0\u00bb), <\/i>parce que la lutte durerait tr\u00e8s longtemps, que les agresseurs devraient faire face non \u00e0 une arm\u00e9e, mais \u00e0 des milliers <i>(applaudissements et slogans de\u00a0: \u00ab\u00a0Fidel, c\u2019est s\u00fbr, sur les Yankees cogne dur\u00a0!\u00a0\u00bb)<\/i> qui ne cesseraient de se reproduire et feraient payer \u00e0 l\u2019agresseur un co\u00fbt si \u00e9lev\u00e9 en vies qu\u2019il serait bien sup\u00e9rieur au budget humain que le peuple \u00e9tasunien serait dispos\u00e9 \u00e0 payer pour satisfaire les \u00e9quip\u00e9es et les id\u00e9es du pr\u00e9sident Bush dont le soutien aujourd\u2019hui majoritaire, mais en chute, se r\u00e9duirait demain \u00e0 z\u00e9ro.<\/p>\n<p>Le peuple \u00e9tasunien lui-m\u00eame, les millions de personnes dot\u00e9es d\u2019une culture \u00e9lev\u00e9e qui raisonnent et pensent aux \u00c9tats-Unis, de principes moraux de base, de dizaines de millions d\u2019ordinateurs leur permettant de communiquer entre elles, des centaines de fois plus qu\u2019\u00e0 la fin de la guerre du Vietnam, finiront par d\u00e9montrer qu\u2019on ne peut berner tout un peuple, et peut-\u00eatre m\u00eame pas une partie, tout le temps. Et ce peuple passera un jour la camisole de force \u00e0 tous ceux qui le m\u00e9riteront avant qu\u2019ils ne puissent liquider la vie sur la plan\u00e8te.<\/p>\n<p>Je tiens \u00e0 envoyer un message au monde et au peuple \u00e9tasunien au nom du million de personnes r\u00e9unies ici en ce 1er Mai\u00a0:<\/p>\n<p><strong>Nous ne souhaitons pas que du sang de Cubains et d\u2019\u00c9tasuniens coule dans une guerre. Nous ne d\u00e9sirons pas qu\u2019un nombre incalculable de personnes qui pourraient \u00eatre amies perdent la vie dans un conflit. Mais jamais un peuple n\u2019a eu des choses si sacr\u00e9es \u00e0 d\u00e9fendre, ni des convictions si profondes pour lesquelles lutter, de sorte qu\u2019il pr\u00e9f\u00e8re dispara\u00eetre de la Terre plut\u00f4t que de renoncer \u00e0 l\u2019\u0153uvre noble et g\u00e9n\u00e9reuse pour laquelle de nombreuses g\u00e9n\u00e9rations de Cubains ont pay\u00e9 tr\u00e8s cher et ont donn\u00e9 la vie de leurs meilleurs fils\u00a0! <\/strong><i>(Applaudissements prolong\u00e9s.)<\/i><\/p>\n<p>Nous sommes profond\u00e9ment convaincus que les id\u00e9es peuvent plus que les armes, aussi perfectionn\u00e9s et puissantes qu\u2019elles soient.<\/p>\n<p>Disons comme le Che quand il nous a fait ses adieux\u00a0:<\/p>\n<p>Jusqu\u2019\u00e0 la victoire \u00e0 jamais\u00a0! <i>(Ovation.)<\/i><\/p>\n<\/div>\n<p><br \/>\n<br \/><a href=\"https:\/\/www.legrandsoir.info\/cuba-et-le-nazi-facisme.html\" target=\"_blank\"\">Source link <\/a><\/p>\n","protected":false},"excerpt":{"rendered":"<p>DE 2003 \u00c0 2026, DE BUSH A TRUMP, QUELLE DIFF\u00c9RENCE POUR CUBA\u00a0? Dans le cadre de l\u2019ann\u00e9e consacr\u00e9e officiellement \u00e0 Fidel \u00e0 l\u2019occasion du centi\u00e8me anniversaire de sa naissance (13&hellip; <\/p>\n","protected":false},"author":1,"featured_media":25102,"comment_status":"open","ping_status":"open","sticky":false,"template":"","format":"standard","meta":{"footnotes":""},"categories":[1],"tags":[],"class_list":["post-25101","post","type-post","status-publish","format-standard","has-post-thumbnail","hentry","category-non-classe"],"_links":{"self":[{"href":"https:\/\/monde25.info\/index.php\/wp-json\/wp\/v2\/posts\/25101","targetHints":{"allow":["GET"]}}],"collection":[{"href":"https:\/\/monde25.info\/index.php\/wp-json\/wp\/v2\/posts"}],"about":[{"href":"https:\/\/monde25.info\/index.php\/wp-json\/wp\/v2\/types\/post"}],"author":[{"embeddable":true,"href":"https:\/\/monde25.info\/index.php\/wp-json\/wp\/v2\/users\/1"}],"replies":[{"embeddable":true,"href":"https:\/\/monde25.info\/index.php\/wp-json\/wp\/v2\/comments?post=25101"}],"version-history":[{"count":0,"href":"https:\/\/monde25.info\/index.php\/wp-json\/wp\/v2\/posts\/25101\/revisions"}],"wp:featuredmedia":[{"embeddable":true,"href":"https:\/\/monde25.info\/index.php\/wp-json\/wp\/v2\/media\/25102"}],"wp:attachment":[{"href":"https:\/\/monde25.info\/index.php\/wp-json\/wp\/v2\/media?parent=25101"}],"wp:term":[{"taxonomy":"category","embeddable":true,"href":"https:\/\/monde25.info\/index.php\/wp-json\/wp\/v2\/categories?post=25101"},{"taxonomy":"post_tag","embeddable":true,"href":"https:\/\/monde25.info\/index.php\/wp-json\/wp\/v2\/tags?post=25101"}],"curies":[{"name":"wp","href":"https:\/\/api.w.org\/{rel}","templated":true}]}}