{"id":25103,"date":"2026-03-11T06:43:35","date_gmt":"2026-03-11T05:43:35","guid":{"rendered":"https:\/\/monde25.info\/index.php\/2026\/03\/11\/le-monde-vu-de-konigsberg-par-lahouari-addi-le-monde-diplomatique-mars-2026\/"},"modified":"2026-03-11T06:43:35","modified_gmt":"2026-03-11T05:43:35","slug":"le-monde-vu-de-konigsberg-par-lahouari-addi-le-monde-diplomatique-mars-2026","status":"publish","type":"post","link":"https:\/\/monde25.info\/index.php\/2026\/03\/11\/le-monde-vu-de-konigsberg-par-lahouari-addi-le-monde-diplomatique-mars-2026\/","title":{"rendered":"Le monde vu de K\u00f6nigsberg, par Lahouari Addi (Le Monde diplomatique, mars 2026)"},"content":{"rendered":"<p> <br \/>\n<\/p>\n<div>\n<p class=\"crayon article-surtitre-69331 surtitre\">Un regard kantien sur le d\u00e9sordre international<\/p>\n<div class=\"crayon article-chapo-69331 chapo\">\n<p>\u00c0 la toute fin du <span class=\"siecle\">XVIII<sup class=\"typo_exposants\">e<\/sup><\/span>\u00a0si\u00e8cle, le philosophe Emmanuel Kant (1724-1804) s\u2019engageait sur le terrain cosmopolitique, et r\u00e9fl\u00e9chissait aux conditions d\u2019une \u00ab<small class=\"fine\">\u00a0<\/small>paix perp\u00e9tuelle<small class=\"fine\">\u00a0<\/small>\u00bb. Sa pens\u00e9e, fondatrice pour le droit international, reste vivace. Elle \u00e9claire les dynamiques guerri\u00e8res, les dilemmes s\u00e9curitaires, les blocages diplomatiques et les tragiques renversements qui caract\u00e9risent notre \u00e9poque.<\/p>\n<\/div><\/div>\n<div couleurfade=\"e6f5fc\" couleurclaire=\"cceffe\" couleurpale=\"a4dbf3\" couleurmi=\"008dcc\" couleurfoncee=\"0f6489\" couleursombre=\"002332\" couleurfond=\"4c6b78\" couleurtexte=\"ffffff\">\n<div class=\"enapercu\">\n<figure class=\"spip_document_41863 spip_documents spip_documents_center justecol\" style=\"width:650px;\">\n<div class=\"limage\">\n<p>\t\t\t<img loading=\"lazy\" decoding=\"async\" src=\"https:\/\/www.monde-diplomatique.fr\/\/local\/cache-vignettes\/L650xH925\/img022-64-a1289.jpg?1772119357\" width=\"650\" height=\"925\" class=\"spip_logos\" alt=\"JPEG - 57\u00a0kio\"\/><\/p><\/div><figcaption>\n<p>Luba Lukova. \u2014 \u00ab<small class=\"fine\">\u00a0<\/small>Peace<small class=\"fine\">\u00a0<\/small>\u00bb (Paix), 2001<\/p>\n<\/figcaption><\/figure>\n<p><span class=\"mot-lettrine\"><span class=\"lettrine\">L<\/span>e<\/span> <i>Projet de paix perp\u00e9tuelle<\/i> d\u2019Emmanuel Kant, \u00e9crit il y a pr\u00e8s de deux si\u00e8cles et demi, semble encore d\u2019actualit\u00e9, au regard de ce qui se passe sur la sc\u00e8ne internationale, notamment en Ukraine, \u00e0 Gaza mais aussi dans les Cara\u00efbes. Didactique, facile \u00e0 lire, il met en avant la dialectique entre la nature humaine, fonci\u00e8rement \u00e9go\u00efste, et la raison potentiellement morale. Il y a, dit Kant, une disposition morale qui sommeille en l\u2019homme, bien qu\u2019il soit manifestement \u00e9go\u00efste. Et il n\u2019y a pas une activit\u00e9 humaine qui ne s\u2019inscrive entre ces deux p\u00f4les qui fa\u00e7onnent l\u2019histoire. Bon et mauvais simultan\u00e9ment en religion et en \u00e9conomie, l\u2019homme l\u2019est tout autant en politique. Ainsi, lorsqu\u2019il dirige l\u2019\u00c9tat, il n\u2019arrive pas \u00e0 s\u2019\u00e9manciper de ses conditionnements pathologiques. Kant souligne que les \u00c9tats se comportent comme des individus en qu\u00eate permanente de puissance pour dominer, mais aussi pour r\u00e9sister \u00e0 la domination. Mais si la politique a \u00e9volu\u00e9 et a progress\u00e9 sous la forme de l\u2019\u00c9tat-nation qui, \u00e0 travers le monopole de l\u2019exercice de la violence, prot\u00e8ge la paix civile par la contrainte de la loi \u00e0 l\u2019int\u00e9rieur de fronti\u00e8res d\u00e9finies, il n\u2019existe pas au niveau international une instance sup\u00e9rieure aux \u00c9tats qui leur imposerait de respecter le droit. Les \u00c9tats ne reconnaissent aucune autorit\u00e9 sup\u00e9rieure \u00e0 la leur, ce qui installe la sc\u00e8ne mondiale dans un syst\u00e8me ac\u00e9phale r\u00e9gul\u00e9 par la force, une situation anarchique de non-droit, o\u00f9 la r\u00e9sistance est la seule r\u00e9ponse \u00e0 la tentation h\u00e9g\u00e9monique des puissances imp\u00e9riales. Kant parle de la libert\u00e9 barbare des \u00c9tats, lesquels, comme l\u2019homme particulier, sont belliqueux, pleins d\u2019hostilit\u00e9 et d\u2019un insatiable app\u00e9tit de puissance. Mais il y a <i>\u00ab<small class=\"fine\">\u00a0<\/small>un m\u00e9canisme de la nature,<\/i> dit-il, <i>pour diriger l\u2019antagonisme des dispositions hostiles<\/i> (\u2026) <i>de telle sorte que les hommes [ou les \u00c9tats] s\u2019obligent mutuellement eux-m\u00eames \u00e0 se soumettre \u00e0 des lois de contrainte produisant ainsi\u00a0(\u2026)<\/i><\/p>\n<\/p><\/div>\n<p>Taille de l\u2019article complet\u00a0:\u00a0<span>2\u00a0179<\/span>\u00a0mots.<\/p>\n<div class=\"promo_dispo_article\">\n<h2 class=\"avantbloc\">\n\tCet article est r\u00e9serv\u00e9 aux\u00a0abonn\u00e9s<\/p>\n<\/h2>\n<div class=\"abo_inst\">\n\t<strong>Lyc\u00e9es, biblioth\u00e8ques, administrations, entreprises,<\/strong><br \/>\n\tacc\u00e9dez \u00e0 la base de donn\u00e9es en ligne de tous les articles du <i>Monde diplomatique<\/i> de 1954 \u00e0 nos\u00a0jours.<br \/>\n\t<a target=\"_blank\" id=\"pw-institutions\" class=\"suivi\" href=\"https:\/\/www.monde-diplomatique.fr\/archives\/institutions\">Retrouvez cette\u00a0offre sp\u00e9cifique<\/a>.\n<\/div>\n<\/div><\/div>\n<div>\n<p class=\"nom\">Lahouari Addi<\/p>\n<p>\n\t\t\t\t\tChercheur associ\u00e9 \u00e0 Triangle, \u00c9cole normale sup\u00e9rieure de Lyon, et professeur invit\u00e9 \u00e0 l\u2019universit\u00e9 du Maryland, comt\u00e9 de Baltimore (UMBC). Ce texte est une version l\u00e9g\u00e8rement remani\u00e9e de la postface de son ouvrage <i>Retour sur Kant. Aux origines de la modernit\u00e9 intellectuelle,<\/i> Armand Colin, Paris, 2026.<\/p>\n<\/p><\/div>\n<p><br \/>\n<br \/><a href=\"https:\/\/www.monde-diplomatique.fr\/2026\/03\/ADDI\/69331\" target=\"_blank\"\">Source link <\/a><\/p>\n","protected":false},"excerpt":{"rendered":"<p>Un regard kantien sur le d\u00e9sordre international \u00c0 la toute fin du XVIIIe\u00a0si\u00e8cle, le philosophe Emmanuel Kant (1724-1804) s\u2019engageait sur le terrain cosmopolitique, et r\u00e9fl\u00e9chissait aux conditions d\u2019une \u00ab\u00a0paix perp\u00e9tuelle\u00a0\u00bb.&hellip; <\/p>\n","protected":false},"author":1,"featured_media":25104,"comment_status":"open","ping_status":"open","sticky":false,"template":"","format":"standard","meta":{"footnotes":""},"categories":[1],"tags":[],"class_list":["post-25103","post","type-post","status-publish","format-standard","has-post-thumbnail","hentry","category-non-classe"],"_links":{"self":[{"href":"https:\/\/monde25.info\/index.php\/wp-json\/wp\/v2\/posts\/25103","targetHints":{"allow":["GET"]}}],"collection":[{"href":"https:\/\/monde25.info\/index.php\/wp-json\/wp\/v2\/posts"}],"about":[{"href":"https:\/\/monde25.info\/index.php\/wp-json\/wp\/v2\/types\/post"}],"author":[{"embeddable":true,"href":"https:\/\/monde25.info\/index.php\/wp-json\/wp\/v2\/users\/1"}],"replies":[{"embeddable":true,"href":"https:\/\/monde25.info\/index.php\/wp-json\/wp\/v2\/comments?post=25103"}],"version-history":[{"count":0,"href":"https:\/\/monde25.info\/index.php\/wp-json\/wp\/v2\/posts\/25103\/revisions"}],"wp:featuredmedia":[{"embeddable":true,"href":"https:\/\/monde25.info\/index.php\/wp-json\/wp\/v2\/media\/25104"}],"wp:attachment":[{"href":"https:\/\/monde25.info\/index.php\/wp-json\/wp\/v2\/media?parent=25103"}],"wp:term":[{"taxonomy":"category","embeddable":true,"href":"https:\/\/monde25.info\/index.php\/wp-json\/wp\/v2\/categories?post=25103"},{"taxonomy":"post_tag","embeddable":true,"href":"https:\/\/monde25.info\/index.php\/wp-json\/wp\/v2\/tags?post=25103"}],"curies":[{"name":"wp","href":"https:\/\/api.w.org\/{rel}","templated":true}]}}