{"id":25112,"date":"2026-03-11T09:30:21","date_gmt":"2026-03-11T08:30:21","guid":{"rendered":"https:\/\/monde25.info\/index.php\/2026\/03\/11\/nouvelle-fausse-attaque-antisemite-a-nice-filmee-en-direct-qui-fera-gonfler-les-statistiques-du-crif\/"},"modified":"2026-03-11T09:30:21","modified_gmt":"2026-03-11T08:30:21","slug":"nouvelle-fausse-attaque-antisemite-a-nice-filmee-en-direct-qui-fera-gonfler-les-statistiques-du-crif","status":"publish","type":"post","link":"https:\/\/monde25.info\/index.php\/2026\/03\/11\/nouvelle-fausse-attaque-antisemite-a-nice-filmee-en-direct-qui-fera-gonfler-les-statistiques-du-crif\/","title":{"rendered":"Nouvelle fausse attaque antis\u00e9mite \u00e0 Nice film\u00e9e en direct qui fera gonfler les statistiques du Crif"},"content":{"rendered":"<p> <br \/>\n<\/p>\n<div>\n<p><span class=\"css-1jxf684 r-bcqeeo r-1ttztb7 r-qvutc0 r-poiln3 r-1adg3ll r-1g7jtus r-1x3r274\"><span class=\"css-1jxf684 r-bcqeeo r-1ttztb7 r-qvutc0 r-poiln3\"><span class=\"css-1jxf684 r-bcqeeo r-1ttztb7 r-qvutc0 r-poiln3 r-1x3r274\"><span class=\"dropcap \" style=\"background-color: #ffffff; color: #000000; border-color: #ffffff;\"><strong>U<\/strong><\/span>n incident surr\u00e9aliste a secou\u00e9 Nice le 8 mars 2026. Un homme s\u2019approche d\u2019un stand de sensibilisation pro-palestinien tenu par Amis de la Palestine 06. Il provoque les militants pacifistes avec des remarques hostiles. Personne ne le touche et encore une fois c\u2019est film\u00e9 et grav\u00e9 dans le marbre par plusieurs smartphones. On connait d\u00e9j\u00e0 la r\u00e9ponse des sionistes, ils vont le victimiser en lui cr\u00e9ant un pass\u00e9 de troubles psychiatriques ou autre chose du genre.<\/span><\/span><\/span><\/p>\n<p><span class=\"css-1jxf684 r-bcqeeo r-1ttztb7 r-qvutc0 r-poiln3 r-1adg3ll r-1g7jtus r-1x3r274\"><span class=\"css-1jxf684 r-bcqeeo r-1ttztb7 r-qvutc0 r-poiln3\"><span class=\"css-1jxf684 r-bcqeeo r-1ttztb7 r-qvutc0 r-poiln3 r-1x3r274\">Soudain, voyant la police arriver, il hurle, feint une chute et court vers les agents en criant \u00e0 l\u2019agression. Les vid\u00e9os multi-angles, film\u00e9es par les militants, montrent clairement l\u2019absence de tout contact physique. La sc\u00e8ne vire au grotesque. Un grand classique de ces d\u00e9g\u00e9n\u00e9r\u00e9s et hyst\u00e9riques sionistes. Les auto mutilations et autres fausses agressions sont l\u00e9gion. <\/span><\/span><\/span><span class=\"css-1jxf684 r-bcqeeo r-1ttztb7 r-qvutc0 r-poiln3 r-1adg3ll r-1g7jtus r-1x3r274\"><span class=\"css-1jxf684 r-bcqeeo r-1ttztb7 r-qvutc0 r-poiln3\"><span class=\"css-1jxf684 r-bcqeeo r-1ttztb7 r-qvutc0 r-poiln3 r-1x3r274\">Cette mise en sc\u00e8ne vise visiblement \u00e0 victimiser une position pro-isra\u00e9lienne et \u00e0 discr\u00e9diter les soutiens \u00e0 la Palestine.<\/span><\/span><\/span><\/p>\n<hr\/>\n<figure id=\"attachment_6063436\" aria-describedby=\"caption-attachment-6063436\" style=\"width: 368px\" class=\"wp-caption aligncenter\"><a target=\"_blank\" href=\"https:\/\/www.lelibrepenseur.org\/wp-content\/uploads\/2026\/03\/hausse-agression-antisemite-Paris-e1773214454276.jpg\"><img loading=\"lazy\" decoding=\"async\" class=\" wp-image-6063436\" src=\"https:\/\/www.lelibrepenseur.org\/wp-content\/uploads\/2026\/03\/hausse-agression-antisemite-Paris-e1773214454276.jpg\" alt=\"Fausse agression antis\u00e9mite Paris\" width=\"368\" height=\"422\" srcset=\"https:\/\/www.lelibrepenseur.org\/wp-content\/uploads\/2026\/03\/hausse-agression-antisemite-Paris-e1773214454276.jpg 748w, https:\/\/www.lelibrepenseur.org\/wp-content\/uploads\/2026\/03\/hausse-agression-antisemite-Paris-e1773214454276-262x300.jpg 262w, https:\/\/www.lelibrepenseur.org\/wp-content\/uploads\/2026\/03\/hausse-agression-antisemite-Paris-e1773214454276-21x24.jpg 21w, https:\/\/www.lelibrepenseur.org\/wp-content\/uploads\/2026\/03\/hausse-agression-antisemite-Paris-e1773214454276-31x36.jpg 31w, https:\/\/www.lelibrepenseur.org\/wp-content\/uploads\/2026\/03\/hausse-agression-antisemite-Paris-e1773214454276-42x48.jpg 42w, https:\/\/www.lelibrepenseur.org\/wp-content\/uploads\/2026\/03\/hausse-agression-antisemite-Paris-e1773214454276-600x688.jpg 600w\" sizes=\"auto, (max-width: 368px) 100vw, 368px\" data-pagespeed-url-hash=\"3366527535\" data-pagespeed-onload=\"pagespeed.CriticalImages.checkImageForCriticality(this);\" onload=\"var elem=this;if (this==window) elem=document.body;elem.setAttribute('data-pagespeed-loaded', 1)\"\/><\/a><figcaption id=\"caption-attachment-6063436\" class=\"wp-caption-text\">Fausse agression antis\u00e9mite Paris<\/figcaption><\/figure>\n<hr\/>\n<p><span class=\"css-1jxf684 r-bcqeeo r-1ttztb7 r-qvutc0 r-poiln3 r-1adg3ll r-1g7jtus r-1x3r274\"><span class=\"css-1jxf684 r-bcqeeo r-1ttztb7 r-qvutc0 r-poiln3\"><span class=\"css-1jxf684 r-bcqeeo r-1ttztb7 r-qvutc0 r-poiln3 r-1x3r274\">Ce genre de com\u00e9die d\u00e9cr\u00e9dibilise les vraies plaintes d\u2019antis\u00e9mitisme. Elle alimente les tensions dans un contexte d\u00e9j\u00e0 explosif. Heureusement, les cam\u00e9ras ont tout captur\u00e9. Sans elles, l\u2019histoire aurait pu tourner autrement avec d\u00e9placement de premier ministre sur place et une couverture m\u00e9diatique XXL pendant 2 semaines minimum. Maos la V\u00e9rit\u00e9 est t\u00eatue, elle finit toujours par s\u2019imposer.<\/span><\/span><\/span><\/p>\n<\/div>\n<p><br \/>\n<br \/><a href=\"https:\/\/www.lelibrepenseur.org\/nouvelle-fausse-attaque-antisemite-a-nice-filmee-en-direct-qui-fera-gonfler-les-statistiques-du-crif\/\" target=\"_blank\"\">Source link <\/a><\/p>\n","protected":false},"excerpt":{"rendered":"<p>Un incident surr\u00e9aliste a secou\u00e9 Nice le 8 mars 2026. Un homme s\u2019approche d\u2019un stand de sensibilisation pro-palestinien tenu par Amis de la Palestine 06. Il provoque les militants pacifistes&hellip; <\/p>\n","protected":false},"author":1,"featured_media":25113,"comment_status":"open","ping_status":"open","sticky":false,"template":"","format":"standard","meta":{"footnotes":""},"categories":[1],"tags":[],"class_list":["post-25112","post","type-post","status-publish","format-standard","has-post-thumbnail","hentry","category-non-classe"],"_links":{"self":[{"href":"https:\/\/monde25.info\/index.php\/wp-json\/wp\/v2\/posts\/25112","targetHints":{"allow":["GET"]}}],"collection":[{"href":"https:\/\/monde25.info\/index.php\/wp-json\/wp\/v2\/posts"}],"about":[{"href":"https:\/\/monde25.info\/index.php\/wp-json\/wp\/v2\/types\/post"}],"author":[{"embeddable":true,"href":"https:\/\/monde25.info\/index.php\/wp-json\/wp\/v2\/users\/1"}],"replies":[{"embeddable":true,"href":"https:\/\/monde25.info\/index.php\/wp-json\/wp\/v2\/comments?post=25112"}],"version-history":[{"count":0,"href":"https:\/\/monde25.info\/index.php\/wp-json\/wp\/v2\/posts\/25112\/revisions"}],"wp:featuredmedia":[{"embeddable":true,"href":"https:\/\/monde25.info\/index.php\/wp-json\/wp\/v2\/media\/25113"}],"wp:attachment":[{"href":"https:\/\/monde25.info\/index.php\/wp-json\/wp\/v2\/media?parent=25112"}],"wp:term":[{"taxonomy":"category","embeddable":true,"href":"https:\/\/monde25.info\/index.php\/wp-json\/wp\/v2\/categories?post=25112"},{"taxonomy":"post_tag","embeddable":true,"href":"https:\/\/monde25.info\/index.php\/wp-json\/wp\/v2\/tags?post=25112"}],"curies":[{"name":"wp","href":"https:\/\/api.w.org\/{rel}","templated":true}]}}