{"id":25116,"date":"2026-03-11T11:10:36","date_gmt":"2026-03-11T10:10:36","guid":{"rendered":"https:\/\/monde25.info\/index.php\/2026\/03\/11\/jusqua-650-milliards-deuros-la-relance-du-nucleaire-est-une-bombe-budgetaire\/"},"modified":"2026-03-11T11:10:36","modified_gmt":"2026-03-11T10:10:36","slug":"jusqua-650-milliards-deuros-la-relance-du-nucleaire-est-une-bombe-budgetaire","status":"publish","type":"post","link":"https:\/\/monde25.info\/index.php\/2026\/03\/11\/jusqua-650-milliards-deuros-la-relance-du-nucleaire-est-une-bombe-budgetaire\/","title":{"rendered":"\u00ab\u00a0Jusqu&#039;\u00e0 650 milliards d&#039;euros\u00a0\u00bb, la relance du nucl\u00e9aire est une bombe budg\u00e9taire"},"content":{"rendered":"<p> <br \/>\n<br \/><img loading=\"lazy\" decoding=\"async\" src=\"https:\/\/reporterre.net\/local\/cache-vignettes\/L700xH467\/afp__20260310__a2mg94w__v4__highres__franceenergynuclear_resized-99e20.jpg?1773221564\" class=\"spip_logo\" width=\"700\" height=\"467\" alt=\"\" \/><\/p>\n<p>Alors que le deuxi\u00e8me sommet mondial sur l&rsquo;\u00e9nergie nucl\u00e9aire s&rsquo;ouvrait \u00e0 Paris le 10\u00a0mars, Greenpeace alerte sur le co\u00fbt de la relance nucl\u00e9aire, qui pourrait atteindre des centaines de milliards d&rsquo;euros. Et ce, sans mod\u00e8le de financement robuste. <br class=\"autobr\" \/> Quinze\u00a0ans jour pour jour apr\u00e8s la catastrophe de Fukushima, le gratin mondial du nucl\u00e9aire se retrouvait sur l&rsquo;\u00eele Seguin, le 10\u00a0mars, au milieu de la Seine, pour le deuxi\u00e8me sommet consacr\u00e9 \u00e0 cette \u00e9nergie d\u00e9carbon\u00e9e. Au menu\u00a0: comment\u00a0(\u2026)<\/p>\n<p>                    <a target=\"_blank\" href=\"https:\/\/reporterre.net\/Jusqu-a-650-milliards-d-euros-la-relance-du-nucleaire-est-une-bombe-budgetaire?utm_source=RSS&amp;utm_medium=RSS\">Lire la suite<\/a><\/p>\n<p>                    &#8211;<br \/>\n                        <a target=\"_blank\" href=\"https:\/\/reporterre.net\/Autres-infos\" rel=\"directory\">Info<\/a><\/p>\n<p>                    \/<br \/>\n                        <a target=\"_blank\" href=\"https:\/\/reporterre.net\/Energie\" rel=\"tag\">\u00c9nergie<\/a><br \/>\n                    ,<br \/>\n                        <a target=\"_blank\" href=\"https:\/\/reporterre.net\/Politique\" rel=\"tag\">Politique<\/a><br \/>\n<br \/><br \/>\n<br \/><a href=\"https:\/\/reporterre.net\/Jusqu-a-650-milliards-d-euros-la-relance-du-nucleaire-est-une-bombe-budgetaire\" target=\"_blank\"\">Source link <\/a><\/p>\n","protected":false},"excerpt":{"rendered":"<p>Alors que le deuxi\u00e8me sommet mondial sur l&rsquo;\u00e9nergie nucl\u00e9aire s&rsquo;ouvrait \u00e0 Paris le 10\u00a0mars, Greenpeace alerte sur le co\u00fbt de la relance nucl\u00e9aire, qui pourrait atteindre des centaines de milliards&hellip; <\/p>\n","protected":false},"author":1,"featured_media":0,"comment_status":"open","ping_status":"open","sticky":false,"template":"","format":"standard","meta":{"footnotes":""},"categories":[1],"tags":[],"class_list":["post-25116","post","type-post","status-publish","format-standard","hentry","category-non-classe"],"_links":{"self":[{"href":"https:\/\/monde25.info\/index.php\/wp-json\/wp\/v2\/posts\/25116","targetHints":{"allow":["GET"]}}],"collection":[{"href":"https:\/\/monde25.info\/index.php\/wp-json\/wp\/v2\/posts"}],"about":[{"href":"https:\/\/monde25.info\/index.php\/wp-json\/wp\/v2\/types\/post"}],"author":[{"embeddable":true,"href":"https:\/\/monde25.info\/index.php\/wp-json\/wp\/v2\/users\/1"}],"replies":[{"embeddable":true,"href":"https:\/\/monde25.info\/index.php\/wp-json\/wp\/v2\/comments?post=25116"}],"version-history":[{"count":0,"href":"https:\/\/monde25.info\/index.php\/wp-json\/wp\/v2\/posts\/25116\/revisions"}],"wp:attachment":[{"href":"https:\/\/monde25.info\/index.php\/wp-json\/wp\/v2\/media?parent=25116"}],"wp:term":[{"taxonomy":"category","embeddable":true,"href":"https:\/\/monde25.info\/index.php\/wp-json\/wp\/v2\/categories?post=25116"},{"taxonomy":"post_tag","embeddable":true,"href":"https:\/\/monde25.info\/index.php\/wp-json\/wp\/v2\/tags?post=25116"}],"curies":[{"name":"wp","href":"https:\/\/api.w.org\/{rel}","templated":true}]}}