{"id":25117,"date":"2026-03-11T12:16:34","date_gmt":"2026-03-11T11:16:34","guid":{"rendered":"https:\/\/monde25.info\/index.php\/2026\/03\/11\/le-projet-de-loi-durgence-agricole-a-ete-transmis-au-conseil-detat-fuite-dans-la-presse\/"},"modified":"2026-03-11T12:16:34","modified_gmt":"2026-03-11T11:16:34","slug":"le-projet-de-loi-durgence-agricole-a-ete-transmis-au-conseil-detat-fuite-dans-la-presse","status":"publish","type":"post","link":"https:\/\/monde25.info\/index.php\/2026\/03\/11\/le-projet-de-loi-durgence-agricole-a-ete-transmis-au-conseil-detat-fuite-dans-la-presse\/","title":{"rendered":"Le projet de loi d&rsquo;urgence agricole a \u00e9t\u00e9 transmis au Conseil d&rsquo;Etat, fuite dans la presse"},"content":{"rendered":"<p> <br \/>\n<\/p>\n<div>\n<p>Le \u00ab\u00a0projet de loi d&rsquo;urgence agricole\u00a0\u00bb, cens\u00e9 r\u00e9pondre \u00e0 la col\u00e8re des agriculteurs cet hiver, a \u00e9t\u00e9 transmis au Conseil d&rsquo;\u00c9tat, selon plusieurs sources proches du dossier, et son contenu a fuit\u00e9 mardi dans la presse, r\u00e9v\u00e9lant une s\u00e9rie de mesures techniques notamment sur l&rsquo;eau.<\/p>\n<p>Les grandes lignes du projet, d\u00e9voil\u00e9 aux syndicats agricoles et \u00e0 plusieurs parties prenantes ces derniers jours, ont \u00e9t\u00e9 r\u00e9v\u00e9l\u00e9es par le m\u00e9dia sp\u00e9cialis\u00e9 Contexte, qui \u00e9voque un texte de 17 pages et 23 articles.<\/p>\n<p>Le Premier ministre S\u00e9bastien Lecornu avait annonc\u00e9 mi-janvier une \u00ab\u00a0loi d&rsquo;urgence agricole\u00a0\u00bb autour de plusieurs priorit\u00e9s: eau, pr\u00e9dation et moyens de production.<\/p>\n<p>Sur l&rsquo;eau, le projet pr\u00e9voit, selon Contexte de rendre facultative la r\u00e9union publique pr\u00e9vue dans le cadre d&rsquo;une demande d&rsquo;autorisation environnementale pour \u00ab\u00a0les projets d&rsquo;ouvrages de stockage d&rsquo;eau et les pr\u00e9l\u00e8vements\u00a0\u00bb.<\/p>\n<p>Il donne plus de pouvoirs aux pr\u00e9fets sur la d\u00e9livrance d&rsquo;autorisation provisoire de pr\u00e9l\u00e8vement d&rsquo;eau dans l&rsquo;attente d&rsquo;une autorisation, mais aussi pour solliciter aupr\u00e8s du gouvernement une d\u00e9rogation aux r\u00e8gles des sch\u00e9mas d&rsquo;am\u00e9nagement et de gestion des eaux \u00ab\u00a0pour autoriser des projets d&rsquo;ouvrages de stockage d&rsquo;eau\u00a0\u00bb.<\/p>\n<p>Plusieurs articles r\u00e9visent l&rsquo;encadrement des activit\u00e9s autour des \u00ab\u00a0points de pr\u00e9l\u00e8vement sensibles\u00a0\u00bb, \u00ab\u00a0zones humides\u00a0\u00bb et \u00ab\u00a0zones de captage sensibles\u00a0\u00bb. La FNSEA, syndicat proche du pouvoir qui avait demand\u00e9 cette loi, avait r\u00e9clam\u00e9 des mesures pour simplifier les pratiques agricoles \u00e0 proximit\u00e9 des captages d&rsquo;eau.<\/p>\n<p>Un chapitre promet de \u00ab\u00a0simplifier les proc\u00e9dures pour les \u00e9leveurs et d\u00e9fendre leurs troupeaux contre la pr\u00e9dation\u00a0du loup\u00a0\u00bb, sans d\u00e9tailler de mesures selon Contexte.<\/p>\n<p>M. Lecornu avait aussi appuy\u00e9 fin janvier des mesures sur l&rsquo;approvisionnement des cantines publiques en produits europ\u00e9ens ainsi que les plans et contrats d&rsquo;avenir souhait\u00e9s par le syndicat Jeunes Agriculteurs pour accompagner les exploitants dans leurs transitions.<\/p>\n<p>Cette mesure se retrouve, selon Contexte, dans le texte, sous la forme de \u00ab\u00a0projets d&rsquo;avenir agricole territoriaux port\u00e9s par les acteurs \u00e9conomiques\u00a0\u00bb sans beaucoup de pr\u00e9cisions sur leur financement.<\/p>\n<p>Un article \u00ab\u00a0interdit purement et simplement le fait de servir des produits non-europ\u00e9ens dans la restauration collective publique\u00a0\u00bb mais avec une exception \u00ab\u00a0en cas d&rsquo;absence d&rsquo;offre\u00a0\u00bb, ajoute Contexte.<\/p>\n<p>Le texte devrait \u00eatre pr\u00e9sent\u00e9 d\u00e9but avril en Conseil des ministres avant d&rsquo;\u00eatre examin\u00e9 en mai par l&rsquo;Assembl\u00e9e nationale puis en juin par le S\u00e9nat, l&rsquo;alliance FNSEA-JA et la Coordination rurale poussant pour une adoption la plus rapide possible.<\/p>\n<p>La Conf\u00e9d\u00e9ration paysanne, oppos\u00e9e aux principes guidant le texte, n&rsquo;a pas pu consulter ce dernier avant sa transmission au Conseil d&rsquo;\u00c9tatF, a-t-elle indiqu\u00e9 \u00e0 l&rsquo;AFP.<\/p>\n<\/div>\n<p><script>(function(d, s, id) {  var js, fjs = d.getElementsByTagName(s)[0];  if (d.getElementById(id)) return;  js = d.createElement(s); js.id = id;  js.src = \"\/\/connect.facebook.net\/fr_FR\/sdk.js#xfbml=1&version=v2.3\";  fjs.parentNode.insertBefore(js, fjs);}(document, \"script\", \"facebook-jssdk\"));<\/script><br \/>\n<br \/><br \/>\n<br \/><a href=\"https:\/\/www.francesoir.fr\/politique-france\/le-projet-de-loi-d-urgence-agricole-ete-transmis-au-conseil-d-etat-fuite-dans-la\" target=\"_blank\"\">Source link <\/a><\/p>\n","protected":false},"excerpt":{"rendered":"<p>Le \u00ab\u00a0projet de loi d&rsquo;urgence agricole\u00a0\u00bb, cens\u00e9 r\u00e9pondre \u00e0 la col\u00e8re des agriculteurs cet hiver, a \u00e9t\u00e9 transmis au Conseil d&rsquo;\u00c9tat, selon plusieurs sources proches du dossier, et son contenu&hellip; <\/p>\n","protected":false},"author":1,"featured_media":25118,"comment_status":"open","ping_status":"open","sticky":false,"template":"","format":"standard","meta":{"footnotes":""},"categories":[1],"tags":[],"class_list":["post-25117","post","type-post","status-publish","format-standard","has-post-thumbnail","hentry","category-non-classe"],"_links":{"self":[{"href":"https:\/\/monde25.info\/index.php\/wp-json\/wp\/v2\/posts\/25117","targetHints":{"allow":["GET"]}}],"collection":[{"href":"https:\/\/monde25.info\/index.php\/wp-json\/wp\/v2\/posts"}],"about":[{"href":"https:\/\/monde25.info\/index.php\/wp-json\/wp\/v2\/types\/post"}],"author":[{"embeddable":true,"href":"https:\/\/monde25.info\/index.php\/wp-json\/wp\/v2\/users\/1"}],"replies":[{"embeddable":true,"href":"https:\/\/monde25.info\/index.php\/wp-json\/wp\/v2\/comments?post=25117"}],"version-history":[{"count":0,"href":"https:\/\/monde25.info\/index.php\/wp-json\/wp\/v2\/posts\/25117\/revisions"}],"wp:featuredmedia":[{"embeddable":true,"href":"https:\/\/monde25.info\/index.php\/wp-json\/wp\/v2\/media\/25118"}],"wp:attachment":[{"href":"https:\/\/monde25.info\/index.php\/wp-json\/wp\/v2\/media?parent=25117"}],"wp:term":[{"taxonomy":"category","embeddable":true,"href":"https:\/\/monde25.info\/index.php\/wp-json\/wp\/v2\/categories?post=25117"},{"taxonomy":"post_tag","embeddable":true,"href":"https:\/\/monde25.info\/index.php\/wp-json\/wp\/v2\/tags?post=25117"}],"curies":[{"name":"wp","href":"https:\/\/api.w.org\/{rel}","templated":true}]}}