{"id":25127,"date":"2026-03-11T16:40:47","date_gmt":"2026-03-11T15:40:47","guid":{"rendered":"https:\/\/monde25.info\/index.php\/2026\/03\/11\/applaudir-la-matraque-jusqua-en-devenir-la-cible\/"},"modified":"2026-03-11T16:40:47","modified_gmt":"2026-03-11T15:40:47","slug":"applaudir-la-matraque-jusqua-en-devenir-la-cible","status":"publish","type":"post","link":"https:\/\/monde25.info\/index.php\/2026\/03\/11\/applaudir-la-matraque-jusqua-en-devenir-la-cible\/","title":{"rendered":"applaudir la matraque, jusqu&rsquo;\u00e0 en devenir la cible"},"content":{"rendered":"<p> <br \/>\n<\/p>\n<div style=\"word-wrap:break-word;\">\n<p>Ils soutenaient la ligne dure. Ils parlaient de fermet\u00e9, de fronti\u00e8res, de \u00ab\u00a0criminels\u00a0\u00bb. Puis <a target=\"_blank\" href=\"https:\/\/www.lesmotsontunsens.com\/quand-la-matraque-change-de-cible-et-que-le-eux-devient-nous\/\" class=\"spip_out\" rel=\"external\">l\u2019ICE a frapp\u00e9 chez eux<\/a>. Et soudain, ce qui \u00e9tait \u00ab\u00a0n\u00e9cessaire\u00a0\u00bb est devenu \u00ab\u00a0inhumain\u00a0\u00bb.<\/p>\n<p>Il y a des r\u00e9veils qui font mal.<\/p>\n<p>Angela Vergara, d\u00e9put\u00e9e conservatrice colombienne, soutenait la ligne dure de <a target=\"_blank\" href=\"https:\/\/www.lesmotsontunsens.com\/tag\/donald-trump\/\" class=\"spip_out\" rel=\"external\">Donald Trump<\/a> sur l\u2019immigration. Puis son fils de 22 ans, Rafael, <a target=\"_blank\" href=\"https:\/\/www.ladepeche.fr\/2026\/02\/16\/elle-soutenait-donald-trump-et-sa-politique-migratoire-le-fils-dune-elue-colombienne-est-arrete-par-lice-elle-lance-un-appel-a-laide-13228993.php\" class=\"spip_out\" rel=\"external\">a \u00e9t\u00e9 arr\u00eat\u00e9<\/a> par l\u2019<a target=\"_blank\" href=\"https:\/\/www.lesmotsontunsens.com\/tag\/immigration-and-customs-enforcement-ice\/\" class=\"spip_out\" rel=\"external\">ICE<\/a>. Depuis 18 jours, dit-elle, il est d\u00e9tenu \u00ab\u00a0\u202fencha\u00een\u00e9\u202f\u00a0\u00bb dans des \u00ab\u00a0\u202fconditions inhumaines\u202f\u00a0\u00bb, alors qu\u2019il \u00e9tait entr\u00e9 l\u00e9galement. Elle parle de \u00ab\u00a0\u202fpeur, d\u2019incertitude et d\u2019un profond \u00e9puisement \u00e9motionnel\u202f\u00a0\u00bb. Sur les r\u00e9seaux, les moqueries pleuvent parce qu\u2019elle avait d\u00e9fendu les expulsions massives. Pas dr\u00f4le.<\/p>\n<p>M\u00eame malaise chez les Olivera. En juillet 2025, Cynthia, install\u00e9e aux \u00c9tats-Unis depuis 25 ans, m\u00e8re de trois enfants \u00e9tats-uniens, <a target=\"_blank\" href=\"https:\/\/www.theguardian.com\/us-news\/2025\/jul\/06\/trump-voting-family-canadian-mother-detained-immigration-status\" class=\"spip_out\" rel=\"external\">est arr\u00eat\u00e9e<\/a> par l\u2019ICE lors d\u2019un rendez-vous pour sa carte verte. Son mari, \u00e9lecteur de Trump, pensait que la fermet\u00e9 viserait \u00ab\u00a0\u202fles criminels violents\u202f\u00a0\u00bb. Aujourd\u2019hui, il l\u00e2che, sonn\u00e9, qu\u2019il voudrait \u00ab\u00a0\u202fr\u00e9cup\u00e9rer son vote\u202f\u00a0\u00bb. Trop tard, Cynthia a \u00e9t\u00e9 expuls\u00e9e au Canada. La machine ne permet pas le Ctrl+Z.<\/p>\n<p>Et puis il y a J\u00fanior Pena, influenceur br\u00e9silien. Sur TikTok, il jurait que la r\u00e9pression ne concernait que \u00ab\u00a0\u202fles malfrats\u202f\u00a0\u00bb. \u00ab\u00a0\u202fJe soutiens Donald Trump \u2013 j\u2019aime bien ce type\u202f\u00a0\u00bb, fanfaronnait-il, avant d\u2019\u00eatre lui aussi <a target=\"_blank\" href=\"https:\/\/www.liberation.fr\/international\/amerique\/un-influenceur-bresilien-qui-defendait-la-politique-anti-immigration-de-trump-arrete-par-lice-20260203_4RW47QKSDRHP7JMIQH7GOEPHZI\/\" class=\"spip_out\" rel=\"external\">arr\u00eat\u00e9<\/a> par l\u2019ICE. Maldonne.<\/p>\n<p>Comment peut\u2011on applaudir quand cela broie les autres, et crier \u00e0 l\u2019injustice d\u00e8s que cela nous atteint, nous\u202f\u00a0?<\/p>\n<p>On peut d\u00e9battre des lois. On peut discuter fronti\u00e8res, souverainet\u00e9, police, \u00e9conomie. Mais on ne peut pas d\u00e9couvrir et r\u00e9clamer l\u2019humanit\u00e9 juste au moment o\u00f9 l\u2019on devient la cible. Ce qui est \u00ab\u00a0\u202finhumain\u202f\u00a0\u00bb pour mon fils l\u2019\u00e9tait d\u00e9j\u00e0 pour le voisin. Ce qui est \u00ab\u00a0\u202farbitraire\u202f\u00a0\u00bb pour ma femme l\u2019\u00e9tait pour la m\u00e8re de famille arr\u00eat\u00e9e avant elle. La dignit\u00e9 n\u2019est pas un privil\u00e8ge \u00e0 g\u00e9om\u00e9trie variable. Elle ne s\u2019active pas parce qu\u2019un nom, un visage ou un lien de sang la rendent soudain concr\u00e8te. Si elle ne vaut que pour les n\u00f4tres, alors ce n\u2019est plus un principe \u2014 c\u2019est de l\u2019int\u00e9r\u00eat personnel. Bien loin de l\u2019humanisme.<\/p>\n<p>Ces histoires ne sont pas des fables, ce sont de vraies vies caboss\u00e9es. Quand on r\u00e9clame la matraque, il ne faut pas s\u2019\u00e9tonner qu\u2019elle finisse par frapper. Un syst\u00e8me qui pi\u00e9tine\u202fles autres\u202ffinit toujours, un jour ou l\u2019autre, par te pi\u00e9tiner.<\/p>\n<p>Cela vaut pour l\u2019<a target=\"_blank\" href=\"https:\/\/www.lesmotsontunsens.com\/tag\/immigration\/\" class=\"spip_out\" rel=\"external\">immigration<\/a>, mais aussi pour d\u2019autres sujets\u00a0: la stigmatisation d\u2019id\u00e9es politiques, de religions, des ch\u00f4meurs ou des allocataires, des minorit\u00e9s sexuelles&#8230; jusqu\u2019au jour o\u00f9 le vent tourne et que l\u2019accusateur pointe l\u2019index dans ta direction.<\/p>\n<p>En 1946, le pasteur allemand Martin Niem\u00f6ller formule cette confession sur le silence face \u00e0 l\u2019injustice\u00a0:<\/p>\n<blockquote class=\"spip\">\n<p>Quand ils sont venus chercher les communistes, je n\u2019ai rien dit, je n\u2019\u00e9tais pas communiste.<br class=\"autobr\"\/><br \/>\nQuand ils sont venus chercher les syndicalistes, je n\u2019ai rien dit, je n\u2019\u00e9tais pas syndicaliste.<br class=\"autobr\"\/><br \/>\nQuand ils sont venus chercher les Juifs, je n\u2019ai rien dit, je n\u2019\u00e9tais pas juif.<br class=\"autobr\"\/><br \/>\nPuis ils sont venus me chercher, et il ne restait plus personne pour protester.<\/p>\n<\/blockquote>\n<p>Article original publi\u00e9 sur <a target=\"_blank\" href=\"https:\/\/www.lesmotsontunsens.com\/quand-la-matraque-change-de-cible-et-que-le-eux-devient-nous\/\" class=\"spip_out\" rel=\"external\">Les mots ont un sens<\/a>.<br class=\"autobr\"\/><br \/>\nAuteur\u00a0: <a target=\"_blank\" href=\"https:\/\/www.lesmotsontunsens.com\/\" class=\"spip_out\" rel=\"external\">Napakatbra \/ LMOUS<\/a>.<br class=\"autobr\"\/><br \/>\nArticle sous licence Creative Commons CC BY\u2011ND 4.0.<\/p>\n<\/div>\n<p><br \/>\n<br \/><a href=\"https:\/\/www.legrandsoir.info\/ice-applaudir-la-matraque-jusqu-a-en-devenir-la-cible.html\" target=\"_blank\"\">Source link <\/a><\/p>\n","protected":false},"excerpt":{"rendered":"<p>Ils soutenaient la ligne dure. Ils parlaient de fermet\u00e9, de fronti\u00e8res, de \u00ab\u00a0criminels\u00a0\u00bb. Puis l\u2019ICE a frapp\u00e9 chez eux. Et soudain, ce qui \u00e9tait \u00ab\u00a0n\u00e9cessaire\u00a0\u00bb est devenu \u00ab\u00a0inhumain\u00a0\u00bb. Il y&hellip; <\/p>\n","protected":false},"author":1,"featured_media":25128,"comment_status":"open","ping_status":"open","sticky":false,"template":"","format":"standard","meta":{"footnotes":""},"categories":[1],"tags":[],"class_list":["post-25127","post","type-post","status-publish","format-standard","has-post-thumbnail","hentry","category-non-classe"],"_links":{"self":[{"href":"https:\/\/monde25.info\/index.php\/wp-json\/wp\/v2\/posts\/25127","targetHints":{"allow":["GET"]}}],"collection":[{"href":"https:\/\/monde25.info\/index.php\/wp-json\/wp\/v2\/posts"}],"about":[{"href":"https:\/\/monde25.info\/index.php\/wp-json\/wp\/v2\/types\/post"}],"author":[{"embeddable":true,"href":"https:\/\/monde25.info\/index.php\/wp-json\/wp\/v2\/users\/1"}],"replies":[{"embeddable":true,"href":"https:\/\/monde25.info\/index.php\/wp-json\/wp\/v2\/comments?post=25127"}],"version-history":[{"count":0,"href":"https:\/\/monde25.info\/index.php\/wp-json\/wp\/v2\/posts\/25127\/revisions"}],"wp:featuredmedia":[{"embeddable":true,"href":"https:\/\/monde25.info\/index.php\/wp-json\/wp\/v2\/media\/25128"}],"wp:attachment":[{"href":"https:\/\/monde25.info\/index.php\/wp-json\/wp\/v2\/media?parent=25127"}],"wp:term":[{"taxonomy":"category","embeddable":true,"href":"https:\/\/monde25.info\/index.php\/wp-json\/wp\/v2\/categories?post=25127"},{"taxonomy":"post_tag","embeddable":true,"href":"https:\/\/monde25.info\/index.php\/wp-json\/wp\/v2\/tags?post=25127"}],"curies":[{"name":"wp","href":"https:\/\/api.w.org\/{rel}","templated":true}]}}