{"id":25129,"date":"2026-03-11T17:46:41","date_gmt":"2026-03-11T16:46:41","guid":{"rendered":"https:\/\/monde25.info\/index.php\/2026\/03\/11\/le-syndicaliste-christian-porta-conduit-une-liste-ouvriere-et-solidaire-sur-les-terres-du-rn\/"},"modified":"2026-03-11T17:46:41","modified_gmt":"2026-03-11T16:46:41","slug":"le-syndicaliste-christian-porta-conduit-une-liste-ouvriere-et-solidaire-sur-les-terres-du-rn","status":"publish","type":"post","link":"https:\/\/monde25.info\/index.php\/2026\/03\/11\/le-syndicaliste-christian-porta-conduit-une-liste-ouvriere-et-solidaire-sur-les-terres-du-rn\/","title":{"rendered":"Le syndicaliste Christian Porta conduit une liste \u00ab\u00a0ouvri\u00e8re et solidaire\u00a0\u00bb sur les terres du RN"},"content":{"rendered":"<p> <br \/>\n<br \/><img loading=\"lazy\" decoding=\"async\" src=\"https:\/\/reporterre.net\/local\/cache-vignettes\/L700xH467\/260306_rptr_candidature_christian_porta_st-avold-22-6851c.jpg?1773246798\" class=\"spip_logo\" width=\"700\" height=\"467\" alt=\"\" \/><\/p>\n<p>Municipales \u2014 Figure locale de la lutte sociale, Christian Porta est \u00e0 la t\u00eate de la seule liste de gauche aux \u00e9lections de Saint-Avold. Une liste \u00ab<small class=\"fine d-inline\">\u00a0<\/small>ouvri\u00e8re et solidaire<small class=\"fine d-inline\">\u00a0<\/small>\u00bb, dans une r\u00e9gion o\u00f9 l&rsquo;extr\u00eame droite capitalise sur la d\u00e9sindustrialisation. <br class=\"autobr\" \/><br \/>\nSaint-Avold (Moselle), reportage <br class=\"autobr\" \/><br \/>\nSur le march\u00e9 de Saint-Avold, les baskets de Christian Porta d\u00e9tonnent au milieu des mocassins et des richelieus de ses adversaires. Install\u00e9s chacun \u00e0 un coin de la place, les candidats aux \u00e9lections\u00a0(\u2026)<\/p>\n<p>                    <a target=\"_blank\" href=\"https:\/\/reporterre.net\/En-Moselle-le-syndicaliste-Christian-Porta-conduit-une-liste-ouvriere-et-solidaire-sur?utm_source=RSS&amp;utm_medium=RSS\">Lire la suite<\/a><\/p>\n<p>                    &#8211;<br \/>\n                        <a target=\"_blank\" href=\"https:\/\/reporterre.net\/Reportage\" rel=\"directory\">Reportage<\/a><\/p>\n<p>                    \/<br \/>\n                        <a target=\"_blank\" href=\"https:\/\/reporterre.net\/Politique\" rel=\"tag\">Politique<\/a><br \/>\n                    ,<br \/>\n                        <a target=\"_blank\" href=\"https:\/\/reporterre.net\/Municipales-2026\" rel=\"tag\">Municipales 2026<\/a><br \/>\n<br \/><br \/>\n<br \/><a href=\"https:\/\/reporterre.net\/En-Moselle-le-syndicaliste-Christian-Porta-conduit-une-liste-ouvriere-et-solidaire-sur\" target=\"_blank\"\">Source link <\/a><\/p>\n","protected":false},"excerpt":{"rendered":"<p>Municipales \u2014 Figure locale de la lutte sociale, Christian Porta est \u00e0 la t\u00eate de la seule liste de gauche aux \u00e9lections de Saint-Avold. Une liste \u00ab\u00a0ouvri\u00e8re et solidaire\u00a0\u00bb, dans&hellip; <\/p>\n","protected":false},"author":1,"featured_media":0,"comment_status":"open","ping_status":"open","sticky":false,"template":"","format":"standard","meta":{"footnotes":""},"categories":[1],"tags":[],"class_list":["post-25129","post","type-post","status-publish","format-standard","hentry","category-non-classe"],"_links":{"self":[{"href":"https:\/\/monde25.info\/index.php\/wp-json\/wp\/v2\/posts\/25129","targetHints":{"allow":["GET"]}}],"collection":[{"href":"https:\/\/monde25.info\/index.php\/wp-json\/wp\/v2\/posts"}],"about":[{"href":"https:\/\/monde25.info\/index.php\/wp-json\/wp\/v2\/types\/post"}],"author":[{"embeddable":true,"href":"https:\/\/monde25.info\/index.php\/wp-json\/wp\/v2\/users\/1"}],"replies":[{"embeddable":true,"href":"https:\/\/monde25.info\/index.php\/wp-json\/wp\/v2\/comments?post=25129"}],"version-history":[{"count":0,"href":"https:\/\/monde25.info\/index.php\/wp-json\/wp\/v2\/posts\/25129\/revisions"}],"wp:attachment":[{"href":"https:\/\/monde25.info\/index.php\/wp-json\/wp\/v2\/media?parent=25129"}],"wp:term":[{"taxonomy":"category","embeddable":true,"href":"https:\/\/monde25.info\/index.php\/wp-json\/wp\/v2\/categories?post=25129"},{"taxonomy":"post_tag","embeddable":true,"href":"https:\/\/monde25.info\/index.php\/wp-json\/wp\/v2\/tags?post=25129"}],"curies":[{"name":"wp","href":"https:\/\/api.w.org\/{rel}","templated":true}]}}