{"id":25132,"date":"2026-03-11T19:25:38","date_gmt":"2026-03-11T18:25:38","guid":{"rendered":"https:\/\/monde25.info\/index.php\/2026\/03\/11\/macron-appelle-a-la-coordination-de-plusieurs-marines-afin-de-retablir-la-navigation-au-moment-voulu-rt-en-francais\/"},"modified":"2026-03-11T19:25:38","modified_gmt":"2026-03-11T18:25:38","slug":"macron-appelle-a-la-coordination-de-plusieurs-marines-afin-de-retablir-la-navigation-au-moment-voulu-rt-en-francais","status":"publish","type":"post","link":"https:\/\/monde25.info\/index.php\/2026\/03\/11\/macron-appelle-a-la-coordination-de-plusieurs-marines-afin-de-retablir-la-navigation-au-moment-voulu-rt-en-francais\/","title":{"rendered":"Macron appelle \u00e0 la \u00abcoordination de plusieurs marines\u00bb afin de r\u00e9tablir la navigation \u00abau moment voulu\u00bb \u2014 RT en fran\u00e7ais"},"content":{"rendered":"<p> <br \/>\n<br \/><img decoding=\"async\" src=\"https:\/\/mf.b37mrtl.ru\/french\/images\/2026.03\/thumbnail\/69b19ea887f3ec0a5774670e.jpg\" \/><\/p>\n<div>\n<p class=\"text__summary\">\n                                        Pr\u00e8s de deux semaines apr\u00e8s le d\u00e9clenchement de l\u2019offensive am\u00e9ricano-isra\u00e9lienne contre l\u2019Iran, le pr\u00e9sident fran\u00e7ais a tenu ce 11 mars une r\u00e9union du G7. Au cours de celle-ci a \u00e9t\u00e9 \u00e9voqu\u00e9e \u00abla n\u00e9cessit\u00e9 de mettre en place un travail\u00bb en vue d\u2019assurer la \u00ablibre navigation\u00bb dans le d\u00e9troit d\u2019Ormuz apr\u00e8s la phase chaude du conflit.\n                                    <\/p>\n<p>Les pays du G7 ont act\u00e9 \u00ab\u00a0trois axes\u00a0\u00bb afin d\u2019\u00ab\u00a0organiser le travail sur les m\u00e9canismes \u00e0 mettre en \u0153uvre pour la libert\u00e9 de navigation et la s\u00e9curit\u00e9 maritime\u00a0\u00bb, a d\u00e9clar\u00e9 Emmanuel Macron ce 11 mars, \u00e0 l\u2019issue de cette rencontre par visioconf\u00e9rence. La premi\u00e8re, depuis le d\u00e9clenchement de l\u2019attaque des \u00c9tats-Unis et d\u2019Isra\u00ebl contre l\u2019Iran le 28 f\u00e9vrier dernier.<\/p>\n<p>Ces axes, a pr\u00e9cis\u00e9 le pr\u00e9sident fran\u00e7ais devant les journalistes, sont \u00ab\u00a0une pr\u00e9sence\u00a0\u00bb en M\u00e9diterran\u00e9e orientale, la \u00ab\u00a0libre circulation en mer Rouge\u00a0\u00bb \u2013 o\u00f9 il a renvoy\u00e9 \u00e0 l\u2019op\u00e9ration de l\u2019Union europ\u00e9enne Aspides \u2013 ainsi que \u00ab\u00a0la n\u00e9cessit\u00e9 de mettre en place un travail\u00a0\u00bb de \u00ab\u00a0plusieurs semaines\u00a0\u00bb de \u00ab\u00a0coordination de plusieurs marines\u00a0\u00bb afin \u00ab\u00a0de pouvoir escorter \u2013 au moment voulu \u2013 et assurer la libre circulation dans le d\u00e9troit d\u2019Ormuz\u00a0\u00bb.<\/p>\n<p>\u00ab\u00a0Les conditions aujourd\u2019hui ne sont pas remplies, le d\u00e9troit est un th\u00e9\u00e2tre de guerre\u00a0\u00bb, a pr\u00e9cis\u00e9 Emmanuel Macron. Ce dernier a, sur le front \u00e9conomique, \u00e9voqu\u00e9 l\u2019emploi des r\u00e9serves strat\u00e9giques de p\u00e9trole de la trentaine de pays de l\u2019Agence internationale de l\u2019\u00e9nergie, afin d\u2019\u00ab\u00a0envoyer un signal\u00a0\u00bb au march\u00e9 du p\u00e9trole \u00ab\u00a0et faire baisser les prix\u00a0\u00bb.<\/p>\n<p>\u00ab\u00a0Ces 400 millions de barils, pour vous donner un ordre d\u2019id\u00e9e, cela repr\u00e9sente environ vingt jours de sortie de barils par le d\u00e9troit d\u2019Ormuz\u00a0\u00bb,\u00a0a pr\u00e9cis\u00e9 Emmanuel Macron, \u00e9voquant \u00ab\u00a0la plus grande lib\u00e9ration de barils [\u2026] depuis que l\u2019on pratique ces lib\u00e9rations de r\u00e9serves strat\u00e9giques\u00a0\u00bb.<\/p>\n<h3>La\u00a0situation ne justifie \u00ab\u00a0en aucun cas de lever les sanctions\u00a0\u00bb contre la Russie,\u00a0selon Macron<\/h3>\n<p>Comme dans la vid\u00e9o diffus\u00e9e par l\u2019\u00c9lys\u00e9e des propos tenus en introduction de cette r\u00e9union par Emmanuel Macron, ce dernier a \u00e9voqu\u00e9 la n\u00e9cessit\u00e9 d\u2019\u00ab\u00a0\u00e9viter toutes les mesures de restriction \u00e0 l\u2019export\u00a0\u00bb de p\u00e9trole et de gaz, estimant que des pays avaient \u00ab\u00a0envoy\u00e9 des mauvais signaux\u00a0\u00bb. Parall\u00e8lement, \u00ab\u00a0toutes les mesures utiles\u00a0\u00bb seront prises afin \u00ab\u00a0d\u2019encourager le maximum de production\u00a0\u00bb, a-t-il avanc\u00e9.<\/p>\n<p>\u00ab\u00a0Nous avons act\u00e9 \u00e9galement dans ce G7 que cette situation ne justifiait en aucun cas de lever les sanctions qui existent \u00e0 l\u2019\u00e9gard de la Russie\u00a0\u00bb, a par ailleurs d\u00e9clar\u00e9 Emmanuel Macron qui a salu\u00e9 \u00ab\u00a0l\u2019implication des Ukrainiens qui sont tr\u00e8s rapidement venus en soutien de beaucoup de pays du Golfe\u00a0\u00bb en mati\u00e8re de lutte anti-drones.<\/p>\n<p>Le 9 mars, le chef de la diplomatie hongroise avait appel\u00e9 \u00e0 la lev\u00e9e des sanctions europ\u00e9ennes contre la Russie, mettant en garde contre les \u00ab\u00a0graves dommages\u00a0\u00bb aux Europ\u00e9ens qu\u2019une forte hausse des prix de l\u2019\u00e9nergie pourrait entra\u00eener.<\/p>\n<p>Depuis le d\u00e9clenchement de l\u2019offensive am\u00e9ricano-isra\u00e9lienne, le d\u00e9troit d\u2019Ormuz, par lequel transit le cinqui\u00e8me du p\u00e9trole mondial, s\u2019est retrouv\u00e9 de facto ferm\u00e9 apr\u00e8s les menaces de l\u2019Iran de s\u2019en prendre aux navires qui tenteraient de le franchir. Une situation qui a provoqu\u00e9 une emball\u00e9e sur le march\u00e9 du p\u00e9trole, les cours du Brent et du WTI enregistrant ces derniers jours des fluctuations records.<\/p>\n<\/div>\n<p><br \/>\n<br \/><a href=\"https:\/\/francais.rt.com\/international\/131610-guerre-iran-macron-appelle-coordination\" target=\"_blank\"\">Source link <\/a><\/p>\n","protected":false},"excerpt":{"rendered":"<p>Pr\u00e8s de deux semaines apr\u00e8s le d\u00e9clenchement de l\u2019offensive am\u00e9ricano-isra\u00e9lienne contre l\u2019Iran, le pr\u00e9sident fran\u00e7ais a tenu ce 11 mars une r\u00e9union du G7. Au cours de celle-ci a \u00e9t\u00e9&hellip; <\/p>\n","protected":false},"author":1,"featured_media":25133,"comment_status":"open","ping_status":"open","sticky":false,"template":"","format":"standard","meta":{"footnotes":""},"categories":[1],"tags":[],"class_list":["post-25132","post","type-post","status-publish","format-standard","has-post-thumbnail","hentry","category-non-classe"],"_links":{"self":[{"href":"https:\/\/monde25.info\/index.php\/wp-json\/wp\/v2\/posts\/25132","targetHints":{"allow":["GET"]}}],"collection":[{"href":"https:\/\/monde25.info\/index.php\/wp-json\/wp\/v2\/posts"}],"about":[{"href":"https:\/\/monde25.info\/index.php\/wp-json\/wp\/v2\/types\/post"}],"author":[{"embeddable":true,"href":"https:\/\/monde25.info\/index.php\/wp-json\/wp\/v2\/users\/1"}],"replies":[{"embeddable":true,"href":"https:\/\/monde25.info\/index.php\/wp-json\/wp\/v2\/comments?post=25132"}],"version-history":[{"count":0,"href":"https:\/\/monde25.info\/index.php\/wp-json\/wp\/v2\/posts\/25132\/revisions"}],"wp:featuredmedia":[{"embeddable":true,"href":"https:\/\/monde25.info\/index.php\/wp-json\/wp\/v2\/media\/25133"}],"wp:attachment":[{"href":"https:\/\/monde25.info\/index.php\/wp-json\/wp\/v2\/media?parent=25132"}],"wp:term":[{"taxonomy":"category","embeddable":true,"href":"https:\/\/monde25.info\/index.php\/wp-json\/wp\/v2\/categories?post=25132"},{"taxonomy":"post_tag","embeddable":true,"href":"https:\/\/monde25.info\/index.php\/wp-json\/wp\/v2\/tags?post=25132"}],"curies":[{"name":"wp","href":"https:\/\/api.w.org\/{rel}","templated":true}]}}