{"id":25134,"date":"2026-03-11T22:11:03","date_gmt":"2026-03-11T21:11:03","guid":{"rendered":"https:\/\/monde25.info\/index.php\/2026\/03\/11\/au-salvador-la-surenchere-de-m-bukele-par-tom-stevenson-le-monde-diplomatique-mars-2026\/"},"modified":"2026-03-11T22:11:03","modified_gmt":"2026-03-11T21:11:03","slug":"au-salvador-la-surenchere-de-m-bukele-par-tom-stevenson-le-monde-diplomatique-mars-2026","status":"publish","type":"post","link":"https:\/\/monde25.info\/index.php\/2026\/03\/11\/au-salvador-la-surenchere-de-m-bukele-par-tom-stevenson-le-monde-diplomatique-mars-2026\/","title":{"rendered":"Au Salvador, la surench\u00e8re de M. Bukele, par Tom Stevenson (Le Monde diplomatique, mars 2026)"},"content":{"rendered":"<p> <br \/>\n<\/p>\n<div>\n<p class=\"crayon article-surtitre-69332 surtitre\">S\u00e9curit\u00e9 \u00e0 grand spectacle<\/p>\n<div class=\"crayon article-chapo-69332 chapo\">\n<p>Pour les droites latino-am\u00e9ricaines, le pr\u00e9sident salvadorien fait figure de mod\u00e8le en mati\u00e8re de lutte contre le crime organis\u00e9. Sa politique de la \u00ab<small class=\"fine\">\u00a0<\/small>main de fer<small class=\"fine\">\u00a0<\/small>\u00bb multiplie les violations des droits humains, au nom du combat antigang. Elle inspire d\u2019autres \u00c9tats comme l\u2019\u00c9quateur. Et enchante Washington, qui expulse ses migrants encombrants vers les prisons du pays centre-am\u00e9ricain.<\/p>\n<\/div><\/div>\n<div couleurfade=\"e6e9ee\" couleurclaire=\"e0e4ea\" couleurpale=\"b2c6e5\" couleurmi=\"526179\" couleurfoncee=\"204178\" couleursombre=\"14181e\" couleurfond=\"4c535d\" couleurtexte=\"ffffff\">\n<div class=\"enapercu\">\n<figure class=\"spip_document_41862 spip_documents spip_documents_center xl\" style=\"width:890px;\">\n<div class=\"limage\">\n<p>\t\t\t<img loading=\"lazy\" decoding=\"async\" src=\"https:\/\/www.monde-diplomatique.fr\/\/local\/cache-vignettes\/L890xH593\/img006-60-b72ce.jpg?1772119353\" width=\"890\" height=\"593\" class=\"spip_logos\" alt=\"JPEG - 124.5\u00a0kio\"\/><\/p><\/div><figcaption>\n<p>Thomas Dworzak. \u2014 Sur un march\u00e9 du centre-ville de San Salvador, 2022<\/p>\n<p>\u00a9 Thomas Dworzak \/ Magnum Photos\n<\/p>\n<\/figcaption><\/figure>\n<p><span class=\"mot-lettrine\"><span class=\"lettrine\">L<\/span>ongtemps<\/span> synonyme de guerre civile et d\u2019escadrons de la mort, le Salvador s\u2019est fait ensuite conna\u00eetre pour la violence de ses gangs. Cette image est en passe de devenir obsol\u00e8te \u00e0 son tour. Sous la pr\u00e9sidence de M.\u00a0Nayib Bukele, au pouvoir depuis 2019 et r\u00e9\u00e9lu pour cinq ans en 2024 avec pr\u00e8s de 85<small class=\"fine\">\u00a0<\/small>% des voix, les deux principales <i>pandillas<\/i> (bandes) qui d\u00e9chiraient le pays \u2014 la Mara Salvatrucha (MS-13) et le Barrio-18 avec ses deux factions, les Revolucionarios et les Sure\u00f1os \u2014 ont \u00e9t\u00e9 mises en d\u00e9route. Leurs membres sont en prison, quand ils ne se sont pas \u00e9vanouis dans la nature. Dans les ann\u00e9es\u00a02010, la violence pouvait parfois atteindre des niveaux comparables \u00e0 ceux de l\u2019Irak ou de la Syrie, mais en 2024 le taux d\u2019homicide affichait une baisse de 98<small class=\"fine\">\u00a0<\/small>% par rapport au milieu de la d\u00e9cennie pr\u00e9c\u00e9dente. Derri\u00e8re cette transformation, une m\u00e9thode-choc \u2014 l\u2019incarc\u00e9ration de trois hommes adultes sur cent \u2014 gr\u00e2ce \u00e0 laquelle M.\u00a0Bukele se targue d\u2019avoir <i>\u00ab<small class=\"fine\">\u00a0<\/small>fait de la capitale mondiale du meurtre le pays le plus s\u00fbr de l\u2019h\u00e9misph\u00e8re occidental<small class=\"fine\">\u00a0<\/small>\u00bb.<\/i><\/p>\n<p>D\u00e9barrasser le Salvador de sa r\u00e9putation d\u2019anarchie tout en lui d\u00e9cernant la palme du plus fort taux de d\u00e9tention de la plan\u00e8te supposait de balayer les r\u00e8gles de droit. Depuis l\u2019instauration de l\u2019\u00e9tat d\u2019urgence en mars\u00a02022 par l\u2019Assembl\u00e9e l\u00e9gislative \u00e0 la demande du pr\u00e9sident, les garanties offertes par la Constitution sont suspendues. Toute personne peut \u00eatre arr\u00eat\u00e9e sans motif et sans passer devant un juge. M.\u00a0Bukele ne s\u2019en est pas tenu l\u00e0. Plusieurs de ses opposants ont \u00e9t\u00e9 emprisonn\u00e9s ou exil\u00e9s. Apr\u00e8s avoir r\u00e9tabli le monopole de l\u2019\u00c9tat sur la violence, le jeune dirigeant \u2014 autoproclam\u00e9 <i>\u00ab<small class=\"fine\">\u00a0<\/small>dictateur le plus cool du monde<\/i> \u2014 se l\u2019est arrog\u00e9 pour son propre compte. Et en permettant aux \u00c9tats-Unis d\u2019utiliser son syst\u00e8me carc\u00e9ral comme un goulag offshore destin\u00e9 aux migrants expuls\u00e9s de leur territoire, il est devenu la coqueluche de la droite am\u00e9ricaine.<\/p>\n<p>Loin d\u2019\u00eatre un \u00ab<small class=\"fine\">\u00a0<\/small>outsider<small class=\"fine\">\u00a0<\/small>\u00bb,\u00a0(\u2026)<\/p>\n<\/p><\/div>\n<p>Taille de l\u2019article complet\u00a0:\u00a0<span>2\u00a0468<\/span>\u00a0mots.<\/p>\n<div class=\"promo_dispo_article\">\n<h2 class=\"avantbloc\">\n\tCet article est r\u00e9serv\u00e9 aux\u00a0abonn\u00e9s<\/p>\n<\/h2>\n<div class=\"abo_inst\">\n\t<strong>Lyc\u00e9es, biblioth\u00e8ques, administrations, entreprises,<\/strong><br \/>\n\tacc\u00e9dez \u00e0 la base de donn\u00e9es en ligne de tous les articles du <i>Monde diplomatique<\/i> de 1954 \u00e0 nos\u00a0jours.<br \/>\n\t<a target=\"_blank\" id=\"pw-institutions\" class=\"suivi\" href=\"https:\/\/www.monde-diplomatique.fr\/archives\/institutions\">Retrouvez cette\u00a0offre sp\u00e9cifique<\/a>.\n<\/div>\n<\/div><\/div>\n<p><br \/>\n<br \/><a href=\"https:\/\/www.monde-diplomatique.fr\/2026\/03\/STEVENSON\/69332\" target=\"_blank\"\">Source link <\/a><\/p>\n","protected":false},"excerpt":{"rendered":"<p>S\u00e9curit\u00e9 \u00e0 grand spectacle Pour les droites latino-am\u00e9ricaines, le pr\u00e9sident salvadorien fait figure de mod\u00e8le en mati\u00e8re de lutte contre le crime organis\u00e9. Sa politique de la \u00ab\u00a0main de fer\u00a0\u00bb&hellip; <\/p>\n","protected":false},"author":1,"featured_media":25135,"comment_status":"open","ping_status":"open","sticky":false,"template":"","format":"standard","meta":{"footnotes":""},"categories":[1],"tags":[],"class_list":["post-25134","post","type-post","status-publish","format-standard","has-post-thumbnail","hentry","category-non-classe"],"_links":{"self":[{"href":"https:\/\/monde25.info\/index.php\/wp-json\/wp\/v2\/posts\/25134","targetHints":{"allow":["GET"]}}],"collection":[{"href":"https:\/\/monde25.info\/index.php\/wp-json\/wp\/v2\/posts"}],"about":[{"href":"https:\/\/monde25.info\/index.php\/wp-json\/wp\/v2\/types\/post"}],"author":[{"embeddable":true,"href":"https:\/\/monde25.info\/index.php\/wp-json\/wp\/v2\/users\/1"}],"replies":[{"embeddable":true,"href":"https:\/\/monde25.info\/index.php\/wp-json\/wp\/v2\/comments?post=25134"}],"version-history":[{"count":0,"href":"https:\/\/monde25.info\/index.php\/wp-json\/wp\/v2\/posts\/25134\/revisions"}],"wp:featuredmedia":[{"embeddable":true,"href":"https:\/\/monde25.info\/index.php\/wp-json\/wp\/v2\/media\/25135"}],"wp:attachment":[{"href":"https:\/\/monde25.info\/index.php\/wp-json\/wp\/v2\/media?parent=25134"}],"wp:term":[{"taxonomy":"category","embeddable":true,"href":"https:\/\/monde25.info\/index.php\/wp-json\/wp\/v2\/categories?post=25134"},{"taxonomy":"post_tag","embeddable":true,"href":"https:\/\/monde25.info\/index.php\/wp-json\/wp\/v2\/tags?post=25134"}],"curies":[{"name":"wp","href":"https:\/\/api.w.org\/{rel}","templated":true}]}}