{"id":25136,"date":"2026-03-11T22:43:41","date_gmt":"2026-03-11T21:43:41","guid":{"rendered":"https:\/\/monde25.info\/index.php\/2026\/03\/11\/dans-cette-commune-les-habitants-produisent-et-consomment-localement-leur-energie\/"},"modified":"2026-03-11T22:43:41","modified_gmt":"2026-03-11T21:43:41","slug":"dans-cette-commune-les-habitants-produisent-et-consomment-localement-leur-energie","status":"publish","type":"post","link":"https:\/\/monde25.info\/index.php\/2026\/03\/11\/dans-cette-commune-les-habitants-produisent-et-consomment-localement-leur-energie\/","title":{"rendered":"Dans cette commune, les habitants produisent et consomment localement leur \u00e9nergie"},"content":{"rendered":"<p> <br \/>\n<br \/><img loading=\"lazy\" decoding=\"async\" src=\"https:\/\/reporterre.net\/local\/cache-vignettes\/L700xH467\/capture_d_ecran_du_2026-03-10_15-13-14_resized-93908.png?1773242543\" class=\"spip_logo\" width=\"700\" height=\"467\" alt=\"\" \/><\/p>\n<p>Cl\u00e9gu\u00e9rec, dans le Morbihan, est une ville solaire\u00a0: \u00e0 l&rsquo;aide de 5 000\u00a0m<sup class=\"typo_exposants\">2<\/sup> d&rsquo;ombri\u00e8res photovolta\u00efques, la commune bretonne produit et consomme sa propre \u00e9nergie. Des particuliers se sont aussi lanc\u00e9s dans l&rsquo;aventure. <br class=\"autobr\" \/><br \/>\nCl\u00e9gu\u00e9rec (Morbihan), reportage <br class=\"autobr\" \/><br \/>\nDes pieds m\u00e9talliques supportant un toit l\u00e9g\u00e8rement inclin\u00e9, recouvert de dizaines de panneaux photovolta\u00efques. En dessous, un terrain de tennis synth\u00e9tique. \u00c0 quelques kilom\u00e8tres de l\u00e0, le boulodrome est lui aussi recouvert par une structure\u00a0(\u2026)<\/p>\n<p>                    <a target=\"_blank\" href=\"https:\/\/reporterre.net\/Dans-cette-commune-du-Morbihan-les-habitants-produisent-et-consomment-localement-leur?utm_source=RSS&amp;utm_medium=RSS\">Lire la suite<\/a><\/p>\n<p>                    &#8211;<br \/>\n                        <a target=\"_blank\" href=\"https:\/\/reporterre.net\/Reportage\" rel=\"directory\">Reportage<\/a><\/p>\n<p>                    \/<br \/>\n                        <a target=\"_blank\" href=\"https:\/\/reporterre.net\/Alternatives\" rel=\"tag\">Alternatives<\/a><br \/>\n<br \/><br \/>\n<br \/><a href=\"https:\/\/reporterre.net\/Dans-cette-commune-du-Morbihan-les-habitants-produisent-et-consomment-localement-leur\" target=\"_blank\"\">Source link <\/a><\/p>\n","protected":false},"excerpt":{"rendered":"<p>Cl\u00e9gu\u00e9rec, dans le Morbihan, est une ville solaire\u00a0: \u00e0 l&rsquo;aide de 5 000\u00a0m2 d&rsquo;ombri\u00e8res photovolta\u00efques, la commune bretonne produit et consomme sa propre \u00e9nergie. Des particuliers se sont aussi lanc\u00e9s&hellip; <\/p>\n","protected":false},"author":1,"featured_media":0,"comment_status":"open","ping_status":"open","sticky":false,"template":"","format":"standard","meta":{"footnotes":""},"categories":[1],"tags":[],"class_list":["post-25136","post","type-post","status-publish","format-standard","hentry","category-non-classe"],"_links":{"self":[{"href":"https:\/\/monde25.info\/index.php\/wp-json\/wp\/v2\/posts\/25136","targetHints":{"allow":["GET"]}}],"collection":[{"href":"https:\/\/monde25.info\/index.php\/wp-json\/wp\/v2\/posts"}],"about":[{"href":"https:\/\/monde25.info\/index.php\/wp-json\/wp\/v2\/types\/post"}],"author":[{"embeddable":true,"href":"https:\/\/monde25.info\/index.php\/wp-json\/wp\/v2\/users\/1"}],"replies":[{"embeddable":true,"href":"https:\/\/monde25.info\/index.php\/wp-json\/wp\/v2\/comments?post=25136"}],"version-history":[{"count":0,"href":"https:\/\/monde25.info\/index.php\/wp-json\/wp\/v2\/posts\/25136\/revisions"}],"wp:attachment":[{"href":"https:\/\/monde25.info\/index.php\/wp-json\/wp\/v2\/media?parent=25136"}],"wp:term":[{"taxonomy":"category","embeddable":true,"href":"https:\/\/monde25.info\/index.php\/wp-json\/wp\/v2\/categories?post=25136"},{"taxonomy":"post_tag","embeddable":true,"href":"https:\/\/monde25.info\/index.php\/wp-json\/wp\/v2\/tags?post=25136"}],"curies":[{"name":"wp","href":"https:\/\/api.w.org\/{rel}","templated":true}]}}