{"id":2514,"date":"2025-02-13T06:50:21","date_gmt":"2025-02-13T05:50:21","guid":{"rendered":"https:\/\/monde25.info\/index.php\/2025\/02\/13\/chez-blablacar-la-degringolade-apres-larret-des-primes-covoiturage\/"},"modified":"2025-02-13T06:50:21","modified_gmt":"2025-02-13T05:50:21","slug":"chez-blablacar-la-degringolade-apres-larret-des-primes-covoiturage","status":"publish","type":"post","link":"https:\/\/monde25.info\/index.php\/2025\/02\/13\/chez-blablacar-la-degringolade-apres-larret-des-primes-covoiturage\/","title":{"rendered":"Chez Blablacar, la d\u00e9gringolade apr\u00e8s l\u2019arr\u00eat des primes covoiturage"},"content":{"rendered":"<p> <br \/>\n<\/p>\n<div>\n<p>Gros coup de frein en plein exc\u00e8s de vitesse. La d\u00e9cision du Conseil d\u2019\u00c9tat, il y a sept mois, de suspendre la <i>\u00ab<small class=\"fine d-inline\">\u00a0<\/small>prime covoiturage<small class=\"fine d-inline\">\u00a0<\/small>\u00bb<\/i> de 100 euros et l\u2019instrument financier tr\u00e8s lucratif qui l\u2019accompagnait a fait perdre \u00e0 l\u2019entreprise Blablacar un quart de sa valeur. C\u2019est ce que r\u00e9v\u00e8lent les chiffres d\u00e9nich\u00e9s par <i>Reporterre<\/i> dans <a target=\"_blank\" href=\"https:\/\/www.vostoknewventures.com\/netcat_files\/12\/13\/vnv_4q24_eng.pdf\" class=\"spip_out\" rel=\"external\">le rapport financier<\/a> publi\u00e9 le 30\u00a0janvier par le fonds d\u2019investissement <span class=\"caps\">VNV<\/span>, un des actionnaires de l\u2019entreprise fran\u00e7aise.<\/p>\n<p>Cette estimation montre \u00e0 quel point l\u2019entreprise a profit\u00e9 des <i>\u00ab<small class=\"fine d-inline\">\u00a0<\/small>certificats d\u2019\u00e9conomies d\u2019\u00e9nergie<small class=\"fine d-inline\">\u00a0<\/small>\u00bb<\/i> (<span class=\"caps\">CEE<\/span>). C\u2019est un syst\u00e8me particuli\u00e8rement opaque d\u00e9ploy\u00e9 par l\u2019\u00c9tat depuis 2005 et en forte croissance depuis 2022. Il consiste \u00e0 faire financer par des entreprises du secteur de l\u2019\u00e9nergie des actions d\u2019\u00e9conomie d\u2019\u00e9nergie. Au total, 6 milliards d\u2019euros, ne transitant pas par les caisses de l\u2019\u00c9tat et non contr\u00f4l\u00e9 par le Parlement&#8230; mais bel et bien pr\u00e9lev\u00e9 sur les factures d\u2019\u00e9nergie des particuliers. Une somme qui a mis Blablacar sous perfusion donc, et qui a aussi financ\u00e9 la r\u00e9novation thermique des b\u00e2timents par exemple.<\/p>\n<div class=\"spip_document_88687 spip_document spip_documents spip_document_image spip_documents_center spip_document_center spip_document_avec_legende\" data-legende-len=\"205\" data-legende-lenx=\"xxx\">\n<figure class=\"spip_doc_inner\">\n      <picture><source type=\"image\/webp\" srcset=\"https:\/\/reporterre.net\/local\/cache-vignettes\/L1050xH700\/blablacar_nalepka_fr_1_-2-24af7.jpg@.webp?1739368656\"><img decoding=\"async\" src=\"https:\/\/reporterre.net\/IMG\/jpg\/blablacar_nalepka_fr_1_-2.jpg\" width=\"1200\" height=\"800\" loading=\"lazy\" alt=\"\"\/><br \/>\n    <\/source><\/picture><figcaption class=\"spip_doc_legende\">\n<p>Contact\u00e9 par Reporterre, Blablacar reconna\u00eet que sa rentabilit\u00e9 est \u00e9troitement li\u00e9e aux certificats d\u2019\u00e9conomie d\u2019\u00e9nergie, mais r\u00e9fute toute surestimation.<br \/>\n<i>Wikimedia Commons\/<span class=\"caps\">CC<\/span> <span class=\"caps\">BY<\/span>&#8211;<span class=\"caps\">SA<\/span> 4.0 Deed\/Micha\u0142 Beim<br \/>\n<\/i><\/p>\n<\/figcaption><\/figure>\n<\/p><\/div>\n<p>Rappel des faits\u00a0: d\u00e8s 2012, Blablacar a nou\u00e9 un partenariat avec TotalEnergies dans le cadre de ces <span class=\"caps\">CEE<\/span>. L\u2019\u00e9nerg\u00e9ticien a d\u2019abord financ\u00e9 des cartes carburant \u00e0 20 euros distribu\u00e9es aux nouveaux conducteurs, puis des primes de bienvenue. Le tout, en \u00e9change de certificats d\u2019\u00e9conomie d\u2019\u00e9nergie d\u00e9livr\u00e9s par Blablacar, que TotalEnergies pr\u00e9sentait ensuite \u00e0 l\u2019administration pour prouver qu\u2019elle remplissait ses obligations.<\/p>\n<h2 class=\"spip\">Des \u00e9conomies d\u2019\u00e9nergie largement exag\u00e9r\u00e9es<\/h2>\n<p>Probl\u00e8me\u00a0: les \u00e9conomies d\u2019\u00e9nergie qui justifient ce montage ont \u00e9t\u00e9 largement exag\u00e9r\u00e9es et insuffisamment argument\u00e9es, a estim\u00e9 <a target=\"_blank\" href=\"https:\/\/www.conseil-etat.fr\/fr\/arianeweb\/CE\/decision\/2024-06-25\/470893\" class=\"spip_out\" rel=\"external\">le Conseil d\u2019\u00c9tat<\/a> dans sa d\u00e9cision du 25\u00a0juin 2024. Blablacar, pour capter une partie la manne des <span class=\"caps\">CEE<\/span>, et TotalEnergies pour obtenir des certificats \u00e0 bon prix, ont <a target=\"_blank\" href=\"https:\/\/reporterre.net\/Covoiturage-Blablacar-et-TotalEnergies-ont-exagere-sur-leurs-economies-d-energie\">r\u00e9ussi \u00e0 faire adopter<\/a> par le gouvernement un mode de calcul des \u00e9conomies d\u2019\u00e9nergie r\u00e9alis\u00e9e gr\u00e2ce au covoiturage en leur faveur. L\u2019\u00c9tat ne s\u2019est pas content\u00e9 d\u2019\u00e9couter le duo mais a pris un d\u00e9cret <i>\u00ab<small class=\"fine d-inline\">\u00a0<\/small>coup de pouce<small class=\"fine d-inline\">\u00a0<\/small>\u00bb<\/i> pour encore gonfler ces \u00e9conomies d\u2019\u00e9nergie virtuelles.<\/p>\n<p>Au bout du compte, pour l\u2019ann\u00e9e 2023, chaque nouvel inscrit sur la plateforme de covoiturage longue distance \u00e9tait <i>\u00ab<small class=\"fine d-inline\">\u00a0<\/small>vendu<small class=\"fine d-inline\">\u00a0<\/small>\u00bb<\/i> par Blablacar comme l\u2019\u00e9quivalent de&#8230; 42\u00a0000 km de voiture \u00e9vit\u00e9s.<\/p>\n<p>Selon les chiffres communiqu\u00e9s en juin par Blablacar \u00e0 <i>Reporterre<\/i>, l\u2019op\u00e9ration lui a rapport\u00e9 90\u00a0millions d\u2019euros en 2023. Un tiers de cette somme a \u00e9t\u00e9 revers\u00e9 aux <a target=\"_blank\" href=\"https:\/\/drive.google.com\/file\/d\/1OgdNjdvY_pQCwnWyJG1FiCv5LBF61MUY\/view\" class=\"spip_out\" rel=\"external\">491\u00a0000 nouveaux inscrits<\/a>. Le g\u00e9ant fran\u00e7ais du covoiturage conservait n\u00e9anmoins une marge de 66<small class=\"fine d-inline\">\u00a0<\/small>% sur chaque prime.<\/p>\n<p><a target=\"_blank\" href=\"https:\/\/reporterre.net\/Covoiturage-Blablacar-et-TotalEnergies-ont-exagere-sur-leurs-economies-d-energie\" class=\"lien_lireaussi\"><strong>Lire aussi : <\/strong> <span>Covoiturage\u00a0: Blablacar et TotalEnergies ont exag\u00e9r\u00e9 sur leurs \u00e9conomies d\u2019\u00e9nergie<\/span><\/a><\/p>\n<p>C\u2019est donc une manne cons\u00e9quente qui s\u2019est envol\u00e9e depuis le mois de juin et la d\u00e9cision du Conseil d\u2019\u00c9tat. Une r\u00e9\u00e9criture du mode de calcul a \u00e9t\u00e9 finalis\u00e9e fin d\u00e9cembre, avec des \u00e9conomies d\u2019\u00e9nergie 2,6 fois moins importantes que dans la premi\u00e8re version. Elle est d\u00e9sormais en attente d\u2019une validation par l\u2019administration, dans <a target=\"_blank\" href=\"https:\/\/reporterre.net\/La-caisse-noire-de-la-transition-energetique-six-milliards-d-euros-au-coeur-d-une-guerre\">un climat d\u2019incertitude politique et de guerre d\u2019influence autour des certificats d\u2019\u00e9conomies d\u2019\u00e9nergie<\/a>.<\/p>\n<h2 class=\"spip\">Les finances de Blablacar sont un secret bien gard\u00e9<\/h2>\n<p>Contact\u00e9 par <i>Reporterre<\/i>, Blablacar reconna\u00eet que sa rentabilit\u00e9 est \u00e9troitement li\u00e9e aux certificats d\u2019\u00e9conomie d\u2019\u00e9nergie, mais r\u00e9fute toute surestimation. La d\u00e9cision du Conseil d\u2019\u00c9tat r\u00e9sulte selon elle d\u2019un d\u00e9faut de justification.<\/p>\n<p><i>\u00ab<small class=\"fine d-inline\">\u00a0<\/small>Les certificats d\u2019\u00e9conomie d\u2019\u00e9nergie ont permis de multiplier par vingt le nombre de covoiturages en dix ans,<\/i> vante Blablacar. <i>Face \u00e0 l\u2019urgence de d\u00e9carboner nos mobilit\u00e9s, est-il acceptable de renoncer \u00e0 des dispositifs pollueurs-payeurs qui ont d\u00e9montr\u00e9 leur efficacit\u00e9 et qui ne p\u00e8sent pas sur le budget de l\u2019\u00c9tat<small class=\"fine d-inline\">\u00a0<\/small>?<small class=\"fine d-inline\">\u00a0<\/small>\u00bb<\/i><\/p>\n<p>Les finances de Blablacar sont un secret bien gard\u00e9. L\u2019entreprise fran\u00e7aise est quasiment monopolistique sur le covoiturage longue distance en France et \u00e9tend sa toile \u00e0 l\u2019internationale \u00e0 une vitesse folle. Mais elle ne publie pas ses comptes de r\u00e9sultat, malgr\u00e9 l\u2019obligation l\u00e9gale.<\/p>\n<p>Le rapport du fonds <span class=\"caps\">VNV<\/span>, qui poss\u00e8de 14<small class=\"fine d-inline\">\u00a0<\/small>% de Blablacar, permet d\u2019estimer que la plateforme vaut, virtuellement, un total de 1,5\u00a0milliard d\u2019euros. Et malgr\u00e9 une ann\u00e9e 2024 <i>\u00ab<small class=\"fine d-inline\">\u00a0<\/small>difficile<small class=\"fine d-inline\">\u00a0<\/small>\u00bb, \u00ab<small class=\"fine d-inline\">\u00a0<\/small>en raison d\u2019un malheureux concours de circonstances<small class=\"fine d-inline\">\u00a0<\/small>\u00bb<\/i>, <span class=\"caps\">VNV<\/span> continue de voir l\u2019avenir de Blablacar en rose. La plateforme atteint <i>\u00ab<small class=\"fine d-inline\">\u00a0<\/small>pr\u00e8s de 100\u00a0millions de passagers dans 22 pays<small class=\"fine d-inline\">\u00a0<\/small>\u00bb<\/i> et affiche <i>\u00ab<small class=\"fine d-inline\">\u00a0<\/small>une croissance de 20 \u00e0 25<small class=\"fine d-inline\">\u00a0<\/small>% en 2024 par rapport \u00e0 l\u2019ann\u00e9e pr\u00e9c\u00e9dente<small class=\"fine d-inline\">\u00a0<\/small>\u00bb<\/i>, \u00e9crit <span class=\"caps\">VNV<\/span>.<\/p>\n<p>Les <span class=\"caps\">CEE<\/span> devraient \u00eatre rebranch\u00e9s, \u00e0 un niveau certes moindre qu\u2019en 2023, mais dans une version <i>\u00ab<small class=\"fine d-inline\">\u00a0<\/small>plus robuste<small class=\"fine d-inline\">\u00a0<\/small>\u00bb<\/i>, qui devrait <i>\u00ab<small class=\"fine d-inline\">\u00a0<\/small>g\u00e9n\u00e9rer de la valeur pour l\u2019entreprise<small class=\"fine d-inline\">\u00a0<\/small>\u00bb<\/i>, ajoute le fonds. L\u2019Espagne se lance d\u2019ailleurs \u00e0 son tour dans le syst\u00e8me des <span class=\"caps\">CEE<\/span>, <i>\u00ab<small class=\"fine d-inline\">\u00a0<\/small>ce qui transforme ce revenu [\u2026] en un mod\u00e8le d\u2019affaires.<small class=\"fine d-inline\">\u00a0<\/small>\u00bb<\/i><\/p>\n<h2 class=\"spip\">Le bilan carbone du covoiturage en question<\/h2>\n<p>Ce d\u00e9tonant succ\u00e8s financier interroge. Les financements publics et parapublics qui irriguent le covoiturage sont-ils justifi\u00e9s<small class=\"fine d-inline\">\u00a0<\/small>? Le bilan n\u2019est pas simple \u00e0 tirer. Les <a target=\"_blank\" href=\"https:\/\/app.covoiturage.beta.gouv.fr\/stats\" class=\"spip_out\" rel=\"external\">chiffres officiels<\/a>, qui montrent une nette croissance du nombre de covoitureurs depuis que des primes sont distribu\u00e9es, sont \u00e0 relativiser. Beaucoup d\u2019habitu\u00e9s du covoiturage informel se sont inscrits sur les plateformes pour profiter de la prime.<\/p>\n<p>Les vertus \u00e9cologiques du covoiturage m\u00e9ritent \u00e9galement d\u2019\u00eatre questionn\u00e9es. Les \u00e9tudes sont nombreuses et parfois contradictoires, mais la <a target=\"_blank\" href=\"https:\/\/www.consultations-publiques.developpement-durable.gouv.fr\/IMG\/pdf\/vf_tra_se_114_fiche_de_calcul_en_vue_du_cse_de_decembre_2024.pdf\" class=\"spip_out\" rel=\"external\">plus r\u00e9cente, vers\u00e9e en novembre 2024<\/a> aux travaux pr\u00e9paratoires de la nouvelle fiche <span class=\"caps\">CEE<\/span> <i>\u00ab<small class=\"fine d-inline\">\u00a0<\/small>covoiturage longue distance<small class=\"fine d-inline\">\u00a0<\/small>\u00bb<\/i>, indique que le d\u00e9veloppement du covoiturage se fait principalement au d\u00e9triment\u2026 du train. Le cabinet d\u2019\u00e9tude Kantar, sous l\u2019\u00e9gide de l\u2019Ademe, l\u2019agence gouvernementale de la transition \u00e9cologique, a interrog\u00e9 11\u00a0000 covoitureurs de Blablacar. Les passagers ne sont que 11,7<small class=\"fine d-inline\">\u00a0<\/small>% \u00e0 avoir choisi le covoiturage en remplacement d\u2019un trajet \u00e0 bord de leur v\u00e9hicule personnel.<\/p>\n<p>Si, gr\u00e2ce aux revenus tir\u00e9s du covoiturage, des conducteurs d\u00e9cident de prendre plus souvent leur voiture, une tendance d\u00e9j\u00e0 observ\u00e9e, le bilan carbone de l\u2019op\u00e9ration sera donc n\u00e9gatif.<\/p>\n<p><a target=\"_blank\" href=\"https:\/\/reporterre.net\/Blablacar-n-a-pas-grand-chose-d-ecolo\" class=\"lien_lireaussi\"><strong>Lire aussi : <\/strong> <span>\u00ab<small class=\"fine d-inline\">\u00a0<\/small>Blablacar n\u2019a pas grand-chose d\u2019\u00e9colo<small class=\"fine d-inline\">\u00a0<\/small>\u00bb<\/span><\/a><\/p>\n<p>En revanche, l\u2019augmentation du taux d\u2019occupation des v\u00e9hicules en circulation reste un axe d\u2019am\u00e9lioration identifi\u00e9 par la plupart des sc\u00e9narios de d\u00e9carbonation des transports. <i>\u00ab<small class=\"fine d-inline\">\u00a0<\/small>C\u2019est tout le drame de la situation\u00a0: l\u2019augmentation du taux d\u2019occupation est indispensable pour la transition. C\u2019est pour cela qu\u2019il faut que le d\u00e9veloppement du covoiturage soit une politique publique, avec un pilotage dans l\u2019int\u00e9r\u00eat g\u00e9n\u00e9ral, loin de ce que font actuellement certains leaders du secteur. Une politique publique plus structurelle \u00e9merge, mais trop lentement et trop timidement<small class=\"fine d-inline\">\u00a0<\/small>\u00bb<\/i>, dit Thomas Matagne, pr\u00e9sident d\u2019Ecov, une entreprise solidaire qui d\u00e9veloppe des lignes de covoiturage.<\/p>\n<p>Toujours est-il que le covoiturage figure en bonne place dans l\u2019argumentaire de <i>greenwashing<\/i> d\u00e9ploy\u00e9 par TotalEnergies, <a target=\"_blank\" href=\"https:\/\/www.vinci-autoroutes.com\/fr\/conseils\/ecomobilite\/covoiturage-autoroute\/\" class=\"spip_out\" rel=\"external\">Vinci<\/a>, ou d\u2019autres acteurs li\u00e9s \u00e0 la voiture. Comme un moyen de pr\u00e9server une place pour la voiture dans la transition \u00e9cologique.<\/p>\n<aside class=\"boite_encarts\">\n<div class=\"encart encart_gris noprint\">\n<p><strong>Puisque vous \u00eates l\u00e0&#8230;<\/strong><\/p>\n<p>&#8230; nous avons un petit service \u00e0 vous demander.<br class=\"autobr\"\/><br \/>\nEntre la pr\u00e9sence d\u2019un climatosceptique \u00e0 la t\u00eate de la premi\u00e8re puissance mondiale, un gouvernement fran\u00e7ais qui flirte avec l\u2019extr\u00eame-droite, et les catastrophes climatiques qui s\u2019enchainent&#8230; Faire vivre l\u2019\u00e9cologie dans le d\u00e9bat public est un enjeu crucial.<\/p>\n<p>Personne ne modifie ce que nous publions. Nous n\u2019avons ni actionnaire, ni propri\u00e9taire milliardaire \u2014 seulement une \u00e9quipe d\u2019irr\u00e9ductibles journalistes, pleine de d\u00e9termination.<\/p>\n<p>Nous avons la conviction que l\u2019urgence \u00e9cologique est l\u2019enjeu majeur de notre \u00e9poque. Et comme plus de 2 millions de lectrices et lecteurs chaque mois, vous partagez sans doute cette conviction&#8230;<\/p>\n<p><strong>Depuis 12 ans, nous publions des articles de qualit\u00e9 sur l\u2019\u00e9cologie, en acc\u00e8s libre et sans publicit\u00e9, pour tous.<\/strong><br class=\"autobr\"\/><br \/>\nMais ce travail demande beaucoup de temps et de ressources.<\/p>\n<p>Alors, si vous en avez les moyens, sachez qu\u2019un don, m\u00eame d\u20191\u20ac, est un acte de soutien fort pour l\u2019\u00e9cologie et le journalisme ind\u00e9pendant.<br class=\"autobr\"\/><br \/>\n(Et \u00e7a vous prendra moins de temps que la lecture de ce texte).<\/p>\n<p><strong>Si vous le pouvez, choisissez un soutien mensuel. Merci.<\/strong><\/p>\n<p><a target=\"_blank\" href=\"https:\/\/reporterre.net\/dons\" class=\"bt_soutenir\">Je soutiens <i>Reporterre<\/i><\/a><\/p>\n<\/p><\/div>\n<div class=\"encart encart_vert noprint montre_1023\">\n<div class=\"infolettre-form-container noprint\">\n<p>Abonnez-vous \u00e0 la lettre d\u2019info de Reporterre<\/p>\n<\/div><\/div>\n<\/aside>\n<aside class=\"boite_apresarticle encart_note\">\n<h4>Apr\u00e8s cet article<\/h4>\n<p>      <a target=\"_blank\" href=\"https:\/\/reporterre.net\/Covoiturage-Blablacar-et-TotalEnergies-ont-exagere-sur-leurs-economies-d-energie\" class=\"lien_article\">\n      <picture class=\"vignette_gauche\"><source type=\"image\/webp\" srcset=\"https:\/\/reporterre.net\/local\/cache-vignettes\/L450xH300\/afp__20160426__9z6cw__v1__highres__francetransportautomobilecarsharing_1_1_-4bee3.jpg@.webp?1737375588\"><img decoding=\"async\" src=\"https:\/\/reporterre.net\/local\/cache-vignettes\/L450xH300\/afp__20160426__9z6cw__v1__highres__francetransportautomobilecarsharing_1_1_-4bee3.jpg?1737375588\" width=\"450\" height=\"300\" alt=\"\" class=\"marge12\" loading=\"lazy\"\/><br \/>\n<\/source><\/picture>\n<p class=\"libelle\">\n<p>      Transports\n    <\/p>\n<p class=\"titre pol20\">Covoiturage\u00a0: Blablacar et TotalEnergies ont exag\u00e9r\u00e9 sur leurs \u00e9conomies d\u2019\u00e9nergie<\/p>\n<p>      <\/a><br \/>\n    <\/aside>\n<aside class=\"boite_complement texte\">\n<p>      <!-- zone_forum --><br \/>\n          <\/aside>\n<aside class=\"boite_lireaussi noprint\">\n<\/aside>\n<aside class=\"colonne\">\n<div class=\"article_info cache_1023 noprint\">\n<p>    <span class=\"date\">12 f\u00e9vrier 2025  \u00e0 16h22<\/span><\/p>\n<p>    <span class=\"date_modif\">Mis \u00e0 jour le 12 f\u00e9vrier 2025 \u00e0 19h59<\/span>      <\/p>\n<p class=\"duree_lecture\">\n        Dur\u00e9e de lecture : 6 minutes\n      <\/p>\n<\/p><\/div>\n<div class=\"bloc_infolettre\">\n<div class=\"infolettre-form-container noprint\">\n<p>Abonnez-vous \u00e0 la lettre d\u2019info de Reporterre<\/p>\n<\/div><\/div>\n<\/aside>\n<div id=\"galerie\">\n  <img decoding=\"async\" src=\"\" class=\"principale\" id=\"principale\"\/><\/p>\n<p id=\"legende\">legende<\/p>\n<\/div>\n<footer class=\"noprint\">\n<\/footer>\n<\/div>\n<p><br \/>\n<br \/><a href=\"https:\/\/reporterre.net\/Chez-Blablacar-la-degringolade-apres-l-arret-des-primes-covoiturage\" target=\"_blank\"\">Source link <\/a><\/p>\n","protected":false},"excerpt":{"rendered":"<p>Gros coup de frein en plein exc\u00e8s de vitesse. La d\u00e9cision du Conseil d\u2019\u00c9tat, il y a sept mois, de suspendre la \u00ab\u00a0prime covoiturage\u00a0\u00bb de 100 euros et l\u2019instrument financier&hellip; <\/p>\n","protected":false},"author":1,"featured_media":2515,"comment_status":"open","ping_status":"open","sticky":false,"template":"","format":"standard","meta":{"footnotes":""},"categories":[1],"tags":[],"class_list":["post-2514","post","type-post","status-publish","format-standard","has-post-thumbnail","hentry","category-non-classe"],"_links":{"self":[{"href":"https:\/\/monde25.info\/index.php\/wp-json\/wp\/v2\/posts\/2514","targetHints":{"allow":["GET"]}}],"collection":[{"href":"https:\/\/monde25.info\/index.php\/wp-json\/wp\/v2\/posts"}],"about":[{"href":"https:\/\/monde25.info\/index.php\/wp-json\/wp\/v2\/types\/post"}],"author":[{"embeddable":true,"href":"https:\/\/monde25.info\/index.php\/wp-json\/wp\/v2\/users\/1"}],"replies":[{"embeddable":true,"href":"https:\/\/monde25.info\/index.php\/wp-json\/wp\/v2\/comments?post=2514"}],"version-history":[{"count":0,"href":"https:\/\/monde25.info\/index.php\/wp-json\/wp\/v2\/posts\/2514\/revisions"}],"wp:featuredmedia":[{"embeddable":true,"href":"https:\/\/monde25.info\/index.php\/wp-json\/wp\/v2\/media\/2515"}],"wp:attachment":[{"href":"https:\/\/monde25.info\/index.php\/wp-json\/wp\/v2\/media?parent=2514"}],"wp:term":[{"taxonomy":"category","embeddable":true,"href":"https:\/\/monde25.info\/index.php\/wp-json\/wp\/v2\/categories?post=2514"},{"taxonomy":"post_tag","embeddable":true,"href":"https:\/\/monde25.info\/index.php\/wp-json\/wp\/v2\/tags?post=2514"}],"curies":[{"name":"wp","href":"https:\/\/api.w.org\/{rel}","templated":true}]}}