{"id":25144,"date":"2026-03-12T04:46:41","date_gmt":"2026-03-12T03:46:41","guid":{"rendered":"https:\/\/monde25.info\/index.php\/2026\/03\/12\/ladministration-trump-poursuivie-en-justice-pour-avoir-mis-fin-au-statut-de-protection-temporaire-des-somaliens-rt-en-francais\/"},"modified":"2026-03-12T04:46:41","modified_gmt":"2026-03-12T03:46:41","slug":"ladministration-trump-poursuivie-en-justice-pour-avoir-mis-fin-au-statut-de-protection-temporaire-des-somaliens-rt-en-francais","status":"publish","type":"post","link":"https:\/\/monde25.info\/index.php\/2026\/03\/12\/ladministration-trump-poursuivie-en-justice-pour-avoir-mis-fin-au-statut-de-protection-temporaire-des-somaliens-rt-en-francais\/","title":{"rendered":"L&rsquo;administration Trump poursuivie en justice pour avoir mis fin au statut de protection temporaire des Somaliens \u2014 RT en fran\u00e7ais"},"content":{"rendered":"<p> <br \/>\n<br \/><img decoding=\"async\" src=\"https:\/\/mf.b37mrtl.ru\/french\/images\/2026.03\/thumbnail\/69b185b26f7ccc7ad37e39ef.jpg\" \/><\/p>\n<div>\n<p class=\"text__summary\">\n                                        Des migrants somaliens et des organisations de d\u00e9fense des droits humains ont d\u00e9pos\u00e9 une plainte f\u00e9d\u00e9rale contre les expulsions ill\u00e9gales vers un pays en proie \u00e0 un conflit arm\u00e9 et \u00e0 une crise humanitaire, a annonc\u00e9 la presse am\u00e9ricaine le 10 mars. Pour la S\u00e9curit\u00e9 int\u00e9rieure, la situation somalienne remplissait les crit\u00e8res de lev\u00e9e du statut.\n                                    <\/p>\n<\/div>\n<p><br \/>\n<br \/><a href=\"https:\/\/francais.rt.com\/news\/131603-administration-trump-poursuivie-justice-pour-avoir-mis-fin-statut-protection-temporaire-somaliens\" target=\"_blank\"\">Source link <\/a><\/p>\n","protected":false},"excerpt":{"rendered":"<p>Des migrants somaliens et des organisations de d\u00e9fense des droits humains ont d\u00e9pos\u00e9 une plainte f\u00e9d\u00e9rale contre les expulsions ill\u00e9gales vers un pays en proie \u00e0 un conflit arm\u00e9 et&hellip; <\/p>\n","protected":false},"author":1,"featured_media":25145,"comment_status":"open","ping_status":"open","sticky":false,"template":"","format":"standard","meta":{"footnotes":""},"categories":[1],"tags":[],"class_list":["post-25144","post","type-post","status-publish","format-standard","has-post-thumbnail","hentry","category-non-classe"],"_links":{"self":[{"href":"https:\/\/monde25.info\/index.php\/wp-json\/wp\/v2\/posts\/25144","targetHints":{"allow":["GET"]}}],"collection":[{"href":"https:\/\/monde25.info\/index.php\/wp-json\/wp\/v2\/posts"}],"about":[{"href":"https:\/\/monde25.info\/index.php\/wp-json\/wp\/v2\/types\/post"}],"author":[{"embeddable":true,"href":"https:\/\/monde25.info\/index.php\/wp-json\/wp\/v2\/users\/1"}],"replies":[{"embeddable":true,"href":"https:\/\/monde25.info\/index.php\/wp-json\/wp\/v2\/comments?post=25144"}],"version-history":[{"count":0,"href":"https:\/\/monde25.info\/index.php\/wp-json\/wp\/v2\/posts\/25144\/revisions"}],"wp:featuredmedia":[{"embeddable":true,"href":"https:\/\/monde25.info\/index.php\/wp-json\/wp\/v2\/media\/25145"}],"wp:attachment":[{"href":"https:\/\/monde25.info\/index.php\/wp-json\/wp\/v2\/media?parent=25144"}],"wp:term":[{"taxonomy":"category","embeddable":true,"href":"https:\/\/monde25.info\/index.php\/wp-json\/wp\/v2\/categories?post=25144"},{"taxonomy":"post_tag","embeddable":true,"href":"https:\/\/monde25.info\/index.php\/wp-json\/wp\/v2\/tags?post=25144"}],"curies":[{"name":"wp","href":"https:\/\/api.w.org\/{rel}","templated":true}]}}