{"id":25152,"date":"2026-03-12T13:01:39","date_gmt":"2026-03-12T12:01:39","guid":{"rendered":"https:\/\/monde25.info\/index.php\/2026\/03\/12\/leffet-dunning-kruger-au-sommet-de-letat-surconfiance-absence-de-honte-et-volte-face-couteuses-pour-la-france\/"},"modified":"2026-03-12T13:01:39","modified_gmt":"2026-03-12T12:01:39","slug":"leffet-dunning-kruger-au-sommet-de-letat-surconfiance-absence-de-honte-et-volte-face-couteuses-pour-la-france","status":"publish","type":"post","link":"https:\/\/monde25.info\/index.php\/2026\/03\/12\/leffet-dunning-kruger-au-sommet-de-letat-surconfiance-absence-de-honte-et-volte-face-couteuses-pour-la-france\/","title":{"rendered":"L&rsquo;effet Dunning-Kruger au sommet de l&rsquo;Etat: surconfiance, absence de honte et volte-face co\u00fbteuses pour la France"},"content":{"rendered":"<p> <br \/>\n<\/p>\n<div>\n<p>L&rsquo;effet Dunning-Kruger repr\u00e9sente un biais cognitif bien document\u00e9, o\u00f9 les individus les moins comp\u00e9tents dans un domaine donn\u00e9 surestiment souvent leurs capacit\u00e9s, tandis que les plus qualifi\u00e9s tendent \u00e0 sous-estimer les leurs, en supposant que ce qui leur semble facile l&rsquo;est \u00e9galement pour autrui. <a target=\"_blank\" href=\"https:\/\/fr.wikipedia.org\/wiki\/Effet_Dunning-Kruger\">D\u00e9couvert en 1999 par les psychologues David Dunning et Justin Kruger \u00e0 l&rsquo;Universit\u00e9 Cornell<\/a>, <a target=\"_blank\" href=\"https:\/\/www.avaresearch.com\/files\/UnskilledAndUnawareOfIt.pdf\"><strong>cet effet s&rsquo;inspire d&rsquo;un cas absurde<\/strong><\/a> : un braqueur de banque qui s&rsquo;\u00e9tait enduit le visage de jus de citron, convaincu que cela le rendrait invisible aux cam\u00e9ras de surveillance, <a target=\"_blank\" href=\"https:\/\/eveprogramme.com\/ressources\/articles\/c-est-quoi-l-effet-dunning-kruger-ou-une-autre-facon-de-penser-le-syndrome-de-l-imposteur\/\"><strong>illustrant une confiance d\u00e9mesur\u00e9e malgr\u00e9 une incomp\u00e9tence flagrante<\/strong><\/a>. Des \u00e9tudes ult\u00e9rieures ont confirm\u00e9 ce ph\u00e9nom\u00e8ne dans divers domaines, y compris la politique, o\u00f9 il se manifeste par une arrogance destructrice chez certains leaders qui affichent une assurance tous azimuts sur des sujets complexes hors de leur expertise principale. Emmanuel Macron, pr\u00e9sident fran\u00e7ais depuis 2017, form\u00e9 en philosophie et en finances, incarne parfaitement cette surconfiance, se positionnant fr\u00e9quemment comme un expert polyvalent, que ce soit en biologie des vaccins ou en strat\u00e9gie g\u00e9opolitique, sans admettre ses erreurs pass\u00e9es ni exprimer de remords.<\/p>\n<p>Cette absence de honte, <a target=\"_blank\" href=\"https:\/\/information.tv5monde.com\/france\/au-sommet-du-nucleaire-une-vingtaine-de-pays-appellent-accelerer-leffort-dinvestissement-2812964\">coupl\u00e9e \u00e0 des revirements opportunistes co\u00fbteux<\/a>, <strong>m\u00e9prise souvent la science et impose une autorit\u00e9 brutale<\/strong>, au d\u00e9triment des citoyens et des institutions d\u00e9mocratiques. Comme le soulignent des analyses sur les r\u00e9seaux sociaux, cet effet alimente une \u00ab\u00a0<em>kakistocratie<\/em>\u00a0\u00bb \u2013 un gouvernement des pires \u2013 o\u00f9 les incomp\u00e9tents sont promus pour leur soumission, amplifiant les dysfonctionnements. Les articles, tels que \u00ab\u00a0<a target=\"_blank\" href=\"https:\/\/www.francesoir.fr\/opinions-editos\/je-suis-malade-completement-malade-premiere-partie\"><em>Je suis malade !\u00a0<\/em><\/a>\u00bb ou \u00ab\u00a0<a target=\"_blank\" href=\"https:\/\/edition.francesoir.fr\/opinions-editos\/macron-t-il-aussi-rendu-malade-ses-concitoyens-en-mettant-en-place-une-maltraitance\"><em>Macron a-t-il rendu malades ses concitoyens ?<\/em><\/a>\u00a0\u00bb, d\u00e9peignent un <strong>pr\u00e9sident<\/strong> isol\u00e9, <a target=\"_blank\" href=\"https:\/\/edition.francesoir.fr\/politique-france-societe-justice-sante\/macron-sous-le-scalpel-l-elysee-menace-france-soir-pour\"><strong>potentiellement instable mentalement, obs\u00e9d\u00e9 par le pouvoir<\/strong><\/a>, qui rationalise ses escalades sans introspection, renfor\u00e7ant l&rsquo;id\u00e9e d&rsquo;une pathologie narcissique o\u00f9 <a target=\"_blank\" href=\"https:\/\/www.publicsenat.fr\/actualites\/economie\/nucleaire-civil-lheure-est-a-laction-pour-emmanuel-macron\"><strong>l&rsquo;id\u00e9ologie supplante les faits<\/strong><\/a>.<\/p>\n<p><img decoding=\"async\" data-entity-uuid=\"e930e5f8-154b-4a4e-a004-76af2bc802eb\" data-entity-type=\"file\" alt=\"EDK\" width=\"701\" height=\"391\" class=\"align-center lazyload\" loading=\"lazy\" src=\"https:\/\/www.francesoir.fr\/sites\/default\/files\/inline-images\/20260312FSDK%20%2813%29.png\"\/><\/p>\n<p>\u00a0<\/p>\n<h5><strong>Historique et mise en perspective : du biais cognitif \u00e0 la politique infaillible<\/strong><\/h5>\n<p>L&rsquo;effet Dunning-Kruger est <a target=\"_blank\" href=\"https:\/\/mindthegraph.com\/blog\/fr\/dunning-kruger-effect\/\"><strong>ancr\u00e9 dans une d\u00e9faillance m\u00e9tacognitive<\/strong><\/a> : les incomp\u00e9tents ne reconnaissent pas leurs erreurs car ils manquent des outils pour les \u00e9valuer correctement. Il s&rsquo;appuie sur <a target=\"_blank\" href=\"https:\/\/oce.uqam.ca\/biais-cognitifs-en-formation-comment-intervenir-face-au-biais-dautomatisation-et-a-leffet-dunning-kruger-chez-les-formateurs-et-les-apprenant%C2%B7es\/\">d&rsquo;autres biais<\/a>, comme le biais de confirmation, o\u00f9 l&rsquo;on privil\u00e9gie les informations renfor\u00e7ant nos croyances pr\u00e9existantes, ou <a target=\"_blank\" href=\"https:\/\/en.shortcogs.com\/biais\/effet-dunning-kruger\">le biais de surconfiance<\/a>, qui amplifie <a target=\"_blank\" href=\"https:\/\/www.lesechos.fr\/travailler-mieux\/vie-au-travail\/ils-devaient-faire-le-reporting-et-ils-ne-savaient-meme-pas-utiliser-une-formule-de-base-sur-excel-comment-reconnaitre-un-collegue-incompetent-2219459\"><strong>l&rsquo;auto-\u00e9valuation positive chez les moins qualifi\u00e9s<\/strong><\/a>. En politique, ces m\u00e9canismes cr\u00e9ent un \u00ab\u00a0<em>effet de plateau<\/em>\u00a0\u00bb : une confiance initiale \u00e9lev\u00e9e chute face \u00e0 la r\u00e9alit\u00e9, mais pas avant d&rsquo;avoir caus\u00e9 des dommages consid\u00e9rables.<\/p>\n<p><img decoding=\"async\" data-entity-uuid=\"a650137f-c1d3-43a2-82ef-d1a7ef2c6f65\" data-entity-type=\"file\" alt=\"EDK\" width=\"700\" height=\"391\" class=\"align-center lazyload\" loading=\"lazy\" src=\"https:\/\/www.francesoir.fr\/sites\/default\/files\/inline-images\/20260312FSDK%20%284%29.png\"\/><\/p>\n<p>Chez Macron, ce \u00ab\u00a0<em>biais du politique infaillible<\/em>\u00a0\u00bb est amplifi\u00e9 par des gaffes r\u00e9currentes r\u00e9v\u00e9lant une d\u00e9connexion profonde avec la r\u00e9alit\u00e9. Par exemple,<a target=\"_blank\" href=\"https:\/\/www.ouest-france.fr\/politique\/emmanuel-macron\/de-foutre-le-bordel-ceux-qui-ne-sont-rien-6-phrases-polemiques-d-emmanuel-macron-5293359\"> en 2018, il a d\u00e9clar\u00e9 \u00e0 un jeune ch\u00f4meur<\/a> : \u00ab\u00a0<em>Je traverse la rue, je vous trouve du travail<\/em>\u00a0\u00bb, sous-entendant que l&#8217;emploi est une simple question de motivation plut\u00f4t qu&rsquo;un probl\u00e8me structurel \u00e9conomique, une <a target=\"_blank\" href=\"https:\/\/francais.medscape.com\/voirarticle\/3607357?form=fpf\"><strong>affirmation critiqu\u00e9e pour son arrogance et son m\u00e9pris apparent<\/strong><\/a>.<\/p>\n<p><img decoding=\"async\" data-entity-uuid=\"d50c5af8-785e-47be-9215-4c4d39e9d34a\" data-entity-type=\"file\" alt=\"EDK\" width=\"705\" height=\"394\" class=\"align-center lazyload\" loading=\"lazy\" src=\"https:\/\/www.francesoir.fr\/sites\/default\/files\/inline-images\/20260312FSDK%20%285%29.png\"\/><\/p>\n<p>D&rsquo;autres phrases, comme \u00ab\u00a0<em>Les Gaulois r\u00e9fractaires au changement<\/em>\u00a0\u00bb ou \u00ab\u00a0<em>On met un pognon de dingue dans les minima sociaux<\/em>\u00a0\u00bb, ont renforc\u00e9 l&rsquo;image d&rsquo;un pr\u00e9sident per\u00e7u <a target=\"_blank\" href=\"https:\/\/www.dailymotion.com\/video\/x9uazv4\"><strong>comme m\u00e9prisant par 73 % des Fran\u00e7ais en 2026<\/strong><\/a>, illustrant comment une surconfiance m\u00e8ne \u00e0 des jugements h\u00e2tifs typiques de cet effet, o\u00f9 l&rsquo;absence de doute masque une compr\u00e9hension superficielle des enjeux soci\u00e9taux.<\/p>\n<p>Des <a target=\"_blank\" href=\"https:\/\/x.com\/LeodMac47135\/status\/2031429598982951051?s=20\">threads viraux sur X<\/a> soulignent que cet effet est exacerb\u00e9 par l&rsquo;IA, o\u00f9 des utilisateurs surestiment leur savoir en d\u00e9l\u00e9guant \u00e0 des outils comme ChatGPT sans r\u00e9elle compr\u00e9hension, un parall\u00e8le avec la posture de Macron qui \u00ab\u00a0<em>brasse<\/em>\u00a0\u00bb des informations vitales sans en mesurer les nuances.<\/p>\n<p><strong>\u00a0<\/strong><\/p>\n<h5><strong>Le revirement nucl\u00e9aire : id\u00e9ologie vs. science, un cynisme sans scrupules<\/strong><\/h5>\n<p>Le <a target=\"_blank\" href=\"https:\/\/reporterre.net\/Les-contre-verites-d-Emmanuel-Macron-sur-le-nucleaire\">revirement spectaculaire<\/a> d&rsquo;Emmanuel Macron <a target=\"_blank\" href=\"https:\/\/www.francesoir.fr\/politique-france-societe-economie-science-tech\/le-revirement-nucleaire-de-macron-une-volte-face\">sur le nucl\u00e9aire civil constitue un exemple embl\u00e9matique de surconfiance id\u00e9ologique<\/a> ignorant la science et <a target=\"_blank\" href=\"https:\/\/www.lesechos.fr\/idees-debats\/cercle\/opinion-nucleaire-les-raisons-dun-revirement-1360768\">g\u00e9n\u00e9rant des co\u00fbts exorbitants pour la France<\/a>. En 2017, Macron promettait une r\u00e9duction drastique de la part du nucl\u00e9aire dans le mix \u00e9nerg\u00e9tique fran\u00e7ais, visant 50 % d&rsquo;ici 2025, avec la fermeture de 14 r\u00e9acteurs, dont Fessenheim en 2020, pour privil\u00e9gier les \u00e9nergies renouvelables intermittentes suite \u00e0 l&rsquo;accident de Fukushima. Cette politique, influenc\u00e9e par des concessions \u00e9lectorales aux \u00e9cologistes anti-nucl\u00e9aires comme Nicolas Hulot et Barbara Pompili, ignorait d\u00e9j\u00e0 des faits scientifiques \u00e9tablis : le nucl\u00e9aire \u00e9met seulement 3,7 g de CO\u2082eq par kWh selon l&rsquo;analyse du cycle de vie d&rsquo;EDF en 2022, bien en de\u00e7\u00e0 des 10-26 g pour l&rsquo;\u00e9olien ou des 30-85 g pour le solaire. \u00a0Pourtant, en mars 2026, lors du Sommet sur l&rsquo;\u00c9nergie Nucl\u00e9aire \u00e0 Paris, Macron a parad\u00e9 en <a target=\"_blank\" href=\"https:\/\/www.connaissancedesenergies.org\/afp\/emmanuel-macron-vante-le-nucleaire-comme-facteur-d-independance-face-aux-secousses-du-petrole-260310\"><strong>vantant les 57 r\u00e9acteurs fran\u00e7ais<\/strong><\/a> et une production record de 370 TWh en 2025, pr\u00e9sentant le nucl\u00e9aire comme <strong>un pilier de l&rsquo;ind\u00e9pendance \u00e9nerg\u00e9tique et de la d\u00e9carbonation<\/strong>, appelant \u00e0 des investissements massifs sans admettre que cette volte-face opportuniste, motiv\u00e9e par la crise \u00e9nerg\u00e9tique post-invasion russe en Ukraine, co\u00fbtait cher en coh\u00e9rence politique.<\/p>\n<p><img decoding=\"async\" data-entity-uuid=\"8d635cd6-6179-48c2-8559-b45ccf9edcc7\" data-entity-type=\"file\" alt=\"EDK\" width=\"706\" height=\"394\" class=\"align-center lazyload\" loading=\"lazy\" src=\"https:\/\/www.francesoir.fr\/sites\/default\/files\/inline-images\/20260312FSDK%20%286%29.png\"\/><\/p>\n<p>Cette pirouette cynique, qualifi\u00e9e de \u00ab\u00a0<em>tr\u00e8s co\u00fbteuse pour la France<\/em>\u00a0\u00bb, n&rsquo;est accompagn\u00e9e d&rsquo;aucun remords ni d&rsquo;excuses pour les erreurs pass\u00e9es. La fermeture de Fessenheim, s\u00e9curis\u00e9e jusqu&rsquo;en 2040, a co\u00fbt\u00e9 400 millions d&rsquo;euros en compensations \u00e0 EDF et entra\u00een\u00e9 une perte annuelle de 10 TWh, \u00e9quivalente \u00e0 la consommation de 2 millions de m\u00e9nages, for\u00e7ant des importations d&rsquo;\u00e9lectricit\u00e9 fossile qui ont gonfl\u00e9 les factures des m\u00e9nages jusqu&rsquo;\u00e0 20 % et augment\u00e9 les \u00e9missions de CO\u2082.Les retards sur l&rsquo;EPR de Flamanville ont d\u00e9pass\u00e9 19 milliards d&rsquo;euros, et le nouveau programme de six EPR2, r\u00e9vis\u00e9 \u00e0 72,8 milliards d&rsquo;euros en 2024, ajoute \u00e0 une dette globale d&rsquo;EDF avoisinant les 100 milliards d&rsquo;euros sur la d\u00e9cennie.<\/p>\n<p><img decoding=\"async\" data-entity-uuid=\"587d8afe-7a2e-4bbf-bbc4-99bf74a3b06c\" data-entity-type=\"file\" alt=\"EDK\" width=\"701\" height=\"391\" class=\"align-center lazyload\" loading=\"lazy\" src=\"https:\/\/www.francesoir.fr\/sites\/default\/files\/inline-images\/20260312FSDK%20%287%29.png\"\/><\/p>\n<p>Macron, qui se targue de lire toutes les \u00e9tudes, a pi\u00e9tin\u00e9 les expertises de l&rsquo;AIEA et du GIEC pour des int\u00e9r\u00eats politiques personnels, favorisant des subventions opaques dans l&rsquo;\u00e9olien et le solaire, une incoh\u00e9rence motiv\u00e9e par <a target=\"_blank\" href=\"https:\/\/www.francesoir.fr\/politique-france-societe-economie-science-tech\/le-revirement-nucleaire-de-macron-une-volte-face\">des \u00ab\u00a0<em>int\u00e9r\u00eats financiers<\/em>\u00a0\u00bb qui s&rsquo;inscrit dans un sch\u00e9ma plus large d&rsquo;erreurs co\u00fbteuses<\/a>, comme la dette publique explos\u00e9e \u00e0 3 500 milliards d&rsquo;euros (118 % du PIB), masqu\u00e9e par des mensonges d&rsquo;\u00c9tat sur les exemptions fiscales. Sans excuses, il continue \u00e0 parader, ignorant que <a target=\"_blank\" href=\"https:\/\/m.francesoir.fr\/politique-france\/les-francais-face-une-crise-multidimensionnelle-en-fevrier-2026-sondage-france\"><strong>73 % des Fran\u00e7ais le jugent \u00ab\u00a0<\/strong><em><strong>mauvais pr\u00e9sident<\/strong><\/em><strong>\u00a0\u00bb et 58 % r\u00e9clament sa d\u00e9mission<\/strong><\/a>, d\u00e9montrant une surconfiance qui pi\u00e9tine la rigueur scientifique pour des gains \u00e0 court terme.<\/p>\n<p><strong>\u00a0<\/strong><\/p>\n<h5><strong>L&rsquo;obligation vaccinale aux soignants : maltraitance autoritaire sans fondement scientifique objectif<\/strong><\/h5>\n<p>L&rsquo;imposition autoritaire de l&rsquo;obligation vaccinale aux soignants en juillet 2021 r\u00e9v\u00e8le un autoritarisme brutal chez Macron, impos\u00e9 sans preuves scientifiques irr\u00e9futables et en <a target=\"_blank\" href=\"https:\/\/www.francesoir.fr\/videos-les-debriefings\/analyse-des-assertions-scientifiques-demmanuel-macron-par-le-pr-peter\"><strong>ignorant d\u00e9lib\u00e9r\u00e9ment les \u00e9tudes contradictoires<\/strong><\/a><strong> disponibles<\/strong>, qu&rsquo;il ne pouvait m\u00e9conna\u00eetre en affirmant lire \u00ab\u00a0<em>toutes les \u00e9tudes<\/em>\u00a0\u00bb. Dans son allocution du 12 juillet 2021, <a target=\"_blank\" href=\"https:\/\/www.franceinfo.fr\/sante\/maladie\/coronavirus\/vaccin\/obligation-vaccinale-quen-pensent-les-soignants_4697263.html\">Macron a rendu la vaccination obligatoire pour les personnels soignants et aidants<\/a>, avec des sanctions entrant en vigueur le 15 septembre, incluant la suspension de salaire pour les non-vaccin\u00e9s, sous pr\u00e9texte de r\u00e9duire les risques nosocomiaux.<\/p>\n<p><img decoding=\"async\" data-entity-uuid=\"aeed5a89-c546-4415-a875-b60d77d41fda\" data-entity-type=\"file\" alt=\"EDK\" width=\"699\" height=\"390\" class=\"align-center lazyload\" loading=\"lazy\" src=\"https:\/\/www.francesoir.fr\/sites\/default\/files\/inline-images\/20260312FSDK%20%288%29.png\"\/><\/p>\n<p>Pourtant, <a target=\"_blank\" href=\"https:\/\/www.francesoir.fr\/politique-monde-societe-sante\/etats-unis-l-acip-met-fin-la-recommandation-universelle-du-vaccin\">des analyses ult\u00e9rieures<\/a>, comme celles de l&rsquo;ACIP aux \u00c9tats-Unis, ont montr\u00e9 une efficacit\u00e9 fortement remise en question des vaccins contre les variants, sans justification absolue pour <a target=\"_blank\" href=\"https:\/\/francais.medscape.com\/voirarticle\/3607357?form=fpf\"><strong>une coercition aussi violente<\/strong><\/a>, et des critiques ont soulign\u00e9 que cette mesure reposait sur des donn\u00e9es partielles, ignorant les d\u00e9bats sur les effets secondaires ou l&rsquo;immunit\u00e9 naturelle. \u00a0Cette <a target=\"_blank\" href=\"https:\/\/www.20minutes.fr\/sante\/3260959-20220329-covid-19-obligation-vaccinale-soignants-devenue-sujet-campagne-encore-sens\"><strong>d\u00e9cision draconienne<\/strong><\/a><strong> <\/strong>et vraisemblablement contraires aux droits fondamentaux, valid\u00e9e par le Conseil d&rsquo;\u00c9tat mais per\u00e7ue comme une \u00ab\u00a0<em>violation du consentement<\/em>\u00a0\u00bb, a suspendu des milliers de professionnels de sant\u00e9, aggravant les p\u00e9nuries hospitali\u00e8res et exacerbant une crise mentale collective, avec 2,5 millions de burn-outs, 12 millions de cas d&rsquo;anxi\u00e9t\u00e9 ou de d\u00e9pression, une hausse des suicides et une consommation d&rsquo;antid\u00e9presseurs touchant un Fran\u00e7ais sur quatre.<\/p>\n<p><img decoding=\"async\" data-entity-uuid=\"4b723487-d280-47fa-8df8-528b26a056ab\" data-entity-type=\"file\" alt=\"EDK\" width=\"694\" height=\"387\" class=\"align-center lazyload\" loading=\"lazy\" src=\"https:\/\/www.francesoir.fr\/sites\/default\/files\/inline-images\/20260312FSDK%20%289%29.png\"\/><\/p>\n<p>Sans remords ni excuses, <a target=\"_blank\" href=\"https:\/\/www.francesoir.fr\/videos-les-debriefings\/analyse-des-assertions-scientifiques-demmanuel-macron-par-le-pr-peter\"><strong>m\u00eame face \u00e0 des mensonges av\u00e9r\u00e9s comme l&rsquo;efficacit\u00e9 des vaccins<\/strong><\/a> \u00ab\u00a0<em>divisant la contagion par douze<\/em>\u00a0\u00bb en 2021 (alors que les \u00e9tudes n\u2019avaient pas test\u00e9s pour la transmission), debunk\u00e9s par des experts comme le Pr. Peter McCullough, Macron a rel\u00e9gu\u00e9 des <a target=\"_blank\" href=\"https:\/\/edition.francesoir.fr\/societe-sante-science-tech\/covid-19-l-histoire-cachee-des-traitements-precoces-une-enquete-sur-les\">alternatives comme l&rsquo;hydroxychloroquine ou l&rsquo;ivermectine<\/a> \u00e0 des \u00ab\u00a0<em>fausses rumeurs<\/em>\u00a0\u00bb, <a target=\"_blank\" href=\"https:\/\/pubmed.ncbi.nlm.nih.gov\/38024333\/\">malgr\u00e9 des succ\u00e8s rapport\u00e9s, comme \u00e0 l&rsquo;IHU de Raoult avec plus de 30 000 patients trait\u00e9s<\/a>.<\/p>\n<p>Cette erreur flagrante, <strong>r\u00e9v\u00e9latrice d&rsquo;un m\u00e9pris pour la science et les droits individuels<\/strong>, a braqu\u00e9 des milliers de soignants, certains d\u00e9clarant qu&rsquo;ils se vaccineraient \u00ab\u00a0<em>le plus tard possible<\/em>\u00a0\u00bb ou refusant cat\u00e9goriquement, d\u00e9non\u00e7ant une stigmatisation contre-productive qui infantilise les citoyens via le pass sanitaire et divise la soci\u00e9t\u00e9 en camps binaires. L&rsquo;article \u00ab\u00a0<em>Macron a-t-il rendu malades ses concitoyens ?<\/em>\u00a0\u00bb accuse ses politiques d&rsquo;avoir cr\u00e9\u00e9 une \u00ab\u00a0<em>fuite en avant maniaque<\/em>\u00a0\u00bb pour masquer les \u00e9checs, ancr\u00e9e dans une pathologie narcissique o\u00f9 il rationalise les escalades sans admettre ses fautes, \u00e9rodant la confiance avec <a target=\"_blank\" href=\"https:\/\/www.francesoir.fr\/politique-france-societe-sante-science-tech\/de-l-adhesion-la-mefiance-81-des-francais-rejettent-la\"><strong>52 % des Fran\u00e7ais attribuant leur perte de foi aux \u00ab\u00a0<\/strong><em><strong>mensonges gouvernementaux<\/strong><\/em><strong>\u00a0\u00bb<\/strong><\/a>.<\/p>\n<p>\u00a0<\/p>\n<h5><strong>L&rsquo;envoi d&rsquo;armes en Ukraine : un aventurisme sans contr\u00f4le d\u00e9mocratique<\/strong><\/h5>\n<p>Emmanuel Macron a engag\u00e9 la France dans l&rsquo;envoi d&rsquo;armes \u00e0 l&rsquo;Ukraine <a target=\"_blank\" href=\"https:\/\/www.francesoir.fr\/politique-france\/accord-franco-ukrainien-macron-attal-et-sejourne-ont-ils-sciemment-viole-la\">sans aval parlementaire formel, contournant les institutions d\u00e9mocratiques<\/a> pour un aventurisme personnel risqu\u00e9 qui expose le pays \u00e0 des escalades g\u00e9opolitiques. Depuis 2022, la France a livr\u00e9 des missiles SCALP, des chars AMX-10 et form\u00e9 des soldats ukrainiens, sans que cela n\u00e9cessite <strong>une autorisation pr\u00e9alable du Parlement, l&rsquo;article 35<\/strong> de la Constitution <a target=\"_blank\" href=\"https:\/\/www.youtube.com\/watch?v=yfgeoYWQucE\">n&rsquo;exigeant un vote que pour les d\u00e9clarations de guerre<\/a> ou les op\u00e9rations ext\u00e9rieures prolong\u00e9es au-del\u00e0 de quatre mois.<\/p>\n<p><img decoding=\"async\" data-entity-uuid=\"38e71ecf-d380-412e-aae0-91559ee5f8e2\" data-entity-type=\"file\" alt=\"EDK\" width=\"709\" height=\"396\" class=\"align-center lazyload\" loading=\"lazy\" src=\"https:\/\/www.francesoir.fr\/sites\/default\/files\/inline-images\/20260312FSDK%20%2810%29.png\"\/><\/p>\n<p>En mai 2024, Macron a autoris\u00e9 des frappes ukrainiennes sur la Russie avec des armes fran\u00e7aises et propos\u00e9 un partage nucl\u00e9aire europ\u00e9en, rejet\u00e9 par 58 % des Fran\u00e7ais, rendant potentiellement la France cobellig\u00e9rante <a target=\"_blank\" href=\"https:\/\/www.francesoir.fr\/politique-france\/resolution-d-alain-houpert-sur-les-engagements-de-la-france-en-ukraine-une-reponse\">sans d\u00e9bat exhaustif sous les articles 35 et 53 de la Constitution<\/a>. Sans honte ni remords, <strong>il persiste dans une escalade<\/strong>, ignorant les avertissements sur les risques pour un chef d&rsquo;\u00c9tat nucl\u00e9aire sous pression psychologique extr\u00eame, comme l&rsquo;a soulign\u00e9 le pr\u00e9sident du S\u00e9nat G\u00e9rard Larcher en rappelant que \u00ab\u00a0<a target=\"_blank\" href=\"https:\/\/www.youtube.com\/watch?v=yfgeoYWQucE\"><em>pas de d\u00e9claration de guerre sans le Parlement !<\/em><\/a>\u00a0\u00bb.<\/p>\n<p><img decoding=\"async\" data-entity-uuid=\"cf45b533-96ac-4331-a34b-bd7e92c17eb7\" data-entity-type=\"file\" alt=\"AH\" width=\"706\" height=\"397\" class=\"align-center lazyload\" loading=\"lazy\" src=\"https:\/\/www.francesoir.fr\/sites\/default\/files\/inline-images\/image_1072.png\"\/><\/p>\n<p>Cette opacit\u00e9, masqu\u00e9e par un narratif binaire \u00ab\u00a0<em>d\u00e9mocratie vs. Autocratie<\/em>\u00a0\u00bb, occulte les sabotages des accords de Minsk et les r\u00f4les des armes fran\u00e7aises, gonflant la dette publique par des engagements imprudents sans responsabilit\u00e9, une erreur grave qui alimente les critiques d&rsquo;un pr\u00e9sident \u00ab\u00a0<em>hors sol<\/em>\u00a0\u00bb.<\/p>\n<p>\u00a0<\/p>\n<h5><a target=\"_blank\" href=\"https:\/\/www.francesoir.fr\/politique-france\/macron-veut-labelliser-les-medias-outil-RSF\"><strong>La labellisation des m\u00e9dias : une censure pour museler les critiques<\/strong><\/a><\/h5>\n<p>Enfin, l&rsquo;id\u00e9e de <a target=\"_blank\" href=\"https:\/\/www.publicsenat.fr\/actualites\/politique\/labellisation-des-medias-la-polemique-enfle-entre-emmanuel-macron-les-medias-bollore-lr-et-rn\">labellisation des m\u00e9dias<\/a> \u00e9voqu\u00e9e par Macron en novembre 2025 vise \u00e0 distinguer \u00ab\u00a0<em>information<\/em>\u00a0\u00bb de \u00ab\u00a0<em>contenus commerciaux<\/em>\u00a0\u00bb via un label port\u00e9 par des professionnels comme la Journalism Trust Initiative de RSF, mais elle est per\u00e7ue <strong>comme une man\u0153uvre pour emp\u00eacher les critiques<\/strong> de ses d\u00e9cisions sur des sujets sensibles comme les vaccins, l&rsquo;Ukraine ou le nucl\u00e9aire. Macron nie vouloir un \u00ab\u00a0<em>label d&rsquo;\u00c9tat<\/em>\u00a0\u00bb ou un \u00ab\u00a0<em>minist\u00e8re de la V\u00e9rit\u00e9<\/em>\u00a0\u00bb, insistant sur une initiative priv\u00e9e pour lutter contre la d\u00e9sinformation, mais cela s&rsquo;inscrit dans un sch\u00e9ma de subventions s\u00e9lectives (120 millions d&rsquo;euros par an aux m\u00e9dias align\u00e9s) et <a target=\"_blank\" href=\"https:\/\/www.youtube.com\/shorts\/9iLZsKVyPuU\">d&rsquo;actions judiciaires contre les \u00ab\u00a0<em>fausses infos<\/em>\u00a0\u00bb<\/a>.<\/p>\n<p><img decoding=\"async\" data-entity-uuid=\"a87712e7-ba63-44f7-a1b1-74b9c8ed2887\" data-entity-type=\"file\" alt=\"EDK\" width=\"699\" height=\"390\" class=\"align-center lazyload\" loading=\"lazy\" src=\"https:\/\/www.francesoir.fr\/sites\/default\/files\/inline-images\/20260312FSDK%20%2811%29.png\"\/><\/p>\n<p>France-Soir en est une victime embl\u00e9matique : son compte YouTube supprim\u00e9 en 2021 au motif de \u00ab\u00a0<em>d\u00e9sinfo COVID<\/em>\u00a0\u00bb sous pression gouvernementale et sans preuve concr\u00e8te de d\u00e9sinformation, a \u00e9t\u00e9 restaur\u00e9 en 2025 apr\u00e8s <a target=\"_blank\" href=\"https:\/\/www.francesoir.fr\/politique-monde-societe-justice-science-tech\/google-admet-la-censure-sous-pression-de-l\">\u00ab\u00a0aveu de censure\u00a0\u00bb d\u2019Alphabet au comit\u00e9 judiciaire am\u00e9ricain<\/a>. Google s\u2019est empress\u00e9 de remettre en ligne les comptes de cr\u00e9ateurs sur YouTube pour potentiellement \u00e9viter de couteux proc\u00e8s. \u00a0De plus l&rsquo;\u00c9lys\u00e9e a menac\u00e9 <a target=\"_blank\" href=\"https:\/\/www.francesoir.fr\/politique-france-societe-justice-sante\/macron-sous-le-scalpel-l-elysee-menace-france-soir-pour\">le journal pour ses enqu\u00eates sur la sant\u00e9 de Macron<\/a>, exigeant l&rsquo;arr\u00eat des contacts avec son m\u00e9decin et imposant une censure pr\u00e9alable, violant la libert\u00e9 de la presse. Sans remords, Macron subventionne les m\u00e9dias align\u00e9s tout en labellisant les dissidents \u00ab\u00a0<em>complotistes<\/em>\u00a0\u00bb, retardant la v\u00e9rit\u00e9 sur masques, vaccins ou dette, niant <a target=\"_blank\" href=\"https:\/\/www.francesoir.fr\/politique-france\/les-francais-face-une-crise-multidimensionnelle-en-fevrier-2026-sondage-france\">les effets ind\u00e9sirables de la vaccination covid per\u00e7us par 46% de la population<\/a>, une hypocrisie flagrante d\u00e9nonc\u00e9e comme une \u00ab\u00a0<em>d\u00e9rive autoritaire<\/em>\u00a0\u00bb par la droite et l&rsquo;extr\u00eame droite, <a target=\"_blank\" href=\"https:\/\/rmc.bfmtv.com\/actualites\/politique\/macron-evoque-un-label-pour-les-medias-et-irrite-la-droite-c-est-l-urss-s-enerve-barbara-lefebvre_AV-202512020516.html\">\u00e9voquant l&rsquo;URSS<\/a> ou le roman 1984 de George Orwell.<\/p>\n<p><img decoding=\"async\" data-entity-uuid=\"6fb9df6f-456e-47a3-b8e3-8aeb9afff225\" data-entity-type=\"file\" alt=\"EDK\" width=\"704\" height=\"393\" class=\"align-center lazyload\" loading=\"lazy\" src=\"https:\/\/www.francesoir.fr\/sites\/default\/files\/inline-images\/20260312FSDK%20%2812%29.png\"\/><\/p>\n<p>\u00a0<\/p>\n<h5><strong>Un pr\u00e9sident hors sol, o\u00f9 l&rsquo;id\u00e9ologie d\u00e9fie la v\u00e9rit\u00e9<\/strong><\/h5>\n<p>Emmanuel Macron, d\u00e9crit comme \u00ab\u00a0<em>m\u00e9chant<\/em>\u00a0\u00bb, \u00ab\u00a0<em>isol\u00e9<\/em>\u00a0\u00bb et potentiellement \u00ab\u00a0<em>fou \u00e0 lier<\/em>\u00a0\u00bb, incarne une absence de honte qui confine \u00e0 la pathologie, transformant la surconfiance en volte-face co\u00fbteuses impos\u00e9es par autorit\u00e9 sans \u00e9gard pour la science ou le Parlement. Cependant <a target=\"_blank\" href=\"https:\/\/www.francesoir.fr\/politique-france\/les-francais-face-une-crise-multidimensionnelle-en-fevrier-2026-sondage-france\">65% des Fran\u00e7ais d\u00e9clarent avoir honte de leur pr\u00e9sident et 78% pensent que ces actions divisent le pays<\/a>.<\/p>\n<p><img decoding=\"async\" data-entity-uuid=\"b10316d5-917d-4de3-9276-193411bc228c\" data-entity-type=\"file\" alt=\"EDK\" width=\"701\" height=\"391\" class=\"align-center lazyload\" loading=\"lazy\" src=\"https:\/\/www.francesoir.fr\/sites\/default\/files\/inline-images\/20260312FSDK%20%2814%29.png\"\/><\/p>\n<p>Ses politiques ont vraisemblablement rendu les citoyens \u00ab\u00a0<em>malades<\/em>\u00a0\u00bb via une maltraitance institutionnelle et mensonges d&rsquo;\u00c9tat omnipr\u00e9sents. Cet article n&rsquo;a pas abord\u00e9 les inepties per\u00e7ues par les Fran\u00e7ais sur la gestion de la crise sanitaire sur le dermatose nodulaire qui affecte la souverainet\u00e9 alimentaire.<\/p>\n<p>Face \u00e0 une requ\u00eate d&#8217;emp\u00eachement pour opacit\u00e9 sur sa sant\u00e9 et des critiques virales sur X, il est temps de questionner : peut-on tol\u00e9rer un tel cynisme au sommet de l&rsquo;\u00c9tat, o\u00f9 l&rsquo;ego supplante le bien commun ? Une humilit\u00e9 accrue et une transparence rigoureuse sont essentielles pour rem\u00e9dier \u00e0 ces pi\u00e8ges cognitifs.<\/p>\n<p><img decoding=\"async\" data-entity-uuid=\"98fcdd9d-33f9-420a-8bfc-62ae57528dcc\" data-entity-type=\"file\" alt=\"EDK\" width=\"702\" height=\"392\" class=\"align-center lazyload\" loading=\"lazy\" src=\"https:\/\/www.francesoir.fr\/sites\/default\/files\/inline-images\/20260312FSDK%20%2815%29.png\"\/><\/p>\n<p>Retrouvez la vid\u00e9o r\u00e9sumant cet article :\u00a0<br \/><iframe loading=\"lazy\" title=\"L&#039;effet Dunning Kruger au sommet de l&#039;Etat   surconfiance, absence de Honte et volte face co\u00fbteuses\" width=\"1110\" height=\"624\" src=\"https:\/\/www.youtube.com\/embed\/n-84yB-hnVM?feature=oembed\" frameborder=\"0\" allow=\"accelerometer; autoplay; clipboard-write; encrypted-media; gyroscope; picture-in-picture; web-share\" referrerpolicy=\"strict-origin-when-cross-origin\" allowfullscreen><\/iframe><\/p>\n<\/div>\n<p><script>(function(d, s, id) {  var js, fjs = d.getElementsByTagName(s)[0];  if (d.getElementById(id)) return;  js = d.createElement(s); js.id = id;  js.src = \"\/\/connect.facebook.net\/fr_FR\/sdk.js#xfbml=1&version=v2.3\";  fjs.parentNode.insertBefore(js, fjs);}(document, \"script\", \"facebook-jssdk\"));<\/script><br \/>\n<br \/><br \/>\n<br \/><a href=\"https:\/\/www.francesoir.fr\/politique-france-societe-sante\/l-effet-dunning-kruger-au-sommet-de-l-etat-surconfiance-absence-de\" target=\"_blank\"\">Source link <\/a><\/p>\n","protected":false},"excerpt":{"rendered":"<p>L&rsquo;effet Dunning-Kruger repr\u00e9sente un biais cognitif bien document\u00e9, o\u00f9 les individus les moins comp\u00e9tents dans un domaine donn\u00e9 surestiment souvent leurs capacit\u00e9s, tandis que les plus qualifi\u00e9s tendent \u00e0 sous-estimer&hellip; <\/p>\n","protected":false},"author":1,"featured_media":25153,"comment_status":"open","ping_status":"open","sticky":false,"template":"","format":"standard","meta":{"footnotes":""},"categories":[1],"tags":[],"class_list":["post-25152","post","type-post","status-publish","format-standard","has-post-thumbnail","hentry","category-non-classe"],"_links":{"self":[{"href":"https:\/\/monde25.info\/index.php\/wp-json\/wp\/v2\/posts\/25152","targetHints":{"allow":["GET"]}}],"collection":[{"href":"https:\/\/monde25.info\/index.php\/wp-json\/wp\/v2\/posts"}],"about":[{"href":"https:\/\/monde25.info\/index.php\/wp-json\/wp\/v2\/types\/post"}],"author":[{"embeddable":true,"href":"https:\/\/monde25.info\/index.php\/wp-json\/wp\/v2\/users\/1"}],"replies":[{"embeddable":true,"href":"https:\/\/monde25.info\/index.php\/wp-json\/wp\/v2\/comments?post=25152"}],"version-history":[{"count":0,"href":"https:\/\/monde25.info\/index.php\/wp-json\/wp\/v2\/posts\/25152\/revisions"}],"wp:featuredmedia":[{"embeddable":true,"href":"https:\/\/monde25.info\/index.php\/wp-json\/wp\/v2\/media\/25153"}],"wp:attachment":[{"href":"https:\/\/monde25.info\/index.php\/wp-json\/wp\/v2\/media?parent=25152"}],"wp:term":[{"taxonomy":"category","embeddable":true,"href":"https:\/\/monde25.info\/index.php\/wp-json\/wp\/v2\/categories?post=25152"},{"taxonomy":"post_tag","embeddable":true,"href":"https:\/\/monde25.info\/index.php\/wp-json\/wp\/v2\/tags?post=25152"}],"curies":[{"name":"wp","href":"https:\/\/api.w.org\/{rel}","templated":true}]}}