{"id":2516,"date":"2025-02-13T07:25:17","date_gmt":"2025-02-13T06:25:17","guid":{"rendered":"https:\/\/monde25.info\/index.php\/2025\/02\/13\/9-atrocites-du-debut-de-mandat-de-trump\/"},"modified":"2025-02-13T07:25:17","modified_gmt":"2025-02-13T06:25:17","slug":"9-atrocites-du-debut-de-mandat-de-trump","status":"publish","type":"post","link":"https:\/\/monde25.info\/index.php\/2025\/02\/13\/9-atrocites-du-debut-de-mandat-de-trump\/","title":{"rendered":"9 atrocit\u00e9s du d\u00e9but de mandat de Trump"},"content":{"rendered":"<p> <br \/>\n<\/p>\n<div>\n<h4><strong>Depuis qu\u2019il a \u00e9t\u00e9 \u00e9lu, puis investi le 20 janvier dernier, <a target=\"_blank\" href=\"https:\/\/mrmondialisation.org\/trump-president-programme\/\">le pr\u00e9sident am\u00e9ricain Donald Trump a multipli\u00e9 les provocations et les actions choquantes.<\/a> De quoi s\u2019inqui\u00e9ter s\u00e9rieusement des cons\u00e9quences concr\u00e8tes de cette politique d\u2019extr\u00eame droite sur les \u00c9tats-Unis et de son impact sur le reste du monde.<\/strong><\/h4>\n<p><strong>La doctrine r\u00e9actionnaire<\/strong> instaur\u00e9e par le chef de l\u2019\u00c9tat am\u00e9ricain va toucher tous les domaines : environnement, droits humains, mod\u00e8les sociaux et risque m\u00eame d\u2019entra\u00eener la plan\u00e8te vers <strong>un capitalisme encore plus destructeur<\/strong>. Mr Mondialisation vous pr\u00e9sente 9 atrocit\u00e9s de ce d\u00e9but de mandat.<\/p>\n<h2><strong>1. Quitter l\u2019accord de Paris, un d\u00e9sastre pour le climat<\/strong><\/h2>\n<p>Il s\u2019agit sans doute de<strong> l\u2019une des d\u00e9cisions les plus graves \u00e0 l\u2019\u00e9chelle plan\u00e9taire<\/strong>. Les <a target=\"_blank\" href=\"https:\/\/vert.eco\/articles\/apres-le-retrait-des-etats-unis-laccord-de-paris-sur-le-climat-est-il-mort\">accords de Paris<\/a> fixent en effet \u00e0 chaque signataire l\u2019objectif international de contenir le r\u00e9chauffement climatique \u00e0 maximum +2\u00b0 d\u2019ici 2100.<\/p>\n<p>Cet accord qui \u00e9tait <strong>pourtant point\u00e9 <a target=\"_blank\" href=\"https:\/\/www.sciencesetavenir.fr\/nature-environnement\/vers-un-accord-probable-a-paris-mais-insuffisant-selon-le-giec_15551\">comme insuffisant<\/a> par le GIEC<\/strong> au moment de son instauration est <strong>loin d\u2019<a target=\"_blank\" href=\"https:\/\/www.futura-sciences.com\/tech\/actualites\/jeunes-pousses-68-entreprises-francaises-ne-respectent-pas-accord-paris-106008\/\">\u00eatre respect\u00e9<\/a> par tous<\/strong>. Mais quand un pays comme les \u00c9tats-Unis, l\u2019un <a target=\"_blank\" href=\"https:\/\/www.touteleurope.eu\/environnement\/union-europeenne-chine-etats-unis-qui-emet-le-plus-de-gaz-a-effet-de-serre\/\">des plus \u00e9metteurs du globe<\/a>, ignore frontalement la situation, le message pour le monde entier est d\u00e9sastreux. Ce n\u2019est d\u2019ailleurs pas une premi\u00e8re puisque <strong>Donald Trump \u00e9tait d\u00e9j\u00e0 sorti de ce trait\u00e9 lors de son premier mandat<\/strong> avant que Joe Biden ne le r\u00e9int\u00e8gre.<\/p>\n<p><iframe loading=\"lazy\" title=\"L&#039;\u00e9lection de Donald Trump, une mauvaise nouvelle pour le climat \u2022 FRANCE 24\" width=\"1110\" height=\"624\" src=\"https:\/\/www.youtube.com\/embed\/sloGV3G5abE?feature=oembed\" frameborder=\"0\" allow=\"accelerometer; autoplay; clipboard-write; encrypted-media; gyroscope; picture-in-picture; web-share\" referrerpolicy=\"strict-origin-when-cross-origin\" allowfullscreen><\/iframe><\/p>\n<p>Cette d\u00e9cision est d\u2019autant plus inqui\u00e9tante qu\u2019elle s\u2019accompagne <strong>d\u2019autres <a target=\"_blank\" href=\"https:\/\/vert.eco\/articles\/il-est-de-retour-sept-choses-a-savoir-sur-trump-et-le-climat\">mesures gravissimes<\/a> d\u2019un point de vue \u00e9cologique,<\/strong> comme avoir un <strong>recours massif aux \u00e9nergies fossiles, forer \u00e0 tout va, couper les subventions aux \u00e9oliennes,<\/strong> ou encore d\u00e9tricoter les agences environnementales.<\/p>\n<h2><strong>2. Attaque des droits des personnes transgenres<\/strong><\/h2>\n<p><strong>V\u00e9ritable obsession des militants r\u00e9actionnaires, la question de la transidentit\u00e9 a \u00e9t\u00e9 largement exploit\u00e9e par Donald Trump.<\/strong> Pendant sa campagne, il <a target=\"_blank\" href=\"https:\/\/www.lemonde.fr\/international\/article\/2024\/12\/22\/donald-trump-dit-vouloir-stopper-le-delire-transgenre-des-son-premier-jour_6462839_3210.html\">avait alors d\u00e9clar\u00e9<\/a> vouloir <em>\u00ab\u00a0stopper le d\u00e9lire transgenre\u00a0\u00bb<\/em> d\u00e8s son premier jour.<\/p>\n<p>Il avait ainsi fanfaronn\u00e9 dans ses discours dans une diatribe transphobe\u00a0: \u00ab\u00a0<em>je signerai des d\u00e9crets pour mettre fin aux mutilations sexuelles des enfants, <strong>exclure les transgenres de l\u2019arm\u00e9e et les exclure des \u00e9coles primaires, des coll\u00e8ges et des lyc\u00e9es<\/strong>\u00a0<\/em>\u00bb, ajoutant que \u00ab\u00a0<em>la politique officielle des \u00c9tats unis sera qu\u2019il n\u2019y a que deux genres\u00a0: homme et femme\u00a0<\/em>\u00bb.<\/p>\n<p><iframe loading=\"lazy\" title=\"6 PERSONNES TRANS Vs. CLICH\u00c9S\" width=\"1110\" height=\"624\" src=\"https:\/\/www.youtube.com\/embed\/YwUUW73VGgc?feature=oembed\" frameborder=\"0\" allow=\"accelerometer; autoplay; clipboard-write; encrypted-media; gyroscope; picture-in-picture; web-share\" referrerpolicy=\"strict-origin-when-cross-origin\" allowfullscreen><\/iframe><\/p>\n<p>\u00c0 pr\u00e9sent investi, il a d\u00e9j\u00e0 franchi le pas dans l\u2019arm\u00e9e o\u00f9 il a d\u2019ores et d\u00e9j\u00e0 exclu toutes les personnes trans, expliquant que \u00ab\u00a0<em>pour nous assurer que nous disposons de <strong>la force combattante la plus l\u00e9tale au monde<\/strong>, nous allons d\u00e9barrasser notre arm\u00e9e de l\u2019id\u00e9ologie transgenre<\/em>\u00a0\u00bb.<\/p>\n<p><strong>Consid\u00e9rant la transidentit\u00e9 comme une maladie,<\/strong> le texte promulgu\u00e9 par le pr\u00e9sident affirme que \u00ab\u00a0<em>de nombreux probl\u00e8mes de sant\u00e9 mentale et physique sont incompatibles avec le service actif\u00a0<\/em>\u00bb, et que \u00ab <em>l\u2019adoption d\u2019une identit\u00e9 de genre incompatible avec le sexe d\u2019un individu contredit l\u2019engagement d\u2019un soldat envers <strong>un mode de vie honorable, v\u00e9ridique et disciplin\u00e9, m\u00eame dans la vie personnelle<\/strong>.<\/em>\u00a0\u00bb<\/p>\n<div class=\"td-a-rec td-a-rec-id-content_inline  tdi_1 td_block_template_1\">\n<span class=\"td-adspot-title\">&#8211; Pour une information libre ! &#8211;<\/span><a target=\"_blank\" href=\"https:\/\/fr.tipeee.com\/mr-mondialisation\" class=\"tipeee-project-small\">Soutenir Mr Japanization sur Tipeee<\/a>\n<\/div>\n<h2><strong>3. R\u00e9tablir la discrimination \u00e0 l\u2019embauche<\/strong><\/h2>\n<p><strong>Apr\u00e8s avoir longtemps esclavagis\u00e9 des Afro-Am\u00e9ricains, les \u00c9tats-Unis ont aussi impos\u00e9 pendant des d\u00e9cennies une s\u00e9gr\u00e9gation <\/strong>entre les personnes blanches et le reste de la population. \u00c9videmment, ce ph\u00e9nom\u00e8ne a profond\u00e9ment marqu\u00e9 les mentalit\u00e9s et il en existe encore aujourd\u2019hui de nombreux reliquats.<\/p>\n<p>Depuis les ann\u00e9es 60, <strong>le pays avait mis en place des dispositifs pour lutter contre les discriminations et pour favoriser la diversit\u00e9.<\/strong> <a target=\"_blank\" href=\"https:\/\/www.liberation.fr\/international\/amerique\/donald-trump-retablit-la-discrimination-a-lembauche-au-nom-de-la-combattre-et-encourage-la-delation-20250124_TDESOTPQQBEDXLRNAWCDL7HERU\/\">Ces mesures sont dans le collimateur<\/a> de Donald Trump qui les a supprim\u00e9es au niveau f\u00e9d\u00e9ral et qui menace les entreprises qui continueraient \u00e0 le pratiquer, encourageant les employ\u00e9s \u00e0 la d\u00e9lation.<\/p>\n<blockquote class=\"tiktok-embed\" cite=\"https:\/\/www.tiktok.com\/@laulevy\/video\/7464205323235020054\" data-video-id=\"7464205323235020054\" data-embed-from=\"oembed\" style=\"max-width:605px; min-width:325px;\">\n<section> <a target=\"_blank\" target=\"_blank\" title=\"@laulevy\" href=\"https:\/\/www.tiktok.com\/@laulevy?refer=embed\">@laulevy<\/a> <\/p>\n<p>La discrimination \u00e0 l\u2019embauche l\u00e9galis\u00e9e aux US ? \ud83e\udd2f  C\u2019est en effet une des mesures pris par Donald Trump d\u00e8s son arriv\u00e9e \u00e0 la Maison Blanche.  Au sein de l\u2019administration f\u00e9d\u00e9rale, plus de politique relative \u00e0 la diversit\u00e9, l\u2019\u00e9quit\u00e9, l\u2019inclusion et \u00e0 l\u2019accessibilit\u00e9. C\u2019est une mesure inqui\u00e9tante qui vient supprimer une avanc\u00e9e dans l\u2019\u00e9galit\u00e9 des chances dans l\u2019emploi.  Sources :  Lib\u00e9ration \u2013 Donald Trump r\u00e9tablit la discrimination \u00e0 l\u2019embauche au nom de la combattre, et encourage la d\u00e9lation Les \u00c9chos \u2013 Donald Trump lance une chasse aux sorci\u00e8res anti-diversit\u00e9 dans l\u2019administration et les entreprises National Bureau of Economic Research, \u00e9tude de 2017 sur la discrimination \u00e0 l\u2019embauche aux US.  <a target=\"_blank\" title=\"actu\" target=\"_blank\" href=\"https:\/\/www.tiktok.com\/tag\/actu?refer=embed\">#actu<\/a> <a target=\"_blank\" title=\"travail\" target=\"_blank\" href=\"https:\/\/www.tiktok.com\/tag\/travail?refer=embed\">#travail<\/a> <a target=\"_blank\" title=\"discrimination\" target=\"_blank\" href=\"https:\/\/www.tiktok.com\/tag\/discrimination?refer=embed\">#discrimination<\/a> <a target=\"_blank\" title=\"recrutement\" target=\"_blank\" href=\"https:\/\/www.tiktok.com\/tag\/recrutement?refer=embed\">#recrutement<\/a> <a target=\"_blank\" title=\"emploi\" target=\"_blank\" href=\"https:\/\/www.tiktok.com\/tag\/emploi?refer=embed\">#emploi<\/a> <\/p>\n<p> <a target=\"_blank\" target=\"_blank\" title=\"\u266c son original - Laur\u00e8ne \u2728\" href=\"https:\/\/www.tiktok.com\/music\/son-original-7464205308819868438?refer=embed\">\u266c son original \u2013 Laur\u00e8ne \u2728<\/a> <\/p>\n<\/section>\n<\/blockquote>\n<p>De fait, <strong>ce d\u00e9cret mettra non seulement fin \u00e0 la discrimination positive qui permettait de lutter contre l\u2019in\u00e9galit\u00e9 des chances<\/strong> (des \u00e9tudes ont d\u00e9j\u00e0 d\u00e9montr\u00e9 qu\u2019une personne noire a <a target=\"_blank\" href=\"https:\/\/www.liberation.fr\/planete\/2015\/03\/09\/aux-etats-unis-meme-apres-harvard-mieux-vaut-etre-blanc-pour-trouver-du-travail_1217328\/\">moins de chance<\/a> de se faire engager qu\u2019un individu blanc, \u00e0 dipl\u00f4me \u00e9gal), mais <strong>il l\u00e9galisera litt\u00e9ralement le fait qu\u2019un employeur puisse choisir son salari\u00e9 en fonction de ses origines.<\/strong><\/p>\n<h2><strong>4. Menaces imp\u00e9rialistes de conqu\u00eate<\/strong><\/h2>\n<p>Depuis plus d\u2019un si\u00e8cle,<strong> les \u00c9tats-Unis sont le symbole m\u00eame de l\u2019imp\u00e9rialisme \u00e0 travers le monde.<\/strong> Constamment immisc\u00e9e dans les affaires des autres pays, la nation de l\u2019Oncle Sam n\u2019a jamais eu de scrupules \u00e0 <strong>provoquer des coups d\u2019\u00c9tat, des guerres ou des ing\u00e9rences pour servir ses int\u00e9r\u00eats.<\/strong><\/p>\n<p>Donald Trump, que ses partisans n\u2019h\u00e9sitent pas \u00e0 d\u00e9crire, sans honte, comme un pacifiste, a pourtant montr\u00e9 les muscles en exposant <strong>ses<\/strong> <strong>d\u00e9sirs de conqu\u00eate et de pouvoir, caract\u00e9ristiques de la virilit\u00e9 masculine du r\u00e9gime patriarcal<\/strong>. En quelques jours, il <a target=\"_blank\" href=\"https:\/\/www.humanite.fr\/monde\/canada\/annexion-du-canada-du-panama-et-du-groenland-conflit-avec-leurope-et-la-chine-les-ambitions-imperialistes-de-donald-trump\">a par exemple affirm\u00e9<\/a> qu\u2019il verrait bien le Canada comme le 51<sup>e<\/sup> \u00e9tat am\u00e9ricain, qu\u2019il voulait renommer le golfe du Mexique en golfe d\u2019Am\u00e9rique (et Google a d\u00e9j\u00e0 <a target=\"_blank\" href=\"https:\/\/www.huffingtonpost.fr\/international\/article\/donald-trump-va-changer-le-nom-du-golfe-du-mexique-google-maps-va-en-partie-s-adapter-a-ses-exigences_245431.html\">c\u00e9d\u00e9 \u00e0 ses exigences<\/a>), ou encore qu\u2019il souhaitait acheter le Groenland au Danemark (allant jusqu\u2019\u00e0<a target=\"_blank\" href=\"https:\/\/www.lemonde.fr\/international\/article\/2025\/01\/17\/groenland-la-crise-diplomatique-s-intensifie-entre-le-danemark-et-la-future-administration-trump_6503143_3210.html\"> menacer<\/a> ce dernier).<\/p>\n<p><iframe loading=\"lazy\" title=\"Faut-il prendre au s\u00e9rieux les projets d\u2019annexion de Trump ? | 28 minutes | ARTE\" width=\"1110\" height=\"624\" src=\"https:\/\/www.youtube.com\/embed\/bAs4Nitu08w?feature=oembed\" frameborder=\"0\" allow=\"accelerometer; autoplay; clipboard-write; encrypted-media; gyroscope; picture-in-picture; web-share\" referrerpolicy=\"strict-origin-when-cross-origin\" allowfullscreen><\/iframe><\/p>\n<p>Le locataire de la Maison-Blanche va aussi <strong>intensifier sa guerre commerciale, notamment avec l\u2019Europe et surtout la Chine.<\/strong> Il convoite d\u2019ailleurs<a target=\"_blank\" href=\"https:\/\/www.radiofrance.fr\/franceinter\/podcasts\/le-monde-a-18h50\/le-monde-a-18h50-du-jeudi-23-janvier-2025-7093920\"> le canal de Panama<\/a> qu\u2019il estime \u00eatre tomb\u00e9 entre les mains de la Chine. Il continuera par ailleurs \u00e0 exercer des blocus \u00e9conomiques sur le Venezuela (dont il ne reconna\u00eet pas le pr\u00e9sident \u00e9lu) et Cuba (<a target=\"_blank\" href=\"https:\/\/la1ere.francetvinfo.fr\/martinique\/pourquoi-l-ile-de-cuba-est-a-nouveau-inscrite-dans-la-liste-noire-des-etats-soutenants-le-terrorisme-1556722.html\">qu\u2019il vient de remettre<\/a> sur la liste des <em>\u00ab\u00a0pays soutenant le terrorisme\u00a0\u00bb<\/em>).<\/p>\n<h2><strong>5. Lib\u00e9rer de dangereux criminels<\/strong><\/h2>\n<p>Le pr\u00e9sident qui se pr\u00e9tend garant de la s\u00e9curit\u00e9 des Am\u00e9ricains et qui explique \u00e0 longueur de journ\u00e9e qu\u2019il va lutter contre les criminels et le trafic de stup\u00e9fiants, a pourtant <strong>commenc\u00e9 son mandat en lib\u00e9rant plusieurs centaines de condamn\u00e9s<\/strong>. Et pas n\u2019importe lesquels !<\/p>\n<p><strong>Ont ainsi \u00e9t\u00e9 graci\u00e9s en premier lieu les assaillants du capitole qui avaient tent\u00e9 d\u2019enclencher un coup d\u2019\u00c9tat lors de la d\u00e9faite de Donald Trump de 2020,<\/strong> estimant que le scrutin \u00e9tait truqu\u00e9.<\/p>\n<p><iframe loading=\"lazy\" title=\"\u00ab\u00a0Je suis un homme libre\u00a0\u00bb : qui est Ross Ulbricht, \u00ab roi de la drogue \u00bb, graci\u00e9 par Trump\" width=\"1110\" height=\"624\" src=\"https:\/\/www.youtube.com\/embed\/60GkCfeXjec?feature=oembed\" frameborder=\"0\" allow=\"accelerometer; autoplay; clipboard-write; encrypted-media; gyroscope; picture-in-picture; web-share\" referrerpolicy=\"strict-origin-when-cross-origin\" allowfullscreen><\/iframe><\/p>\n<p>Mais il n\u2019a pas non plus h\u00e9sit\u00e9 \u00e0 rel\u00e2cher<a target=\"_blank\" href=\"https:\/\/ici.radio-canada.ca\/info\/breve\/11841\/trump-grace-baron-drogue-ross-ulbricht-prison-marche-noir-meurtres\"> Ross Ulbricht<\/a>, fondateur du site Silk Road, une page du dark web qui s\u2019est rendue coupable de vendre des millions de dollars de drogue. Celui qui avait \u00e9t\u00e9 condamn\u00e9 \u00e0 perp\u00e9tuit\u00e9 en 2015, et \u00e9galement <strong>soup\u00e7onn\u00e9 d\u2019avoir commandit\u00e9 des meurtres, \u00e9tait cependant tr\u00e8s appr\u00e9ci\u00e9 de la communaut\u00e9 libertarienne \u00e0 laquelle Trump avait promis cette d\u00e9cision durant sa campagne.<\/strong><\/p>\n<h2><strong>6. Sortie de l\u2019Organisation mondiale de la Sant\u00e9, la m\u00e9decine pour les complotistes<\/strong><\/h2>\n<p>Quand on conna\u00eet l\u2019entourage et la mentalit\u00e9 du Trumpisme en mati\u00e8re de science, il y a de quoi s\u2019inqui\u00e9ter fortement pour le domaine de la m\u00e9decine. <strong>Le nouveau pr\u00e9sident a d\u2019ailleurs d\u00e9j\u00e0 nomm\u00e9 <a target=\"_blank\" href=\"https:\/\/www.lemonde.fr\/international\/article\/2024\/11\/14\/donald-trump-nomme-le-vaccinosceptique-robert-f-kennedy-jr-ministre-de-la-sante_6394356_3210.html\">Robert Kennedy<\/a>, un antivax notoire, au minist\u00e8re de la Sant\u00e9.<\/strong><\/p>\n<p>Mais au-del\u00e0 des cons\u00e9quences au niveau local qu\u2019une politique complotiste pourrait avoir en mati\u00e8re de sant\u00e9, <strong>la d\u00e9cision de Trump de <a target=\"_blank\" href=\"https:\/\/www.tdg.ch\/sante-publique-le-retrait-americain-de-loms-bouscule-geneve-166293812198\">quitter l\u2019Organisation mondiale de la Sant\u00e9<\/a> pourrait \u00eatre dramatique pour de nombreuses personnes \u00e0 travers le monde.<\/strong><\/p>\n<p><iframe loading=\"lazy\" title=\"OMS : les cons\u00e9quences du d\u00e9part am\u00e9ricain.\" width=\"1110\" height=\"624\" src=\"https:\/\/www.youtube.com\/embed\/sfpfGYWvusk?feature=oembed\" frameborder=\"0\" allow=\"accelerometer; autoplay; clipboard-write; encrypted-media; gyroscope; picture-in-picture; web-share\" referrerpolicy=\"strict-origin-when-cross-origin\" allowfullscreen><\/iframe><\/p>\n<p>En effet, <strong>les \u00c9tats-Unis ne pesaient pas moins de 18 % du budget de l\u2019institution internationale.<\/strong> Si ce choix pourrait d\u00e9clencher des effets en cascade pour toutes les associations mondiales, il pourrait aussi entra\u00eener de grandes difficult\u00e9s sanitaires au niveau plan\u00e9taire, notamment sur le continent africain.<\/p>\n<h2><strong>7. Attaque spectaculaire contre les immigr\u00e9s<\/strong><\/h2>\n<p>Comme tout politicien d\u2019extr\u00eame droite, Donald Trump a fait de l\u2019immigration l\u2019un de ses chevaux de bataille. Dans son programme, il <a target=\"_blank\" href=\"https:\/\/www.centrepresseaveyron.fr\/2025\/01\/20\/la-plus-grande-operation-de-deportation-dans-lhistoire-des-etats-unis-donald-trump-va-ouvrir-la-chasse-a-limmigration-des-ce-mardi-12456012.php\">annon\u00e7ait<\/a> :<\/p>\n<blockquote>\n<p><strong><em>\u00ab la plus grande op\u00e9ration de d\u00e9portation de l\u2019Histoire des \u00c9tats-Unis \u00bb<\/em><\/strong>.<\/p>\n<\/blockquote>\n<p>En \u00e0 peine une semaine, <strong>une multitude de gens ont ainsi \u00e9t\u00e9 arr\u00eat\u00e9s en vue d\u2019\u00eatre expuls\u00e9s<\/strong>. Le pr\u00e9sident a \u00e9t\u00e9 jusqu\u2019\u00e0 ordonner <strong>des raids d\u2019envergure dans une dizaine de m\u00e9tropoles pour attraper les personnes concern\u00e9es<\/strong>.<\/p>\n<p><iframe loading=\"lazy\" title=\"Donald Trump annonce l&#039;envoi de migrants sans papiers \u00e0 Guantanamo \u2022 FRANCE 24\" width=\"1110\" height=\"624\" src=\"https:\/\/www.youtube.com\/embed\/DSkvOOBn59s?feature=oembed\" frameborder=\"0\" allow=\"accelerometer; autoplay; clipboard-write; encrypted-media; gyroscope; picture-in-picture; web-share\" referrerpolicy=\"strict-origin-when-cross-origin\" allowfullscreen><\/iframe><\/p>\n<p>Simultan\u00e9ment, des milliers de migrants sur le point de demander \u00e0 \u00eatre accueillis \u00e0 la fronti\u00e8re ont vu leurs requ\u00eates rejet\u00e9es, <a target=\"_blank\" href=\"https:\/\/www.parismatch.com\/actu\/international\/les-larmes-des-migrants-bloques-aux-portes-des-etats-unis-et-dont-lavenir-vient-de-basculer-par-la-force-de-trump-246219#8\">\u00e0 leur plus grand d\u00e9sarroi<\/a>. Enfin, <strong>Donald Trump a aussi menac\u00e9 de mettre fin <a target=\"_blank\" href=\"https:\/\/www.tf1info.fr\/election-presidentielle-americaine\/investitute-donald-trump-que-sait-on-des-arrestations-massives-de-migrants-illegaux-qui-vont-debuter-ce-mardi-aux-etats-unis-2345882.html\">au droit du sol<\/a> qu\u2019il juge <em>\u00ab\u00a0ridicule\u00a0\u00bb<\/em>.<\/strong><\/p>\n<h2><strong>8. Attaque des droits des femmes<\/strong><\/h2>\n<p>L\u2019ancien pr\u00e9sentateur de t\u00e9l\u00e9-r\u00e9alit\u00e9 avait d\u00e9j\u00e0 men\u00e9 un premier mandat calamiteux pour le <a target=\"_blank\" href=\"https:\/\/www.humanite.fr\/monde\/donald-trump\/donald-trump-defend-un-systeme-patriarcal-domine-par-les-hommes-blancs\">droit des femmes<\/a>, notamment vis-\u00e0-vis du <a target=\"_blank\" href=\"https:\/\/mrmondialisation.org\/en-italie-des-feministes-occupent-un-planning-familial\/\">droit \u00e0 l\u2019avortement<\/a>. Celui qui s\u2019annonce devrait bien s\u2019inscrire dans la m\u00eame continuit\u00e9.<\/p>\n<p><strong>Le ministre de la Sant\u00e9 Robert Kennedy a dans ce sens<a target=\"_blank\" href=\"https:\/\/www.huffingtonpost.fr\/international\/video\/robert-f-kennedy-jr-n-a-pas-tarde-a-confirmer-les-craintes-sur-le-droit-a-l-avortement-aux-etats-unis_245511.html\"> affirm\u00e9<\/a> qu\u2019il \u00e9tait <em>\u00ab d<\/em><em>\u2019accord avec le pr\u00e9sident Trump pour dire que chaque avortement est une trag\u00e9die.<\/em> \u00bb<\/strong> Il a ensuite ajout\u00e9 \u00eatre \u00ab\u00a0<em>d\u2019accord avec lui pour dire que nous ne pouvons pas \u00eatre une nation morale si nous pratiquons 1,2\u00a0million d\u2019avortements par an<\/em>\u00a0\u00bb. Il a d\u2019ailleurs confirm\u00e9 qu\u2019il comptait <strong>r\u00e9\u00e9valuer la s\u00fbret\u00e9 de la pilule abortive.<\/strong><\/p>\n<p><iframe loading=\"lazy\" title=\"Trump r\u00e9\u00e9lu, les cons\u00e9quences sur le droit des femmes\" width=\"1110\" height=\"624\" src=\"https:\/\/www.youtube.com\/embed\/8bOC63aJ_V8?feature=oembed\" frameborder=\"0\" allow=\"accelerometer; autoplay; clipboard-write; encrypted-media; gyroscope; picture-in-picture; web-share\" referrerpolicy=\"strict-origin-when-cross-origin\" allowfullscreen><\/iframe><\/p>\n<p>Dans le m\u00eame temps, <strong>une ambiance masculiniste r\u00e8gne dans l\u2019administration am\u00e9ricaine, et parmi les proches du milliardaire.<\/strong> Mark Zuckerberg, le patron de Facebook, r\u00e9cent soutien du chef de l\u2019\u00c9tat, s\u2019est par exemple illustr\u00e9 par <a target=\"_blank\" href=\"https:\/\/information.tv5monde.com\/terriennes\/que-reserve-le-second-mandat-de-donald-trump-aux-droits-des-femmes-2758627\">ses propos<\/a> \u00e0 ce sujet, assurant qu\u2019une grande partie de la soci\u00e9t\u00e9 \u00e9tait <em>\u00ab\u00a0\u00e9mascul\u00e9e\u00a0\u00bb<\/em>, <strong>vantant les m\u00e9rites de <em>\u00ab\u00a0l\u2019\u00e9nergie masculine\u00a0\u00bb<\/em><\/strong>.<\/p>\n<p>Avec un <a target=\"_blank\" href=\"https:\/\/www.planning-familial.org\/fr\/international\/cp-lelection-de-trump-un-danger-pour-les-droits-humains-aux-etats-unis-et-dans-le\">mod\u00e8le familial<\/a> <em>\u00ab\u00a0conforme \u00e0 la bible\u00a0\u00bb<\/em>, <strong>Donald Trump veut tout simplement rel\u00e9guer les femmes \u00e0 leurs r\u00f4les d\u2019antan.<\/strong> Un tournant indubitablement sombre pour les Am\u00e9ricaines et les femmes du monde entier.<\/p>\n<h2><strong>9. Haro sur les pauvres et gloire aux plus riches<\/strong><\/h2>\n<p>Enfin, si <strong>Donald Trump est largement identifi\u00e9 comme quelqu\u2019un qui s\u2019en prendre aux minorit\u00e9s et aux femmes, certains Am\u00e9ricains blancs \u00e9go\u00efstes pourraient se sentir \u00e9pargn\u00e9s et en s\u00e9curit\u00e9.<\/strong> C\u2019est bien mal conna\u00eetre le projet de l\u2019homme d\u2019affaires qui favorisera avant tout les plus riches et les grandes entreprises.<\/p>\n<p>Les classes populaires am\u00e9ricaines seront de facto aussi violemment frapp\u00e9es par sa politique antisociale. Ainsi <strong>le groupe d\u2019experts am\u00e9ricain sp\u00e9cialis\u00e9 dans les questions fiscales, ITEP, <a target=\"_blank\" href=\"https:\/\/itep.org\/a-distributional-analysis-of-donald-trumps-tax-plan-2024\/\">avait r\u00e9v\u00e9l\u00e9<\/a> en \u00e9tudiant le programme de l\u2019actuel pr\u00e9sident que les 95 % des Am\u00e9ricains les plus pauvres verraient leurs imp\u00f4ts augmenter d\u2019ici 2026.<\/strong> \u00c0 l\u2019inverse, les 5 % les plus riches seront quant \u00e0 eux soulag\u00e9s.<\/p>\n<p><iframe loading=\"lazy\" title=\"TRUMP, MUSK ET LES MILLIARDAIRES : POURQUOI C&#039;EST BIEN PIRE QUE CE QU&#039;ON IMAGINAIT\" width=\"1110\" height=\"624\" src=\"https:\/\/www.youtube.com\/embed\/ce1-63wUlc0?feature=oembed\" frameborder=\"0\" allow=\"accelerometer; autoplay; clipboard-write; encrypted-media; gyroscope; picture-in-picture; web-share\" referrerpolicy=\"strict-origin-when-cross-origin\" allowfullscreen><\/iframe><\/p>\n<p>Les <strong>larges coupes dans les services publics, <a target=\"_blank\" href=\"https:\/\/www.francetvinfo.fr\/internet\/elon-musk\/gouvernement-trump-elon-musk-presente-son-plan-pour-tailler-dans-les-couts-de-l-etat-federal_6909362.html\">promises par le ministre Elon Musk<\/a>,<\/strong> vont aussi toucher de plein fouet les moins bien loties, tout comme les attaques \u00e0 venir contre les <a target=\"_blank\" href=\"https:\/\/www.liberation.fr\/international\/amerique\/aux-etats-unis-le-fonctionnement-des-assurances-sante-pour-les-plus-modestes-est-bloque-20250128_3DXWVBGB7BFFXGVIGKAKVKKI5I\/\">assurances maladie des plus pr\u00e9caires<\/a>.<\/p>\n<h2><strong>Trump, l\u2019incarnation du capitalisme sauvage<\/strong><\/h2>\n<p>De quoi peut-\u00eatre rappeler \u00e0 certains que<strong> Donald Trump, qui se pr\u00e9tend \u00eatre le pire ennemi du \u00ab syst\u00e8me \u00bb, est \u00e0 l\u2019inverse sa parfaite incarnation.<\/strong> Homme blanc h\u00e9t\u00e9rosexuel catholique milliardaire, grand adepte du capitalisme et adversaire de toutes avanc\u00e9es sociales, <strong>il est la d\u00e9monstration que dans chaque politicien d\u2019extr\u00eame droite, il y a avant tout un personnage de droite.<\/strong><\/p>\n<p>C\u2019est-\u00e0-dire quelqu\u2019un qui croit d\u2019abord \u00e0 la \u00ab\u00a0r\u00e9ussite\u00a0\u00bb individuelle et qui pense que chacun d\u2019entre nous m\u00e9rite sa situation. <strong><a target=\"_blank\" href=\"https:\/\/mrmondialisation.org\/capitalisme-humanite\/\">Si vous \u00eates \u00e9cras\u00e9 par le syst\u00e8me n\u00e9olib\u00e9ral,<\/a> ne comptez en tout cas surtout pas sur Donald Trump pour vous en sortir, bien au contraire. Pour lui, c\u2019est votre place.<\/strong><\/p>\n<p style=\"text-align: right;\"><strong><em>\u2013 Simon Verdi\u00e8re<\/em><\/strong><\/p>\n<h2><strong>Mise \u00e0 jour au 04\/02\/2025<\/strong><\/h2>\n<p><strong>Liste d\u2019abominations qui nous viennent des USA ces derni\u00e8res heures :<\/strong><\/p>\n<div class=\"x11i5rnm xat24cr x1mh8g0r x1vvkbs xtlvy1s x126k92a\">\n<div dir=\"auto\">\u2013 Des m\u00e9decins ont \u00e9t\u00e9 <a target=\"_blank\" href=\"https:\/\/www.cbsnews.com\/amp\/newyork\/news\/new-york-doctor-indicted-abortion-pill-louisiana\/\" target=\"_blank\" rel=\"noopener\">attaqu\u00e9s en justice<\/a> pour avoir prescrit des pilules abortives et sont menac\u00e9s de perdre leurs fonctions.<\/div>\n<\/div>\n<div class=\"x11i5rnm xat24cr x1mh8g0r x1vvkbs xtlvy1s x126k92a\">\n<div dir=\"auto\">\u2013 De nombreux chantiers immobiliers <a target=\"_blank\" href=\"https:\/\/www.reuters.com\/markets\/worker-shortages-may-define-2025-economy-mike-dolan-2025-01-17\/\" target=\"_blank\" rel=\"noopener\">sont \u00e0 l\u2019abandon<\/a> depuis le d\u00e9but de la chasse aux migrants. Pour cause, ils constituent la majorit\u00e9 des travailleurs manuels aux \u00c9tats-Unis. Nombre d\u2019entreprises dans la construction sont \u00e0 l\u2019arr\u00eat.<\/div>\n<\/div>\n<div class=\"x11i5rnm xat24cr x1mh8g0r x1vvkbs xtlvy1s x126k92a\">\n<div dir=\"auto\">\u2013 M\u00eame chose <a target=\"_blank\" href=\"https:\/\/www.snopes.com\/news\/2025\/01\/28\/california-farm-workers-immigration\/\" target=\"_blank\" rel=\"noopener\">dans le domaine agricole<\/a> o\u00f9 les producteurs n\u2019ont soudainement plus de main d\u2019\u0153uvre. Personne pour les remplacer, le travail \u00e9tant peu pay\u00e9 et difficile.<\/div>\n<\/div>\n<div class=\"x11i5rnm xat24cr x1mh8g0r x1vvkbs xtlvy1s x126k92a\">\n<div dir=\"auto\">\u2013 Trump accuse la \u00ab\u00a0diversit\u00e9\u00a0\u00bb comme cause de <a target=\"_blank\" href=\"https:\/\/www.liberation.fr\/checknews\/non-le-pilote-de-lhelicoptere-qui-a-percute-lavion-a-washington-nest-pas-une-femme-transgenre-20250131_CIIT3DLVCJBJPFGEFQIP7P66KE\/\" target=\"_blank\" rel=\"noopener\">l\u2019accident mortel<\/a> impliquant un h\u00e9licopt\u00e8re militaire et un avion civil. Plus de 40 morts. Sans commentaire tellement c\u2019est malfaisant.<\/div>\n<\/div>\n<div class=\"x11i5rnm xat24cr x1mh8g0r x1vvkbs xtlvy1s x126k92a\">\n<div dir=\"auto\">\u2013 Elon Musk promet la <a target=\"_blank\" href=\"https:\/\/x.com\/elonmusk\/status\/1884421635752722879\" target=\"_blank\" rel=\"noopener\">prison \u00e0 perp\u00e9tuit\u00e9<\/a> aux personnels de sant\u00e9 qui ont accompagn\u00e9 un jeune dans sa transition.<\/div>\n<\/div>\n<div class=\"x11i5rnm xat24cr x1mh8g0r x1vvkbs xtlvy1s x126k92a\">\n<div dir=\"auto\">\u2013<a target=\"_blank\" href=\"https:\/\/abcnews.go.com\/amp\/Health\/multiple-health-agency-websites-hiv-contraception-comply-executive\/story?id=118335484\" target=\"_blank\" rel=\"noopener\"> Plusieurs sites officiels<\/a> du gouvernement sur la contraception et l\u2019aide \u00e0 la procr\u00e9ation ont \u00e9t\u00e9 supprim\u00e9s par l\u2019administration Trump, confirmant l\u2019influence de groupes religieux dans la politique.<\/div>\n<\/div>\n<div class=\"x11i5rnm xat24cr x1mh8g0r x1vvkbs xtlvy1s x126k92a\">\n<div dir=\"auto\">\u2013 Trump promet de <a target=\"_blank\" href=\"https:\/\/abcnews.go.com\/amp\/Politics\/trumps-executive-order-restrict-education-topics\/story?id=118239458\" target=\"_blank\" rel=\"noopener\">couper les financements<\/a> aux \u00e9coles qui mettent en pratique tout ce qui touche \u00e0 la diversit\u00e9. Une man\u0153uvre pour asphyxier les \u00e9coles des zones populaires.<\/div>\n<\/div>\n<div class=\"x11i5rnm xat24cr x1mh8g0r x1vvkbs xtlvy1s x126k92a\">\n<div dir=\"auto\">\u2013 Trump a <a target=\"_blank\" href=\"https:\/\/ici.radio-canada.ca\/nouvelle\/2137070\/chopra-congediement-trump-agence-protection-consommateur\" target=\"_blank\" rel=\"noopener\">renvoy\u00e9 le patron<\/a> de la lutte contre les mauvaises pratiques financi\u00e8res. Un cadeau aux copains.<\/div>\n<\/div>\n<div class=\"x11i5rnm xat24cr x1mh8g0r x1vvkbs xtlvy1s x126k92a\">\n<div dir=\"auto\">\u2013 Trump a gel\u00e9 la majorit\u00e9 des <a target=\"_blank\" href=\"https:\/\/www.lemonde.fr\/international\/article\/2025\/02\/01\/donald-trump-seme-le-chaos-et-la-panique-en-gelant-l-aide-etrangere_6526177_3210.html\" target=\"_blank\" rel=\"noopener\">aides internationales am\u00e9ricaines<\/a> avec des cons\u00e9quences d\u00e9sastreuses sur le terrain, y compris pour de nombreux citoyens am\u00e9ricains mobilis\u00e9s sur les zones de catastrophes naturelles.<\/div>\n<\/div>\n<div class=\"x11i5rnm xat24cr x1mh8g0r x1vvkbs xtlvy1s x126k92a\">\n<div dir=\"auto\">\u2013 <a target=\"_blank\" href=\"https:\/\/www.lapresse.ca\/international\/etats-unis\/2025-02-04\/departement-de-l-efficacite-gouvernementale\/l-agence-de-musk-prend-le-controle-des-systemes-de-paiement-du-tresor.php\" target=\"_blank\" rel=\"noopener\">Acc\u00e8s ill\u00e9gal d\u2019Elon Musk<\/a> dans les donn\u00e9es nationales du D\u00e9partement du Tr\u00e9sor. On parle d\u2019un Coup d\u2019Etat contre les institutions ind\u00e9pendantes am\u00e9ricaines.<\/div>\n<\/div>\n<p><h2><strong>Mise \u00e0 jour au 12\/02\/2025<\/strong><\/h2>\n<\/p>\n<div dir=\"auto\">\u2013 Suivant l\u2019ordre ex\u00e9cutif de Trump, <a target=\"_blank\" href=\"https:\/\/www.yahoo.com\/news\/trump-orders-nasa-purge-mentions-120008493.html?guccounter=1\">la NASA supprime de ses documentations des termes<\/a> en rapport avec l\u2019\u00e9quit\u00e9, l\u2019inclusion, l\u2019accessibilit\u00e9, les minorit\u00e9s ou encore toute initiative visant sp\u00e9cifiquement les femmes (dans le leadership par exemple).<\/div>\n<hr\/>\n<p>Photo de couverture : Le pr\u00e9sident<a target=\"_blank\" class=\"extiw\" title=\"avec:Donald Trump\" href=\"https:\/\/en.wikipedia.org\/wiki\/Donald_Trump\">\u00a0Donald Trump<\/a>\u00a0pr\u00eate serment le 20 janvier 2017 au Capitole des \u00c9tats-Unis \u00e0 Washington, DC Melania Trump porte un ensemble en cachemire bleu ciel Ralph Lauren. Il tient sa main gauche sur deux versions de la<a target=\"_blank\" class=\"extiw\" title=\"fr:Bible\" href=\"https:\/\/en.wikipedia.org\/wiki\/Bible\">\u00a0Bible<\/a> , une Bible d\u2019enfance que lui a donn\u00e9e sa m\u00e8re, ainsi que la Bible d\u2019Abraham Lincoln. Wikimedia.<\/p>\n<div class=\"td-a-rec td-a-rec-id-content_bottom  tdi_2 td_block_template_1\">\n<span class=\"td-adspot-title\">&#8211; Cet article gratuit et ind\u00e9pendant existe gr\u00e2ce \u00e0 vous &#8211;<\/span><\/p>\n<div class=\"td-all-devices\">\n    <a target=\"_blank\" href=\"https:\/\/mrmondialisation.org\/donation\/\" title=\"Faire_un_don\"><img decoding=\"async\" class=\"donationArticle\" src=\"https:\/\/mrmondialisation.org\/wp-content\/uploads\/2022\/12\/220405-flikalicious-final.jpg\" alt=\"Donation\"\/><\/a>\n<\/div>\n<\/div><\/div>\n<p><br \/>\n<br \/><a href=\"https:\/\/mrmondialisation.org\/9-atrocites-trump-mandat\/\" target=\"_blank\"\">Source link <\/a><\/p>\n","protected":false},"excerpt":{"rendered":"<p>Depuis qu\u2019il a \u00e9t\u00e9 \u00e9lu, puis investi le 20 janvier dernier, le pr\u00e9sident am\u00e9ricain Donald Trump a multipli\u00e9 les provocations et les actions choquantes. De quoi s\u2019inqui\u00e9ter s\u00e9rieusement des cons\u00e9quences&hellip; <\/p>\n","protected":false},"author":1,"featured_media":2517,"comment_status":"open","ping_status":"open","sticky":false,"template":"","format":"standard","meta":{"footnotes":""},"categories":[1],"tags":[],"class_list":["post-2516","post","type-post","status-publish","format-standard","has-post-thumbnail","hentry","category-non-classe"],"_links":{"self":[{"href":"https:\/\/monde25.info\/index.php\/wp-json\/wp\/v2\/posts\/2516","targetHints":{"allow":["GET"]}}],"collection":[{"href":"https:\/\/monde25.info\/index.php\/wp-json\/wp\/v2\/posts"}],"about":[{"href":"https:\/\/monde25.info\/index.php\/wp-json\/wp\/v2\/types\/post"}],"author":[{"embeddable":true,"href":"https:\/\/monde25.info\/index.php\/wp-json\/wp\/v2\/users\/1"}],"replies":[{"embeddable":true,"href":"https:\/\/monde25.info\/index.php\/wp-json\/wp\/v2\/comments?post=2516"}],"version-history":[{"count":0,"href":"https:\/\/monde25.info\/index.php\/wp-json\/wp\/v2\/posts\/2516\/revisions"}],"wp:featuredmedia":[{"embeddable":true,"href":"https:\/\/monde25.info\/index.php\/wp-json\/wp\/v2\/media\/2517"}],"wp:attachment":[{"href":"https:\/\/monde25.info\/index.php\/wp-json\/wp\/v2\/media?parent=2516"}],"wp:term":[{"taxonomy":"category","embeddable":true,"href":"https:\/\/monde25.info\/index.php\/wp-json\/wp\/v2\/categories?post=2516"},{"taxonomy":"post_tag","embeddable":true,"href":"https:\/\/monde25.info\/index.php\/wp-json\/wp\/v2\/tags?post=2516"}],"curies":[{"name":"wp","href":"https:\/\/api.w.org\/{rel}","templated":true}]}}