{"id":25165,"date":"2026-03-12T20:43:35","date_gmt":"2026-03-12T19:43:35","guid":{"rendered":"https:\/\/monde25.info\/index.php\/2026\/03\/12\/vols-tentatives-de-cambriolage-une-journaliste-du-monde-specialiste-des-pfas-depose-plainte\/"},"modified":"2026-03-12T20:43:35","modified_gmt":"2026-03-12T19:43:35","slug":"vols-tentatives-de-cambriolage-une-journaliste-du-monde-specialiste-des-pfas-depose-plainte","status":"publish","type":"post","link":"https:\/\/monde25.info\/index.php\/2026\/03\/12\/vols-tentatives-de-cambriolage-une-journaliste-du-monde-specialiste-des-pfas-depose-plainte\/","title":{"rendered":"Vols, tentatives de cambriolage\u00a0: une journaliste du \u00ab\u00a0Monde\u00a0\u00bb, sp\u00e9cialiste des PFAS, d\u00e9pose plainte"},"content":{"rendered":"<p> <br \/>\n<br \/><img loading=\"lazy\" decoding=\"async\" src=\"https:\/\/reporterre.net\/local\/cache-vignettes\/L700xH467\/afp__20231129__hl_fgarenzi_2147579__v2__highres__franceillustrationlemondewebsiteand_1_-e4ff4.jpg?1773333340\" class=\"spip_logo\" width=\"700\" height=\"467\" alt=\"\" \/><\/p>\n<p>La journaliste d&rsquo;investigation St\u00e9phane Horel et Le Monde ont d\u00e9pos\u00e9 plainte contre X le 18\u00a0f\u00e9vrier, apr\u00e8s une s\u00e9rie de six faits survenus entre janvier 2024 et septembre 2025\u00a0: 3\u00a0tentatives de cambriolage \u00e0 son domicile et 3\u00a0vols de mat\u00e9riel professionnel, dont 2\u00a0ordinateurs portables et un t\u00e9l\u00e9phone. <br class=\"autobr\" \/><br \/>\nSelon la plainte consult\u00e9e par Mediapart, les images de vid\u00e9osurveillance montrent notamment, le 3\u00a0septembre 2025, un homme se diriger directement vers le v\u00e9lo de la journaliste \u2014 parmi des\u00a0(\u2026)<\/p>\n<p>                    <a target=\"_blank\" href=\"https:\/\/reporterre.net\/Vols-tentatives-de-cambriolage-une-journaliste-du-Monde-specialiste-des-PFAS-depose-plainte?utm_source=RSS&amp;utm_medium=RSS\">Lire la suite<\/a><\/p>\n<p>                    &#8211;<br \/>\n                        <a target=\"_blank\" href=\"https:\/\/reporterre.net\/Breves-20\" rel=\"directory\">En bref<\/a><\/p>\n<p>                    \/<br \/>\n                        <a target=\"_blank\" href=\"https:\/\/reporterre.net\/Libertes-46\" rel=\"tag\">Libert\u00e9s<\/a><br \/>\n                    ,<br \/>\n                        <a target=\"_blank\" href=\"https:\/\/reporterre.net\/Medias\" rel=\"tag\">M\u00e9dias<\/a><br \/>\n<br \/><br \/>\n<br \/><a href=\"https:\/\/reporterre.net\/Vols-tentatives-de-cambriolage-une-journaliste-du-Monde-specialiste-des-PFAS-depose-plainte\" target=\"_blank\"\">Source link <\/a><\/p>\n","protected":false},"excerpt":{"rendered":"<p>La journaliste d&rsquo;investigation St\u00e9phane Horel et Le Monde ont d\u00e9pos\u00e9 plainte contre X le 18\u00a0f\u00e9vrier, apr\u00e8s une s\u00e9rie de six faits survenus entre janvier 2024 et septembre 2025\u00a0: 3\u00a0tentatives de&hellip; <\/p>\n","protected":false},"author":1,"featured_media":0,"comment_status":"open","ping_status":"open","sticky":false,"template":"","format":"standard","meta":{"footnotes":""},"categories":[1],"tags":[],"class_list":["post-25165","post","type-post","status-publish","format-standard","hentry","category-non-classe"],"_links":{"self":[{"href":"https:\/\/monde25.info\/index.php\/wp-json\/wp\/v2\/posts\/25165","targetHints":{"allow":["GET"]}}],"collection":[{"href":"https:\/\/monde25.info\/index.php\/wp-json\/wp\/v2\/posts"}],"about":[{"href":"https:\/\/monde25.info\/index.php\/wp-json\/wp\/v2\/types\/post"}],"author":[{"embeddable":true,"href":"https:\/\/monde25.info\/index.php\/wp-json\/wp\/v2\/users\/1"}],"replies":[{"embeddable":true,"href":"https:\/\/monde25.info\/index.php\/wp-json\/wp\/v2\/comments?post=25165"}],"version-history":[{"count":0,"href":"https:\/\/monde25.info\/index.php\/wp-json\/wp\/v2\/posts\/25165\/revisions"}],"wp:attachment":[{"href":"https:\/\/monde25.info\/index.php\/wp-json\/wp\/v2\/media?parent=25165"}],"wp:term":[{"taxonomy":"category","embeddable":true,"href":"https:\/\/monde25.info\/index.php\/wp-json\/wp\/v2\/categories?post=25165"},{"taxonomy":"post_tag","embeddable":true,"href":"https:\/\/monde25.info\/index.php\/wp-json\/wp\/v2\/tags?post=25165"}],"curies":[{"name":"wp","href":"https:\/\/api.w.org\/{rel}","templated":true}]}}