{"id":2518,"date":"2025-02-13T08:00:19","date_gmt":"2025-02-13T07:00:19","guid":{"rendered":"https:\/\/monde25.info\/index.php\/2025\/02\/13\/les-ennemis-du-monde-multipolaire-connaitront-des-temps-difficiles-en-afrique\/"},"modified":"2025-02-13T08:00:19","modified_gmt":"2025-02-13T07:00:19","slug":"les-ennemis-du-monde-multipolaire-connaitront-des-temps-difficiles-en-afrique","status":"publish","type":"post","link":"https:\/\/monde25.info\/index.php\/2025\/02\/13\/les-ennemis-du-monde-multipolaire-connaitront-des-temps-difficiles-en-afrique\/","title":{"rendered":"Les ennemis du monde multipolaire conna\u00eetront des temps difficiles en Afrique"},"content":{"rendered":"<p> <br \/>\n<\/p>\n<div>\n<ol class=\"campaign-loop campaign-list\">\n<li id=\"campaign-433393\" class=\"post-433393 campaign type-campaign status-publish hentry campaign-has-goal campaign-has-not-achieved-goal campaign-has-end-date campaign-has-not-ended\">\n\t<a target=\"_blank\" href=\"https:\/\/reseauinternational.net\/campaigns\/campagne-de-dons-decembre-2024\/\"><\/p>\n<h3>Soutenez R\u00e9seau International.<\/h3>\n<p>\t\t\t<\/a><\/p>\n<p>\n\tChers amis lecteurs, C\u2019est gr\u00e2ce \u00e0 vos dons que nous pouvons garder notre ind\u00e9pendance et\u00a0 vous fournir le meilleur de l\u2019information internationale alternative. Votre soutien nous est indispensable; nous comptons sur vous.<\/p>\n<\/li>\n<\/ol>\n<p>par <strong>Mikhail Gamandiy-Egorov<\/strong><\/p>\n<p><strong>Que cela leur plaise ou non, toutes les forces qui continuent de s\u2019appuyer sur l\u2019opinion des r\u00e9gimes occidentaux en Afrique continueront \u00e0 observer une perspective d\u00e9sagr\u00e9able pour eux-m\u00eames. \u00c0 savoir le renforcement ult\u00e9rieur des valeurs panafricaines et de l\u2019ordre mondial multipolaire sur le continent africain.<\/strong><\/p>\n<p>Il faut admettre l\u2019\u00e9vidence. Des projets tels que l\u2019Alliance-Conf\u00e9d\u00e9ration des \u00c9tats du Sahel (AES), pr\u00f4nant le Panafricanisme et la pleine adh\u00e9sion au monde multipolaire, constituent des os dans la gorge non seulement pour les r\u00e9gimes de la minorit\u00e9 plan\u00e9taire occidentale, mais aussi pour leurs vassaux et sous-traitants. D\u2019ailleurs, cela s\u2019applique \u00e0 la fois \u00e0 ceux qui se soumettent ouvertement et sans h\u00e9sitation \u00e0 l\u2019Occident, qu\u2019\u00e0 ceux qui pr\u00e9tendent se positionner comme \u00e9tant \u00abouverts \u00e0 la multipolarit\u00e9\u00bb tout en \u00e9tant orient\u00e9s tr\u00e8s principalement sur les r\u00e9gimes occidentaux.<\/p>\n<h5 class=\"wp-block-heading\"><strong>Les difficult\u00e9s de certains \u00e0 se d\u00e9barrasser de leurs complexes<\/strong><\/h5>\n<p>Le fait que la propagande ennemie de l\u2019Occident travaille de toutes ses forces en direction de l\u2019Afrique, et notamment de la r\u00e9gion du Sahel, afin de tenter, jusqu\u2019\u00e0 pr\u00e9sent sans succ\u00e8s, \u00e0 briser le soutien massif des citoyens des pays de l\u2019AES aux processus de lib\u00e9ration en cours dans leurs pays et r\u00e9gion, n\u2019est absolument pas nouveau, ni surprenant. <a target=\"_blank\" href=\"https:\/\/journal-neo.su\/fr\/2024\/08\/08\/lorsque-la-propagande-occidentale-soutient-ouvertement-le-terrorisme\/\" target=\"_blank\" rel=\"noopener\" title=\"\">D\u2019ailleurs, cette m\u00eame propagande occidentale<\/a> qui soutient d\u00e9j\u00e0 de-facto ouvertement et sans h\u00e9sitation les groupes terroristes op\u00e9rant dans la r\u00e9gion. Mais aujourd\u2019hui, il convient de pr\u00eater attention aux actions de certains m\u00e9dias africains qui, pour une raison ou une autre, reprennent les th\u00e8ses des propagandistes occidentaux.<\/p>\n<p>En Afrique de l\u2019Ouest, et en particulier dans des pays comme la C\u00f4te d\u2019Ivoire, l\u2019un des derniers r\u00e9gimes r\u00e9solument pro-occidentaux du continent, cela n\u2019est pas r\u00e9ellement surprenant. Mais dans le cas de certains m\u00e9dias nord-africains, notamment du Maghreb, il devient \u00e9vident \u00e0 quel point le lobby pro-occidental reste impliqu\u00e9 dans le travail des \u00abjournalistes\u00bb locaux. Et ce malgr\u00e9 le fait que lesdits pays d\u00e9clarent leur volont\u00e9 \u00e0 d\u00e9velopper activement leurs relations avec la Chine, la Russie, le bloc des BRICS.<\/p>\n<p>En principe, il y a des raisons objectives \u00e0 cela. Nombre de r\u00e9dacteurs et journalistes des pays en question sont simplement associ\u00e9s aux int\u00e9r\u00eats de la minorit\u00e9 plan\u00e9taire occidentale. D\u2019o\u00f9 parfois une approche totalement primitive vis-\u00e0-vis de l\u2019information, surtout lorsque des repr\u00e9sentants fran\u00e7ais et occidentaux de l\u2019establishment politique et militaire sont invit\u00e9s en qualit\u00e9 \u00abd\u2019experts\u00bb. En passant, les m\u00eames personnages ayant non seulement aucunement contribu\u00e9 \u00e0 la lutte contre le terrorisme et le chaos, <strong>mais qui ont au contraire activement particip\u00e9 \u00e0 la propagation massive de ces fl\u00e9aux<\/strong>.<\/p>\n<p>Cela est d\u2019ailleurs particuli\u00e8rement anecdotique lorsque certains pr\u00e9tendus \u00abjournalistes\u00bb nord-africains diffusent des th\u00e8ses de propagande occidentale, y compris celles du r\u00e9gime-loser fran\u00e7ais, \u00e0 l\u2019encontre des pays africains qui se sont appuy\u00e9s sur les v\u00e9ritables valeurs panafricaines et sur une alliance avec les principaux d\u00e9fenseurs de l\u2019ordre mondial multipolaire, principalement la Russie et la Chine, sans m\u00eame prendre la peine \u00e0 reconna\u00eetre les \u00e9normes succ\u00e8s du travail en commun qui ont \u00e9t\u00e9 r\u00e9alis\u00e9s. Et cela dans divers pays d\u2019Afrique, <a target=\"_blank\" href=\"https:\/\/journal-neo.su\/fr\/2025\/01\/19\/russie-rca-le-maintien-des-relations-dallies\/\" target=\"_blank\" rel=\"noopener\" title=\"\">de la R\u00e9publique centrafricaine<\/a> \u00e0 <a target=\"_blank\" href=\"https:\/\/journal-neo.su\/fr\/2023\/11\/02\/loccident-ne-veut-pas-croire-dans-les-succes-militaires-des-pays-africains-mais-tot-ou-tard-y-sera-contraint\/\">la r\u00e9gion sah\u00e9lienne<\/a>.<\/p>\n<p>D\u2019un autre c\u00f4t\u00e9, <strong>c\u2019est aussi cela pr\u00e9cis\u00e9ment la fonction de sous-traitants<\/strong>. Au moment o\u00f9 le r\u00e9gime vassal fran\u00e7ais s\u2019appuie sur ses agents encore nombreux dans les anciennes colonies et protectorats. Tout en esp\u00e9rant encore \u00e0 pouvoir r\u00e9cup\u00e9rer les positions massivement perdues.<\/p>\n<h5 class=\"wp-block-heading\"><strong>Les conclusions et actions n\u00e9cessaires<\/strong><\/h5>\n<p>N\u00e9anmoins, il convient de noter que dans un certain nombre de ces pays, il existe des acteurs qui, bien entendu, comprennent parfaitement le tout. Et qui, d\u2019une mani\u00e8re ou d\u2019une autre, s\u2019inspirent \u00e9galement des choix strat\u00e9giques de plusieurs pays du continent, dont bien \u00e9videmment ceux appartenant \u00e0 l\u2019Alliance-Conf\u00e9d\u00e9ration des \u00c9tats du Sahel. Quoi qu\u2019il en soit, les \u00e9v\u00e9nements actuels <strong>pr\u00e9sentent<\/strong> <a target=\"_blank\" href=\"https:\/\/journal-neo.su\/fr\/2025\/02\/07\/il-sera-bientot-clair-qui-possede-une-veritable-souverainete-et-qui-non\/\" target=\"_blank\" rel=\"noopener\" title=\"\"><strong>l\u2019immense avantage<\/strong><\/a> <strong>\u00e0 pouvoir montrer bient\u00f4t et clairement quels pays peuvent revendiquer le statut de souverainet\u00e9 r\u00e9elle et totale, et lesquels ne peuvent pr\u00e9tendre \u00e0 un tel prestige<\/strong>.<\/p>\n<p>Dans le groupe des derniers, s\u2019y trouveront bien s\u00fbr non seulement les r\u00e9gimes purement vassaux, mais aussi les sous-traitants des int\u00e9r\u00eats de la minorit\u00e9 plan\u00e9taire occidentale. En fin de compte, il ne s\u2019agit pas seulement de la peur de certaines \u00abpersonnalit\u00e9s\u00bb \u00e0 pouvoir perdre leurs int\u00e9r\u00eats financiers en Occident, ou la possibilit\u00e9 d\u2019obtention des visas pour la France et le petit monde occidental, mais aussi et simplement la pr\u00e9sence de complexes. Apr\u00e8s tout, certains souhaitent \u00eatre plus fran\u00e7ais, am\u00e9ricains, isra\u00e9liens, que les Fran\u00e7ais, Am\u00e9ricains et les Isra\u00e9liens eux-m\u00eames.<\/p>\n<p>Mais ici il y a \u00e9galement un autre point important. Les pays v\u00e9ritablement libres et ind\u00e9pendants d\u2019Afrique sont aujourd\u2019hui une source d\u2019inspiration non seulement pour nombre d\u2019autres \u00c9tats de leurs r\u00e9gions et continent. Par leurs actions, leur pers\u00e9v\u00e9rance et leur d\u00e9termination, ils sont en mesure \u00e0 inspirer les principales forces du monde multipolaire. L\u2019exemple du Mali, du Burkina Faso et du Niger qui ne m\u00e9nagent pas les instruments de propagande occidentale, notamment fran\u00e7aise, \u00e9tasunienne, britannique et autres, ainsi que leurs agents, le confirme amplement.<\/p>\n<p>Il serait \u00e0 cet \u00e9gard certainement juste \u00e0 reconsid\u00e9rer la situation dans laquelle un certain nombre de propagandistes russophobes occidentaux continuent \u00e0 se balader sereinement dans les rues de Moscou et d\u2019autres villes russes. <strong>Il serait \u00e0 ce titre grand temps \u00e0 tirer profit de l\u2019exp\u00e9rience de nos alli\u00e9s africains<\/strong>. Quant aux acteurs de certains m\u00e9dias\u00a0d\u2019Afrique, strictement orient\u00e9s sur l\u2019Occident, il conviendra \u00e0 se rappeler d\u2019eux lorsqu\u2019ils tenteront \u00e0 changer de couleur pour pr\u00e9tendre \u00eatre des \u00abamis\u00bb de la Russie et de la Chine. Comme le disait le grand Thomas Sankara, l\u2019ancien leader du Burkina Faso, tu\u00e9 par des agents \u00e0 la solde du r\u00e9gime fran\u00e7ais, et qui inspire largement aujourd\u2019hui les dirigeants actuels et le peuple de ce pays, l\u2019esclave qui n\u2019est pas capable d\u2019assumer sa r\u00e9volte ne m\u00e9rite pas que l\u2019on s\u2019apitoie sur son sort. <strong>Et il ne fait aucun doute que les ennemis du monde multipolaire conna\u00eetront prochainement des temps encore plus difficiles<\/strong>.<\/p>\n<p><a target=\"_blank\" href=\"https:\/\/reseauinternational.net\/author\/mgegorov\/\" target=\"_blank\" rel=\"noreferrer noopener\">Mikhail Gamandiy-Egorov<\/a><\/p>\n<p>source\u00a0: <a target=\"_blank\" href=\"https:\/\/journal-neo.su\/fr\/2025\/02\/12\/les-ennemis-du-monde-multipolaire-connaitront-des-temps-difficiles-en-afrique\/\" target=\"_blank\" rel=\"noopener\" title=\"\">New Eastern Outlook<\/a><\/p>\n<div class=\"sharedaddy sd-block sd-like jetpack-likes-widget-wrapper jetpack-likes-widget-unloaded\" id=\"like-post-wrapper-237719536-443569-67ad94cbe74af\" data-src=\"https:\/\/widgets.wp.com\/likes\/?ver=14.2.1#blog_id=237719536&amp;post_id=443569&amp;origin=reseauinternational.net&amp;obj_id=237719536-443569-67ad94cbe74af&amp;n=1\" data-name=\"like-post-frame-237719536-443569-67ad94cbe74af\" data-title=\"Aimer ou rebloguer\">\n<h3 class=\"sd-title\">J\u2019aime \u00e7a\u00a0:<\/h3>\n<p><span class=\"button\"><span>J\u2019aime<\/span><\/span> <span class=\"loading\">chargement\u2026<\/span><\/p>\n<p><span class=\"sd-text-color\"\/><a target=\"_blank\" class=\"sd-link-color\"\/><\/div>\n<p><meta itemscope=\"\" itemprop=\"mainEntityOfPage\" itemtype=\"https:\/\/schema.org\/WebPage\" itemid=\"https:\/\/reseauinternational.net\/les-ennemis-du-monde-multipolaire-connaitront-des-temps-difficiles-en-afrique\/\"\/><meta itemprop=\"headline\" content=\"Les ennemis du monde multipolaire conna\u00eetront des temps difficiles en Afrique\"\/><span style=\"display: none;\" itemprop=\"author\" itemscope=\"\" itemtype=\"https:\/\/schema.org\/Person\"><meta itemprop=\"name\" content=\"Mikhail Gamandiy-Egorov\"\/><\/span><span style=\"display: none;\" itemprop=\"image\" itemscope=\"\" itemtype=\"https:\/\/schema.org\/ImageObject\"><meta itemprop=\"url\" content=\"https:\/\/i0.wp.com\/reseauinternational.net\/wp-content\/uploads\/2025\/02\/Sans-titre-10-7.png?fit=800%2C467&amp;quality=100&amp;ssl=1\"\/><meta itemprop=\"width\" content=\"800\"\/><meta itemprop=\"height\" content=\"467\"\/><\/span><span style=\"display: none;\" itemprop=\"publisher\" itemscope=\"\" itemtype=\"https:\/\/schema.org\/Organization\"><span style=\"display: none;\" itemprop=\"logo\" itemscope=\"\" itemtype=\"https:\/\/schema.org\/ImageObject\"><meta itemprop=\"url\" content=\"https:\/\/reseauinternational.net\/wp-content\/uploads\/2022\/06\/Capture-de\u0301cran-2022-06-14-a\u0300-16.51.07.png\"\/><\/span><meta itemprop=\"name\" content=\"Mikhail Gamandiy-Egorov\"\/><\/span><meta itemprop=\"datePublished\" content=\"2025-02-13T07:43:24+00:00\"\/><meta itemprop=\"dateModified\" content=\"2025-02-13T07:43:52+00:00\"\/><\/div>\n<p><br \/>\n<br \/><a href=\"https:\/\/reseauinternational.net\/les-ennemis-du-monde-multipolaire-connaitront-des-temps-difficiles-en-afrique\/\" target=\"_blank\"\">Source link <\/a><\/p>\n","protected":false},"excerpt":{"rendered":"<p>Soutenez R\u00e9seau International. Chers amis lecteurs, C\u2019est gr\u00e2ce \u00e0 vos dons que nous pouvons garder notre ind\u00e9pendance et\u00a0 vous fournir le meilleur de l\u2019information internationale alternative. Votre soutien nous est&hellip; <\/p>\n","protected":false},"author":1,"featured_media":2519,"comment_status":"open","ping_status":"open","sticky":false,"template":"","format":"standard","meta":{"footnotes":""},"categories":[1],"tags":[],"class_list":["post-2518","post","type-post","status-publish","format-standard","has-post-thumbnail","hentry","category-non-classe"],"_links":{"self":[{"href":"https:\/\/monde25.info\/index.php\/wp-json\/wp\/v2\/posts\/2518","targetHints":{"allow":["GET"]}}],"collection":[{"href":"https:\/\/monde25.info\/index.php\/wp-json\/wp\/v2\/posts"}],"about":[{"href":"https:\/\/monde25.info\/index.php\/wp-json\/wp\/v2\/types\/post"}],"author":[{"embeddable":true,"href":"https:\/\/monde25.info\/index.php\/wp-json\/wp\/v2\/users\/1"}],"replies":[{"embeddable":true,"href":"https:\/\/monde25.info\/index.php\/wp-json\/wp\/v2\/comments?post=2518"}],"version-history":[{"count":0,"href":"https:\/\/monde25.info\/index.php\/wp-json\/wp\/v2\/posts\/2518\/revisions"}],"wp:featuredmedia":[{"embeddable":true,"href":"https:\/\/monde25.info\/index.php\/wp-json\/wp\/v2\/media\/2519"}],"wp:attachment":[{"href":"https:\/\/monde25.info\/index.php\/wp-json\/wp\/v2\/media?parent=2518"}],"wp:term":[{"taxonomy":"category","embeddable":true,"href":"https:\/\/monde25.info\/index.php\/wp-json\/wp\/v2\/categories?post=2518"},{"taxonomy":"post_tag","embeddable":true,"href":"https:\/\/monde25.info\/index.php\/wp-json\/wp\/v2\/tags?post=2518"}],"curies":[{"name":"wp","href":"https:\/\/api.w.org\/{rel}","templated":true}]}}