{"id":25182,"date":"2026-03-13T06:03:37","date_gmt":"2026-03-13T05:03:37","guid":{"rendered":"https:\/\/monde25.info\/index.php\/2026\/03\/13\/golf-dans-le-sud-le-deni-climatique-dun-representant-de-la-prefecture\/"},"modified":"2026-03-13T06:03:37","modified_gmt":"2026-03-13T05:03:37","slug":"golf-dans-le-sud-le-deni-climatique-dun-representant-de-la-prefecture","status":"publish","type":"post","link":"https:\/\/monde25.info\/index.php\/2026\/03\/13\/golf-dans-le-sud-le-deni-climatique-dun-representant-de-la-prefecture\/","title":{"rendered":"Golf dans le Sud\u00a0: le d\u00e9ni climatique d&#039;un repr\u00e9sentant de la pr\u00e9fecture"},"content":{"rendered":"<p> <br \/>\n<br \/><img loading=\"lazy\" decoding=\"async\" src=\"https:\/\/reporterre.net\/local\/cache-vignettes\/L700xH467\/gogolf-52754.jpg?1773319882\" class=\"spip_logo\" width=\"700\" height=\"467\" alt=\"\" \/><\/p>\n<p>Un repr\u00e9sentant de l&rsquo;\u00c9tat pris en flagrant d\u00e9ni climatique. Mardi 10\u00a0mars, au tribunal administratif de Montpellier, se tenait l&rsquo;audience concernant le projet contest\u00e9 de golf \u00e0 Villeneuve-de-la-Raho, dans les Pyr\u00e9n\u00e9es-Orientales. Alors que ce d\u00e9partement sort de plusieurs ann\u00e9es d&rsquo;aridit\u00e9 extr\u00eame, le repr\u00e9sentant de la pr\u00e9fecture, Bruno Leteurtre, a affirm\u00e9 que \u00ab<small class=\"fine d-inline\">\u00a0<\/small>la s\u00e9cheresse reste un \u00e9l\u00e9ment conjoncturel, et non structurel<small class=\"fine d-inline\">\u00a0<\/small>\u00bb, selon les propos rapport\u00e9s par le journal L&rsquo;Ind\u00e9pendant. <br class=\"autobr\" \/><br \/>\nIl\u00a0(\u2026)<\/p>\n<p>                    <a target=\"_blank\" href=\"https:\/\/reporterre.net\/Golf-dans-le-Sud-le-deni-climatique-d-un-representant-de-la-prefecture?utm_source=RSS&amp;utm_medium=RSS\">Lire la suite<\/a><\/p>\n<p>                    &#8211;<br \/>\n                        <a target=\"_blank\" href=\"https:\/\/reporterre.net\/Breves-20\" rel=\"directory\">En bref<\/a><\/p>\n<p>                    \/<br \/>\n                        <a target=\"_blank\" href=\"https:\/\/reporterre.net\/Climat-18\" rel=\"tag\">Climat <\/a><br \/>\n                    ,<br \/>\n                        <a target=\"_blank\" href=\"https:\/\/reporterre.net\/Justice\" rel=\"tag\">Justice<\/a><br \/>\n<br \/><br \/>\n<br \/><a href=\"https:\/\/reporterre.net\/Golf-dans-le-Sud-le-deni-climatique-d-un-representant-de-la-prefecture\" target=\"_blank\"\">Source link <\/a><\/p>\n","protected":false},"excerpt":{"rendered":"<p>Un repr\u00e9sentant de l&rsquo;\u00c9tat pris en flagrant d\u00e9ni climatique. Mardi 10\u00a0mars, au tribunal administratif de Montpellier, se tenait l&rsquo;audience concernant le projet contest\u00e9 de golf \u00e0 Villeneuve-de-la-Raho, dans les Pyr\u00e9n\u00e9es-Orientales.&hellip; <\/p>\n","protected":false},"author":1,"featured_media":0,"comment_status":"open","ping_status":"open","sticky":false,"template":"","format":"standard","meta":{"footnotes":""},"categories":[1],"tags":[],"class_list":["post-25182","post","type-post","status-publish","format-standard","hentry","category-non-classe"],"_links":{"self":[{"href":"https:\/\/monde25.info\/index.php\/wp-json\/wp\/v2\/posts\/25182","targetHints":{"allow":["GET"]}}],"collection":[{"href":"https:\/\/monde25.info\/index.php\/wp-json\/wp\/v2\/posts"}],"about":[{"href":"https:\/\/monde25.info\/index.php\/wp-json\/wp\/v2\/types\/post"}],"author":[{"embeddable":true,"href":"https:\/\/monde25.info\/index.php\/wp-json\/wp\/v2\/users\/1"}],"replies":[{"embeddable":true,"href":"https:\/\/monde25.info\/index.php\/wp-json\/wp\/v2\/comments?post=25182"}],"version-history":[{"count":0,"href":"https:\/\/monde25.info\/index.php\/wp-json\/wp\/v2\/posts\/25182\/revisions"}],"wp:attachment":[{"href":"https:\/\/monde25.info\/index.php\/wp-json\/wp\/v2\/media?parent=25182"}],"wp:term":[{"taxonomy":"category","embeddable":true,"href":"https:\/\/monde25.info\/index.php\/wp-json\/wp\/v2\/categories?post=25182"},{"taxonomy":"post_tag","embeddable":true,"href":"https:\/\/monde25.info\/index.php\/wp-json\/wp\/v2\/tags?post=25182"}],"curies":[{"name":"wp","href":"https:\/\/api.w.org\/{rel}","templated":true}]}}