{"id":25183,"date":"2026-03-13T06:37:24","date_gmt":"2026-03-13T05:37:24","guid":{"rendered":"https:\/\/monde25.info\/index.php\/2026\/03\/13\/nemesis-linstrumentalisation-des-femmes-iraniennes\/"},"modified":"2026-03-13T06:37:24","modified_gmt":"2026-03-13T05:37:24","slug":"nemesis-linstrumentalisation-des-femmes-iraniennes","status":"publish","type":"post","link":"https:\/\/monde25.info\/index.php\/2026\/03\/13\/nemesis-linstrumentalisation-des-femmes-iraniennes\/","title":{"rendered":"N\u00e9m\u00e9sis : l\u2019instrumentalisation des femmes iraniennes"},"content":{"rendered":"<p> <br \/>\n<\/p>\n<div>\n<h4><b>N\u00e9 en 2019 dans les cercles identitaires et n\u00e9ofascistes, le collectif N\u00e9m\u00e9sis a r\u00e9ussi un tour de force m\u00e9diatique : se faire passer pour un mouvement f\u00e9ministe. Derri\u00e8re les banderoles sur les violences faites aux femmes et les selfies avec des ministres, se dessine une r\u00e9alit\u00e9 bien plus sombre\u00a0: un groupuscule d\u2019extr\u00eame droite raciste, dont le f\u00e9minisme n\u2019est qu\u2019une arme rh\u00e9torique au service d\u2019une id\u00e9ologie x\u00e9nophobe et islamophobe.<\/b><\/h4>\n<p>Au-del\u00e0 des <b>guet-apens organis\u00e9s avec des n\u00e9onazis <\/b>(r\u00e9v\u00e9l\u00e9s en f\u00e9vrier 2026 par l\u2019Humanit\u00e9), les incoh\u00e9rences du collectif N\u00e9m\u00e9sis sont multiples. Et l\u2019une des preuves les plus obsc\u00e8nes de leur imposture se joue en ce moment m\u00eame. Alors que les frappes am\u00e9ricaines et isra\u00e9liennes s\u2019abattent sur l\u2019Iran, <strong>N\u00e9m\u00e9sis agite \u00e0 nouveau les femmes iraniennes comme \u00e9tendard de guerre.<\/strong><\/p>\n<p>Soutenir Trump et Netanyahu au nom du f\u00e9minisme : le paradoxe serait risible s\u2019il ne r\u00e9v\u00e9lait pas quelque chose de fondamental sur ce que N\u00e9m\u00e9sis est vraiment. <b>Un collectif dont l\u2019unique boussole est la haine de l\u2019islam \u2013 et pour lequel les femmes, iraniennes ou fran\u00e7aises, ne sont jamais que des munitions<\/b>.<\/p>\n<p>Comment peut-on s\u00e9rieusement pr\u00e9tendre d\u00e9fendre les femmes iraniennes en soutenant une guerre dont l\u2019objectif n\u2019est pas leur \u00e9mancipation, mais le <a target=\"_blank\" href=\"https:\/\/mrmondialisation.org\/revolte-iranienne-repression-sanguinaire-imperialisme\/\" target=\"_blank\" rel=\"noopener\">contr\u00f4le d\u2019une r\u00e9gion qui abrite un cinqui\u00e8me des r\u00e9serves p\u00e9troli\u00e8res mondiales<\/a> ? <b>Instrumentaliser la souffrance des femmes pour justifier une guerre imp\u00e9rialiste est une pratique r\u00e9currente dans l\u2019histoire coloniale.<\/b><\/p>\n<p>La rh\u00e9torique de leur \u00ab\u00a0lib\u00e9ration\u00a0\u00bb sert depuis longtemps d\u2019argument dans la propagande imp\u00e9riale. N\u00e9m\u00e9sis a simplement repeinte cette derni\u00e8re aux couleurs du f\u00e9minisme. <i>In fine<\/i>, <b>les f\u00e9monationalistes soutiennent-elles les femmes iraniennes, ou plut\u00f4t la guerre imp\u00e9rialiste qui les tue ? <\/b><\/p>\n<h2 class=\"western\"><strong>N\u00e9m\u00e9sis et l\u2019Iran\u00a0: la \u00ab\u00a0solidarit\u00e9\u00a0\u00bb comme arme islamophobe<\/strong><\/h2>\n<p>Cette manipulation ne date pas d\u2019hier. En septembre 2022, <b><a target=\"_blank\" href=\"https:\/\/mrmondialisation.org\/le-peuple-diran-en-quete-dune-revolution-inachevee\/\" target=\"_blank\" rel=\"noopener\">la mort de Mahsa Amini sous les coups de la police des m\u0153urs iranienne<\/a> d\u00e9clenche un soul\u00e8vement historique. <em>\u00ab <\/em><\/b><em><b>Femme, Vie, Libert\u00e9<\/b><b> \u00bb<\/b> <\/em>: trois mots qui portent des d\u00e9cennies de r\u00e9sistance \u00e0 l\u2019oppression patriarcale institutionnalis\u00e9e \u2014 la police des m\u0153urs, l\u2019apartheid vestimentaire, l\u2019assassinat de militantes. Un mouvement autonome, iranien, populaire. Qui n\u2019a demand\u00e9 la tutelle de personne, et <b>surtout pas celle de l\u2019extr\u00eame droite fran\u00e7aise.<\/b><\/p>\n<figure id=\"attachment_1547167\" aria-describedby=\"caption-attachment-1547167\" style=\"width: 1024px\" class=\"wp-caption aligncenter\"><img fetchpriority=\"high\" decoding=\"async\" class=\"wp-image-1547167\" src=\"https:\/\/mrmondialisation.org\/wp-content\/uploads\/2026\/03\/615332729-10173583405730191-5699642570681383512-n.jpg\" alt=\"\" width=\"1024\" height=\"1410\" srcset=\"https:\/\/mrmondialisation.org\/wp-content\/uploads\/2026\/03\/615332729-10173583405730191-5699642570681383512-n.jpg 523w, https:\/\/mrmondialisation.org\/wp-content\/uploads\/2026\/03\/615332729-10173583405730191-5699642570681383512-n-305x420.jpg 305w\" sizes=\"(max-width: 1024px) 100vw, 1024px\"\/><figcaption id=\"caption-attachment-1547167\" class=\"wp-caption-text\">Via <a target=\"_blank\" href=\"https:\/\/www.facebook.com\/LesRepliquesOfficiel\">Les R\u00e9pliques<\/a><\/figcaption><\/figure>\n<p>Le collectif dirig\u00e9 par Alice Cordier n\u2019a pas tard\u00e9. Les militantes de N\u00e9m\u00e9sis se sont engouffr\u00e9es dans les cort\u00e8ges de solidarit\u00e9 \u2014 banderoles et cam\u00e9ras en main \u2014 non pour soutenir ce soul\u00e8vement, mais pour en faire un projectile orient\u00e9 dans une seule direction : les mosqu\u00e9es de France.<\/p>\n<p>La m\u00e9canique est simple et r\u00e9p\u00e9titive : <b>une femme opprim\u00e9e n\u2019int\u00e9resse N\u00e9m\u00e9sis que si son oppresseur est musulman<\/b>. La d\u00e9finition m\u00eame du f\u00e9monationalisme pouss\u00e9 \u00e0 son paroxysme. Parce que ce qui les int\u00e9resse ne sont pas rapports de domination et les violences syst\u00e9miques massivement dirig\u00e9es vers les femmes, mais l\u2019instrumentalisation raciste.<\/p>\n<h2 class=\"western\"><strong>Une id\u00e9ologie plus proche de celle des mollahs que du f\u00e9minisme\u00a0?<\/strong><\/h2>\n<p>Mais c\u2019est sur le terrain des droits reproductifs que le masque tombe compl\u00e8tement. <a target=\"_blank\" href=\"https:\/\/www.slate.fr\/story\/201738\/collectif-nemesis-feministes-identitaires-extreme-droite-conservatrices-methodes\" target=\"_blank\" rel=\"noopener\">En \u00e9tant hostile \u00e0 l\u2019avortement<\/a>, le collectif <b>N\u00e9m\u00e9sis remet en cause le <\/b><b>droit le plus fondamental qui soit : celui de disposer librement de son corps.<\/b> On ne peut pas se revendiquer du f\u00e9minisme d\u2019un c\u00f4t\u00e9, et nier de l\u2019autre le droit des femmes \u00e0 avorter. Pas de nuance ici, juste une contradiction insurmontable qui dit tout sur la nature r\u00e9elle du projet de N\u00e9m\u00e9sis. <a target=\"_blank\" href=\"https:\/\/www.slate.fr\/story\/201738\/collectif-nemesis-feministes-identitaires-extreme-droite-conservatrices-methodes\">Dans une interview, Alice Cordier d\u00e9clare, au nom du collectif N\u00e9m\u00e9sis<\/a> :<\/p>\n<blockquote>\n<p><strong>\u00ab On consid\u00e8re qu\u2019il y a \u00e9norm\u00e9ment sinon trop d\u2019avortements. \u00bb<\/strong><\/p>\n<\/blockquote>\n<p>Un paradoxe prend une dimension encore plus saisissante quand on regarde qui elles soutiennent. Donald Trump a m\u00e9thodiquement d\u00e9mantel\u00e9 le droit \u00e0 l\u2019avortement aux \u00c9tats-Unis, cible les personnes LGBT, s\u2019appuie sur une rh\u00e9torique religieuse chr\u00e9tienne autoritaire. <strong>Un autocrate qui pr\u00e9sente structurellement plus de points communs avec le r\u00e9gime des mollahs<\/strong> \u2014 anti-avortement, anti-LGBT, r\u00e9pression des opposants, autoritarisme religieux \u2014<strong> qu\u2019avec le mouvement \u00ab Femme, Vie, Libert\u00e9 \u00bb.<\/strong><\/p>\n<p>N\u00e9m\u00e9sis choisit pourtant son camp : une coh\u00e9rence id\u00e9ologique parfaitement assum\u00e9e. <strong>Ce qui les unit \u00e0 Trump et Netanyahou, ce n\u2019est pas l\u2019amour des femmes iraniennes. C\u2019est l\u2019islamophobie. <\/strong>Comme nous le dit si bien Florence Rochefort, chercheuse au CNRS, sp\u00e9cialiste de l\u2019histoire du f\u00e9minisme, ci-apr\u00e8s :<\/p>\n<blockquote>\n<p><strong>\u00ab Leur m\u00e9thode repose sur le principe de vider le discours de ses ennemis de son contenu en reprenant leurs termes et en y mettant sa propre id\u00e9ologie. \u00bb\u00a0<\/strong><\/p>\n<\/blockquote>\n<h2 class=\"western\"><strong>Silence sur la Palestine et soutien \u00e0 Isra\u00ebl : le r\u00e9v\u00e9lateur d\u00e9finitif<\/strong><\/h2>\n<p>Depuis octobre 2023, des organisations de d\u00e9fense des droits humains documentent \u00e0 Gaza des viols, des f\u00e9minicides, des massacres de femmes et d\u2019enfants. <a target=\"_blank\" href=\"https:\/\/news.un.org\/fr\/story\/2025\/09\/1157475\" target=\"_blank\" rel=\"noopener\"><b>La commission d\u2019enqu\u00eate mandat\u00e9e par l\u2019ONU a conclu \u00e0 un g\u00e9nocide<\/b><\/a>. <b>Des violences sexuelles massives <\/b><b>et syst\u00e9matiques <\/b><b>sont commises par des soldats isra\u00e9liens. <\/b>N\u00e9m\u00e9sis : silence total. Pas une publication, pas un communiqu\u00e9, pas une banderole. Mais un soutien ind\u00e9fectible toutefois aux bombardements isra\u00e9liens sur l\u2019Iran.<\/p>\n<div class=\"td-a-rec td-a-rec-id-content_inline  tdi_1 td_block_template_1\">\n<center><a target=\"_blank\" href=\"https:\/\/fr.tipeee.com\/mr-mondialisation\" class=\"tipeee-project-small\">Je m&rsquo;abonne \u00e0 Mr Mondialisation<\/a>&#13;<br \/>\n<\/center>&amp;nbsp<\/div>\n<p>Ainsi, si l\u2019on suit la logique de <b>N\u00e9m\u00e9sis, une femme n\u2019est opprim\u00e9e que si son oppresseur est musulman<\/b>. Quand l\u2019oppresseur est occidental, soutenu par les puissances imp\u00e9riales, financ\u00e9 par les \u00c9tats-Unis \u2014 les femmes disparaissent dans un silence assourdissant. Elles ne sont plus des victimes mais des dommages collat\u00e9raux acceptables dans une id\u00e9ologie qui repose sur<b> la hi\u00e9rarchie des vies et la d\u00e9shumanisation de celles que l\u2019on consid\u00e8re \u00ab\u00a0inf\u00e9rieures\u00a0\u00bb. <\/b><\/p>\n<h2 class=\"western\"><strong>Le f\u00e9monationalisme : quand l\u2019extr\u00eame droite vole le langage f\u00e9ministe<\/strong><\/h2>\n<p>Pour comprendre N\u00e9m\u00e9sis, il faut d\u2019abord nommer ce qu\u2019est ce collectif. <a target=\"_blank\" href=\"https:\/\/shs.cairn.info\/revue-travail-genre-et-societes-2024-1-page-187?lang=fr&amp;tab=texte-integral\" target=\"_blank\" rel=\"noopener\">La sociologue Sara R. Farris a th\u00e9oris\u00e9 en 2017 le concept de f\u00e9monationalisme<\/a> : <b>l\u2019instrumentalisation de la rh\u00e9torique des droits des femmes par des partis nationalistes \u00e0 des fins islamophobes et anti-immigration.<\/b> La strat\u00e9gie consiste \u00e0 d\u00e9signer les hommes musulmans et immigr\u00e9s comme les seuls oppresseurs ; se poser en sauveurs des femmes \u2014 blanches de pr\u00e9f\u00e9rence, bien \u00e9videmment \u2014 et <b>faire passer un discours raciste pour un discours \u00e9mancipateur.<\/b><\/p>\n<p>Ceci s\u2019inscrit dans la logique port\u00e9e par Marine Le Pen et le Rassemblement national :<b> l\u2019extr\u00eame droite s\u2019appliqu<\/b><b>e \u00e0 se pr\u00e9senter comme un rempart pour les femmes \u2014 \u00e0 condition que la menace vienne exclusivement de l\u2019islam et de l\u2019immigration<\/b>. N\u00e9m\u00e9sis en est l\u2019incarnation radicale et de terrain.<\/p>\n<p><iframe loading=\"lazy\" title=\"N\u00e9m\u00e9sis, le collectif qui veut faire croire qu\u2019on peut \u00eatre d\u2019extr\u00eame droite et f\u00e9ministe\" width=\"1110\" height=\"624\" src=\"https:\/\/www.youtube.com\/embed\/M0_aHhfy9JA?feature=oembed\" frameborder=\"0\" allow=\"accelerometer; autoplay; clipboard-write; encrypted-media; gyroscope; picture-in-picture; web-share\" referrerpolicy=\"strict-origin-when-cross-origin\" allowfullscreen><\/iframe><\/p>\n<p>Au fond, cette strat\u00e9gie met en lumi\u00e8re une posture patriarcale tr\u00e8s ancienne : <b>justifier la haine de l\u2019\u00e9tranger en se posant en protecteur des femmes, tout en exigeant en retour leur docilit\u00e9 et leur conformit\u00e9 \u00e0 un ordre national<\/b>. Les femmes ne sont pas des sujets politiques dans cette vision. Elles sont des symboles, des munitions, des pr\u00e9textes.<\/p>\n<p><a target=\"_blank\" href=\"https:\/\/voidnetwork.gr\/wp-content\/uploads\/2016\/09\/Can-the-subaltern-speak-by-Gayatri-Spivak.pdf\" target=\"_blank\" rel=\"noopener\">L\u2019extr\u00eame droite a une longue tradition de ce type de r\u00e9cup\u00e9ration<\/a> : pendant les guerres coloniales en Alg\u00e9rie ou en Indochine,<b> les femmes \u00ab indig\u00e8nes \u00bb \u00e9taient d\u00e9j\u00e0 brandies comme argument pour justifier la domination<\/b>. Aujourd\u2019hui, ce sont les femmes iraniennes, afghanes ou maghr\u00e9bines qui jouent ce r\u00f4le. La g\u00e9ographie change, le m\u00e9canisme reste identique et peut \u00eatre r\u00e9sum\u00e9 par la formule issue d\u2019un des textes les plus connus des \u00e9tudes postcoloniales, paru en 1985\u00a0: <em><strong>\u00ab\u00a0Les subalternes peuvent-elles parler ?\u00a0\u00bb<\/strong><\/em> de la philosophe indienne f\u00e9ministe Gayatri Spivak \u00a0:<\/p>\n<blockquote>\n<p><strong>\u00ab Les hommes blancs sauvent les femmes brunes des hommes bruns. \u00bb<\/strong><\/p>\n<\/blockquote>\n<h2 class=\"western\"><strong>Origines et r\u00e9seaux : une immersion dans la fachosph\u00e8re<\/strong><\/h2>\n<p>N\u00e9m\u00e9sis na\u00eet en octobre 2019. Sa fondatrice, Alice Cordier (un pseudonyme), s\u2019est form\u00e9e au sein de l\u2019Action fran\u00e7aise, organisation royaliste et ultranationaliste. <a target=\"_blank\" href=\"https:\/\/basta.media\/femonationalisme-nemesis-est-un-exemple-de-feminisme-nationaliste-extreme\" target=\"_blank\" rel=\"noopener\">Proche de groupes n\u00e9ofascistes violents<\/a> comme la Cocarde, G\u00e9n\u00e9ration identitaire ou le GUD, N\u00e9m\u00e9sis a \u00e9galement une section suisse encore plus explicite : plusieurs de ses <a target=\"_blank\" href=\"https:\/\/web.archive.org\/web\/20220117093738\/https:\/\/www.femina.ch\/societe\/actu-societe\/rencontre-avec-le-collectif-nemesis\" target=\"_blank\" rel=\"noopener\">fondatrices sont li\u00e9es au groupe Militants Suisses<\/a>, un groupuscule n\u00e9onazi. En France, des militantes de N\u00e9m\u00e9sis ont travaill\u00e9 comme <a target=\"_blank\" href=\"https:\/\/cartofaf.streetpress.com\/liste\/nemesis\/\" target=\"_blank\" rel=\"noopener\"><b>assistantes parlementaires du Rassemblement national <\/b><b>ou ont \u00e9t\u00e9 candidates au scrutin<\/b><\/a><strong>.<\/strong><\/p>\n<p>N\u2019oublions pas non plus <a target=\"_blank\" href=\"https:\/\/www.humanite.fr\/politique\/antifa\/dans-les-conversations-secretes-entre-nemesis-et-des-neonazis-pour-agresser-des-militants-de-gauche-a-lyon\" target=\"_blank\" rel=\"noopener\">les r\u00e9v\u00e9lations gla\u00e7antes de<i> <\/i><i>l\u2019Humanit\u00e9<\/i> en f\u00e9vrier 2026<\/a>, d\u2019\u00e9changes montrant que <b>des militantes de N\u00e9m\u00e9sis coordonnent des actions avec des groupuscules n\u00e9onazis lyonnais pour tendre des guet-apens aux antifascistes<\/b>, utilisant leurs propres membres comme \u00ab app\u00e2t \u00bb pour attirer les adversaires dans des traquenards.<\/p>\n<p><iframe loading=\"lazy\" title=\"Info l&#039;Huma : N\u00e9m\u00e9sis s&#039;organise avec des n\u00e9onazis pour agresser des militants de gauche\" width=\"1110\" height=\"624\" src=\"https:\/\/www.youtube.com\/embed\/0KJR9XB_JQA?feature=oembed\" frameborder=\"0\" allow=\"accelerometer; autoplay; clipboard-write; encrypted-media; gyroscope; picture-in-picture; web-share\" referrerpolicy=\"strict-origin-when-cross-origin\" allowfullscreen><\/iframe><\/p>\n<p>Et c\u2019est <a target=\"_blank\" href=\"https:\/\/www.politis.fr\/articles\/2026\/02\/tribune-nemesis-la-dissolution-necessaire-que-personne-ne-mentionne\/\" target=\"_blank\" rel=\"noopener\">une strat\u00e9gie r\u00e9currente pour N\u00e9m\u00e9sis\u00a0: s\u2019infiltrer dans des \u00e9v\u00e9nements de gauche<\/a> avec un service d\u2019ordre informel et des journalistes d\u2019extr\u00eame droite, <b>provoquer des r\u00e9actions, filmer, puis aller sur les plateaux du groupe Bollor\u00e9 se pr\u00e9senter en victimes<\/b>. Selon l\u2019analyse du chercheur Tristan Boursier (CEVIPOF) pour l\u2019AFP\u00a0:<\/p>\n<blockquote>\n<p><strong>\u00ab C\u2019est de l\u2019agitation-propagande : l\u2019objectif est de faire beaucoup de bruit avec peu de moyens \u00bb<\/strong><\/p>\n<\/blockquote>\n<p>Depuis sa cr\u00e9ation, <a target=\"_blank\" href=\"https:\/\/www.lefigaro.fr\/actualite-france\/lille-martine-aubry-porte-plainte-contre-le-collectif-nemesis-pour-incitation-a-la-haine-raciale-20230906\" target=\"_blank\" rel=\"noopener\">N\u00e9m\u00e9sis accumule les proc\u00e9dures judiciaires<\/a>, notamment en 2023 pour <strong><em>\u00ab\u00a0incitation \u00e0 la haine raciale\u00a0\u00bb, \u00ab\u00a0atteinte \u00e0 l\u2019image\u00a0\u00bb <\/em><\/strong>et<strong><em> \u00ab\u00a0mise en danger de la vie d\u2019autrui\u00a0\u00bb<\/em>,<\/strong> et en 2024 pour <strong><em>\u00ab\u00a0incitation \u00e0 la haine ou \u00e0 la violence en raison de l\u2019origine\u00a0\u00bb.<\/em><\/strong> Sans oublier le <a target=\"_blank\" href=\"https:\/\/www.humanite.fr\/politique\/nemesis\/nemesis-le-collectif-dextreme-droite-qui-provoque-le-cyber-harcelement-de-militantes-feministes-et-delues-de-gauche\" target=\"_blank\" rel=\"noopener\"><b>cyberharc\u00e8lement <\/b><\/a><b>organis\u00e9 par N\u00e9m\u00e9sis, <\/b>provoquant des <strong>vagues de haine<\/strong> contre des militantes f\u00e9ministes et des \u00e9lues de gauche.<\/p>\n<h2 class=\"western\"><strong>Un f\u00e9minisme tronqu\u00e9 : tout sauf le patriarcat<\/strong><\/h2>\n<p>Pour mesurer l\u2019imposture du f\u00e9minisme de N\u00e9m\u00e9sis, il suffit d\u2019examiner ce dont il ne parle jamais. <b>Le collectif ne se prononce pas sur l\u2019\u00e9galit\u00e9 salariale<\/b> <strong>\u2014<\/strong> <strong>les femmes gagnent encore en France en moyenne 24 % de moins que les hommes.<\/strong> Pas un mot sur la r\u00e9partition des t\u00e2ches domestiques, le harc\u00e8lement au travail, le cong\u00e9 parental.<\/p>\n<p><iframe loading=\"lazy\" title=\"Les femmes bossent plus que les hommes (et gratos)\" width=\"1110\" height=\"624\" src=\"https:\/\/www.youtube.com\/embed\/Bkj8xzSmwOk?feature=oembed\" frameborder=\"0\" allow=\"accelerometer; autoplay; clipboard-write; encrypted-media; gyroscope; picture-in-picture; web-share\" referrerpolicy=\"strict-origin-when-cross-origin\" allowfullscreen><\/iframe><\/p>\n<p>Plus r\u00e9v\u00e9lateur encore : <a target=\"_blank\" href=\"https:\/\/www.slate.fr\/story\/201738\/collectif-nemesis-feministes-identitaires-extreme-droite-conservatrices-methodes\" target=\"_blank\" rel=\"noopener\"><b>le collectif estime que l\u2019\u00e9galit\u00e9 des sexes <\/b><b>n\u2019est plus \u00e0 l\u2019ordre du jour<\/b><\/a><b>,<\/b> effa\u00e7ant d\u2019un trait les donn\u00e9es gla\u00e7antes des violences faites aux femmes. Chaque ann\u00e9e, plus de cent femmes sont tu\u00e9es par leur compagnon ou ex-compagnon. <strong><a target=\"_blank\" href=\"https:\/\/arretonslesviolences.gouv.fr\/sites\/default\/files\/2025-11\/Lettre-violences-sexistes-et-sexuelles-novembre-2025.pdf\" target=\"_blank\" rel=\"noopener\">En 2024, 1 283 tentatives de f\u00e9minicides<\/a> ont \u00e9galement \u00e9t\u00e9 recens\u00e9es.<\/strong> L\u2019ann\u00e9e pr\u00e9c\u00e9dente, 376 000 femmes ont d\u00e9clar\u00e9 avoir subi des violences conjugales, dont 228 000 ont \u00e9t\u00e9 enregistr\u00e9es par la police ou la gendarmerie.<\/p>\n<p>En 2017, <b>parmi les <\/b><b><a target=\"_blank\" href=\"https:\/\/www.assemblee-nationale.fr\/dyn\/15\/rapports\/ega\/l15b0721_rapport-information#P122_5245\" target=\"_blank\" rel=\"noopener\">108\u00a0000 victimes de viol ou de tentative de viol d\u00e9clar\u00e9es<\/a>, 91\u00a0% connaissaient l\u2019agresseur et 45\u00a0% des agresseurs \u00e9taient le conjoint ou ex-conjoint<\/b>. On est donc tr\u00e8s loin du mythe de l\u2019\u00e9tranger psychopathe crois\u00e9 dans une ruelle sombre. \u00c0 ce sujet, <em>Mr Mondialisation<\/em> publiait <a target=\"_blank\" href=\"https:\/\/mrmondialisation.org\/viol-hommes-monstres-ordinaires\/\" target=\"_blank\" rel=\"noopener\">ce dossier <em>\u00ab Les violeurs, ces hommes ordinaires \u00bb.<\/em><\/a><\/p>\n<p>Et ce n\u2019est pas sans rappeler que <a target=\"_blank\" href=\"https:\/\/solidarites.gouv.fr\/plan-de-lutte-contre-les-violences-faites-aux-enfants-2023-2027\" target=\"_blank\" rel=\"noopener\"><b>77\u00a0% les violences sexuelles dont sont victimes les enfants ont lieu dans le cadre familial<\/b><\/a>. Des chiffres qui font froid dans le dos\u2026 Et qui sont d\u00e9lib\u00e9r\u00e9ment invisibilis\u00e9s par l\u2019extr\u00eame droite qui <strong>instrumentalise des cas marginaux pour justifier son islamophobie.<\/strong><\/p>\n<blockquote class=\"instagram-media\" style=\"background: #FFF; border: 0; border-radius: 3px; box-shadow: 0 0 1px 0 rgba(0,0,0,0.5),0 1px 10px 0 rgba(0,0,0,0.15); margin: 1px; max-width: 540px; min-width: 326px; padding: 0; width: calc(100% - 2px);\" data-instgrm-captioned=\"\" data-instgrm-permalink=\"https:\/\/www.instagram.com\/reel\/DVeMyNxko8x\/?utm_source=ig_embed&amp;utm_campaign=loading\" data-instgrm-version=\"14\">\n<\/blockquote>\n<h2 class=\"western\"><strong>La normalisation institutionnelle<\/strong><\/h2>\n<p>En janvier 2025, <strong><a target=\"_blank\" href=\"https:\/\/www.liberation.fr\/politique\/immense-fierte-bruno-retailleau-adoube-le-collectif-dextreme-droite-nemesis-dont-il-partage-le-combat-20250123_64EU4Y3U4JAKHNETPMLEUAN24Y\/\" target=\"_blank\" rel=\"noopener\">le ministre de l\u2019Int\u00e9rieur Bruno Retailleau f\u00e9licite N\u00e9m\u00e9sis<\/a> pour son <em>\u00ab\u00a0combat\u00a0\u00bb<\/em> dont il se d\u00e9clare <em>\u00ab\u00a0tr\u00e8s proche\u00a0\u00bb<\/em>.<\/strong> M\u00eame s\u2019il est revenu plus tard sur ses propos, le mal est fait.<\/p>\n<p>Alice Cordier multiplie les passages sur CNews, Europe 1 et TPMP \u2014 m\u00e9dias du groupe Bollor\u00e9 \u2014 sans que son appartenance \u00e0 l\u2019extr\u00eame droite identitaire soit syst\u00e9matiquement pr\u00e9cis\u00e9e par les pr\u00e9sentateurs. Cette fen\u00eatre m\u00e9diatique est le c\u0153ur de sa strat\u00e9gie : chaque action en rue est con\u00e7ue pour <b>g\u00e9n\u00e9rer des images et des r\u00e9actions, alimenter un cycle m\u00e9diatique, et continuer \u00e0 banaliser l\u2019id\u00e9ologie identitaire dans le paysage public fran\u00e7ais<\/b>. La normalisation de N\u00e9m\u00e9sis n\u2019est en fin de compte que le produit d\u2019une extr\u00eame droite qui a r\u00e9ussi \u00e0 coloniser le d\u00e9bat public en volant le vocabulaire de ses adversaires.<\/p>\n<p><iframe loading=\"lazy\" title=\"Bruno Retailleau : ses liens avec un collectif fasciste ? - Cl\u00e9ment Viktorovitch\" width=\"1110\" height=\"624\" src=\"https:\/\/www.youtube.com\/embed\/CMhi5hLvZLE?feature=oembed\" frameborder=\"0\" allow=\"accelerometer; autoplay; clipboard-write; encrypted-media; gyroscope; picture-in-picture; web-share\" referrerpolicy=\"strict-origin-when-cross-origin\" allowfullscreen><\/iframe><\/p>\n<h2 class=\"western\"><strong>Quand le mot \u00ab f\u00e9minazies \u00bb prend tout son sens<\/strong><\/h2>\n<p>N\u00e9m\u00e9sis n\u2019est pas un collectif f\u00e9ministe d\u00e9voy\u00e9. C\u2019est <b>un collectif d\u2019extr\u00eame droite identitaire et raciste qui utilise le mot \u00ab f\u00e9minisme \u00bb comme un costume<\/b>, un laisser-passer rh\u00e9torique pour faire circuler une haine des \u00e9trangers, des musulmans, des personnes trans, dans des espaces qui lui seraient autrement ferm\u00e9s.<\/p>\n<p>La r\u00e9ponse \u00e0 cette imposture n\u2019est \u00e9videmment pas de se taire sur les violences r\u00e9elles subies par les femmes en Iran, en France ou ailleurs. Elle doit \u00eatre de refuser que ces luttes soient confisqu\u00e9es par ceux et celles qui les instrumentalisent. <b>Les femmes iraniennes m\u00e9ritent une solidarit\u00e9 qui respecte leur parole propre, leur complexit\u00e9 et leurs revendications r\u00e9elles<\/b> \u2014 pas une r\u00e9cup\u00e9ration par des groupes qui, en France m\u00eame, s\u2019opposent aux droits fondamentaux des femmes et marchent main dans la main avec des n\u00e9onazis.<\/p>\n<p align=\"right\">\u2013 <i><b>Elena Meilune<\/b><\/i><\/p>\n<hr\/>\n<p style=\"text-align: left;\" align=\"right\">Photo de couverture : Alice Cordier \/ Capture d\u2019\u00e9cran d\u2019une \u00e9mission de BFMTV (17\/02)<\/p>\n<div class=\"td-a-rec td-a-rec-id-content_bottom  tdi_2 td_block_template_1\">\n<span class=\"td-adspot-title\">&#8211; Cet article gratuit, ind\u00e9pendant et sans IA existe gr\u00e2ce aux abonn\u00e9s &#8211;<\/span><\/p>\n<div class=\"td-all-devices\">\n    <a target=\"_blank\" href=\"https:\/\/mrmondialisation.org\/donation\/\" title=\"Faire_un_don\"><img decoding=\"async\" class=\"donationArticle\" src=\"https:\/\/mrmondialisation.org\/wp-content\/uploads\/2022\/12\/220405-flikalicious-final.jpg\" alt=\"Donation\"\/><\/a>\n<\/div>\n<\/div><\/div>\n<p><script async defer src=\"https:\/\/platform.instagram.com\/en_US\/embeds.js\"><\/script><br \/>\n<br \/><br \/>\n<br \/><a href=\"https:\/\/mrmondialisation.org\/nemesis-instrumentalisation-femmes-iraniennes\/\" target=\"_blank\"\">Source link <\/a><\/p>\n","protected":false},"excerpt":{"rendered":"<p>N\u00e9 en 2019 dans les cercles identitaires et n\u00e9ofascistes, le collectif N\u00e9m\u00e9sis a r\u00e9ussi un tour de force m\u00e9diatique : se faire passer pour un mouvement f\u00e9ministe. Derri\u00e8re les banderoles&hellip; <\/p>\n","protected":false},"author":1,"featured_media":25184,"comment_status":"open","ping_status":"open","sticky":false,"template":"","format":"standard","meta":{"footnotes":""},"categories":[1],"tags":[],"class_list":["post-25183","post","type-post","status-publish","format-standard","has-post-thumbnail","hentry","category-non-classe"],"_links":{"self":[{"href":"https:\/\/monde25.info\/index.php\/wp-json\/wp\/v2\/posts\/25183","targetHints":{"allow":["GET"]}}],"collection":[{"href":"https:\/\/monde25.info\/index.php\/wp-json\/wp\/v2\/posts"}],"about":[{"href":"https:\/\/monde25.info\/index.php\/wp-json\/wp\/v2\/types\/post"}],"author":[{"embeddable":true,"href":"https:\/\/monde25.info\/index.php\/wp-json\/wp\/v2\/users\/1"}],"replies":[{"embeddable":true,"href":"https:\/\/monde25.info\/index.php\/wp-json\/wp\/v2\/comments?post=25183"}],"version-history":[{"count":0,"href":"https:\/\/monde25.info\/index.php\/wp-json\/wp\/v2\/posts\/25183\/revisions"}],"wp:featuredmedia":[{"embeddable":true,"href":"https:\/\/monde25.info\/index.php\/wp-json\/wp\/v2\/media\/25184"}],"wp:attachment":[{"href":"https:\/\/monde25.info\/index.php\/wp-json\/wp\/v2\/media?parent=25183"}],"wp:term":[{"taxonomy":"category","embeddable":true,"href":"https:\/\/monde25.info\/index.php\/wp-json\/wp\/v2\/categories?post=25183"},{"taxonomy":"post_tag","embeddable":true,"href":"https:\/\/monde25.info\/index.php\/wp-json\/wp\/v2\/tags?post=25183"}],"curies":[{"name":"wp","href":"https:\/\/api.w.org\/{rel}","templated":true}]}}