{"id":25185,"date":"2026-03-13T07:09:59","date_gmt":"2026-03-13T06:09:59","guid":{"rendered":"https:\/\/monde25.info\/index.php\/2026\/03\/13\/municipales-a-haguenau-avec-deux-plaintes-contre-lui-le-maire-sortant-claude-sturni-peut-il-encore-eviter-le-debat-sur-son-bilan\/"},"modified":"2026-03-13T07:09:59","modified_gmt":"2026-03-13T06:09:59","slug":"municipales-a-haguenau-avec-deux-plaintes-contre-lui-le-maire-sortant-claude-sturni-peut-il-encore-eviter-le-debat-sur-son-bilan","status":"publish","type":"post","link":"https:\/\/monde25.info\/index.php\/2026\/03\/13\/municipales-a-haguenau-avec-deux-plaintes-contre-lui-le-maire-sortant-claude-sturni-peut-il-encore-eviter-le-debat-sur-son-bilan\/","title":{"rendered":"Municipales : \u00e0 Haguenau avec deux plaintes contre lui, le maire sortant Claude Sturni, peut-il encore \u00e9viter le d\u00e9bat sur son bilan\u00a0?"},"content":{"rendered":"<p> <br \/>\n<\/p>\n<div>\n<p>\u00c0 trois jours du premier tour des municipales, un debriefing vid\u00e9o fait monter la pression \u00e0 Haguenau. Steve Wagner, chef d\u2019entreprise local, y confirme avoir d\u00e9pos\u00e9 deux plaintes contre le maire sortant, Claude Sturni, candidat \u00e0 sa r\u00e9\u00e9lection. \u00ab\u00a0<em>Ces plaintes, \u00e7a fait quelques ann\u00e9es qu\u2019elles sont en pr\u00e9paration. Il fallait juste trouver le bon moment<\/em>\u00a0\u00bb, explique-t-il.<\/p>\n<p><iframe loading=\"lazy\" title=\"Steve Wagner d\u00e9pose deux plaintes contre le Maire d&#039;Haguenau\" width=\"1110\" height=\"624\" src=\"https:\/\/www.youtube.com\/embed\/t2ttAAYHxbI?feature=oembed\" frameborder=\"0\" allow=\"accelerometer; autoplay; clipboard-write; encrypted-media; gyroscope; picture-in-picture; web-share\" referrerpolicy=\"strict-origin-when-cross-origin\" allowfullscreen><\/iframe><\/p>\n<p>La premi\u00e8re plainte vise <strong>le non-signalement au procureur de faits<\/strong> que Wagner estime graves, au titre de l\u2019article 40 du Code de proc\u00e9dure p\u00e9nale. L\u2019entrepreneur affirme <strong>avoir alert\u00e9 la mairie<\/strong>, d\u00e8s 2021 puis par recommand\u00e9 en 2023, <strong>au sujet des effets ind\u00e9sirables des vaccins contre la covid-19<\/strong>, en lien avec l\u2019activit\u00e9 du vaccinodrome local. \u00ab\u00a0<em>Le maire, officier de police judiciaire, devait alerter le procureur. Il ne l\u2019a pas fait<\/em>\u00a0\u00bb, soutient-il. Selon lui, ses courriers comportaient des r\u00e9f\u00e9rences \u00e0 des donn\u00e9es de l\u2019ANSM, d\u2019EudraVigilance, ainsi qu\u2019\u00e0 des documents li\u00e9s aux essais cliniques. \u00ab\u00a0<em>Je pense qu\u2019il ne les a jamais lus<\/em>\u00a0\u00bb, ajoute-t-il.<\/p>\n<p>La seconde plainte porte sur une \u00ab\u00a0<em>discrimination<\/em>\u00a0\u00bb pr\u00e9sum\u00e9e dans la location d\u2019une salle municipale pour son salon professionnel. Organisateur dans ce lieu de 2008 \u00e0 2020, Wagner dit s\u2019\u00eatre vu refuser l\u2019acc\u00e8s \u00e0 partir de 2023. \u00ab\u00a0<em>On m\u2019a \u00e9crit qu\u2019un appel d\u2019offres pourrait \u00eatre lanc\u00e9 et que je pourrais candidater. En clair: votre salon, oui, mais vous, non<\/em>\u00a0\u00bb, affirme-t-il, \u00e9voquant un impact \u00e9conomique \u00ab\u00a0<em>majeur<\/em>\u00a0\u00bb et \u00ab\u00a0<em>une chute de 80% du chiffre d\u2019affaires<\/em> \u00bb.<\/p>\n<p>Au-del\u00e0 du juridique, l\u2019entrepreneur d\u00e9nonce une attitude de fermeture: \u00ab\u00a0<em>J\u2019ai propos\u00e9 un moratoire, demand\u00e9 un rendez-vous. On m\u2019a dit: circulez, il n\u2019y a rien \u00e0 voir. Le maire a refus\u00e9 cat\u00e9goriquement tout contact<\/em>.\u00a0\u00bb Il reproche \u00e0 Claude Sturni d\u2019avoir \u00ab\u00a0<em>appliqu\u00e9 les directives sans d\u00e9bat<\/em>\u00a0\u00bb, citant notamment la mise en place anticip\u00e9e du pass \u00e0 l\u2019h\u00f4pital, \u00ab\u00a0<em>retir\u00e9 puis r\u00e9tabli<\/em>\u00a0\u00bb.<\/p>\n<p>Interrog\u00e9 sur la base scientifique de ses critiques, Wagner revendique des \u00ab\u00a0<em>\u00e9l\u00e9ments factuels<\/em>\u00a0\u00bb transmis au maire, tout en assumant un d\u00e9saccord frontal avec la gestion de la crise sanitaire: \u00ab\u00a0<em>Je n\u2019ai aucune \u00e9tude qui prouve l\u2019efficacit\u00e9 des vaccins. Par contre des \u00e9tudes sur les risques, il y en a \u00e9norm\u00e9ment<\/em>.\u00a0\u00bb Ces assertions font l\u2019objet de controverses dans la communaut\u00e9 scientifique; le maire a publiquement mis en avant sa \u00ab\u00a0<em>r\u00e9activit\u00e9<\/em>\u00a0\u00bb durant la crise. Ce que Wagner interpr\u00e8te comme un suivisme des instructions venant d\u2019en haut.<\/p>\n<p>\u00c0 l\u2019adresse de Claude Sturni, Wagner pose une question simple: \u00ab\u00a0<em>Pourquoi a-t-il refus\u00e9 de me recevoir ?<\/em>\u00a0\u00bb Contact\u00e9 par France-Soir, le maire n&rsquo;\u00e9tait disponible pour r\u00e9pondre. \u00ab\u00a0<em>Rien n\u2019arr\u00eate ce qui arrive<\/em>\u00a0\u00bb, conclut l\u2019entrepreneur, convaincu que ses d\u00e9marches auront des suites.<\/p>\n<\/div>\n<p><script>(function(d, s, id) {  var js, fjs = d.getElementsByTagName(s)[0];  if (d.getElementById(id)) return;  js = d.createElement(s); js.id = id;  js.src = \"\/\/connect.facebook.net\/fr_FR\/sdk.js#xfbml=1&version=v2.3\";  fjs.parentNode.insertBefore(js, fjs);}(document, \"script\", \"facebook-jssdk\"));<\/script><br \/>\n<br \/><br \/>\n<br \/><a href=\"https:\/\/www.francesoir.fr\/videos-les-debriefings\/municipales-haguenau-avec-deux-plaintes-contre-lui-le-maire-sortant-claude\" target=\"_blank\"\">Source link <\/a><\/p>\n","protected":false},"excerpt":{"rendered":"<p>\u00c0 trois jours du premier tour des municipales, un debriefing vid\u00e9o fait monter la pression \u00e0 Haguenau. Steve Wagner, chef d\u2019entreprise local, y confirme avoir d\u00e9pos\u00e9 deux plaintes contre le&hellip; <\/p>\n","protected":false},"author":1,"featured_media":25186,"comment_status":"open","ping_status":"open","sticky":false,"template":"","format":"standard","meta":{"footnotes":""},"categories":[1],"tags":[],"class_list":["post-25185","post","type-post","status-publish","format-standard","has-post-thumbnail","hentry","category-non-classe"],"_links":{"self":[{"href":"https:\/\/monde25.info\/index.php\/wp-json\/wp\/v2\/posts\/25185","targetHints":{"allow":["GET"]}}],"collection":[{"href":"https:\/\/monde25.info\/index.php\/wp-json\/wp\/v2\/posts"}],"about":[{"href":"https:\/\/monde25.info\/index.php\/wp-json\/wp\/v2\/types\/post"}],"author":[{"embeddable":true,"href":"https:\/\/monde25.info\/index.php\/wp-json\/wp\/v2\/users\/1"}],"replies":[{"embeddable":true,"href":"https:\/\/monde25.info\/index.php\/wp-json\/wp\/v2\/comments?post=25185"}],"version-history":[{"count":0,"href":"https:\/\/monde25.info\/index.php\/wp-json\/wp\/v2\/posts\/25185\/revisions"}],"wp:featuredmedia":[{"embeddable":true,"href":"https:\/\/monde25.info\/index.php\/wp-json\/wp\/v2\/media\/25186"}],"wp:attachment":[{"href":"https:\/\/monde25.info\/index.php\/wp-json\/wp\/v2\/media?parent=25185"}],"wp:term":[{"taxonomy":"category","embeddable":true,"href":"https:\/\/monde25.info\/index.php\/wp-json\/wp\/v2\/categories?post=25185"},{"taxonomy":"post_tag","embeddable":true,"href":"https:\/\/monde25.info\/index.php\/wp-json\/wp\/v2\/tags?post=25185"}],"curies":[{"name":"wp","href":"https:\/\/api.w.org\/{rel}","templated":true}]}}